{"id":15789,"date":"2024-05-09T21:53:42","date_gmt":"2024-05-09T20:53:42","guid":{"rendered":"http:\/\/culturaliagz.com\/?p=15789"},"modified":"2024-05-09T21:54:28","modified_gmt":"2024-05-09T20:54:28","slug":"a-aelg-nomea-a-joseba-sarrionandia-como-escritor-galego-universal-2024","status":"publish","type":"post","link":"http:\/\/culturaliagz.com\/?p=15789","title":{"rendered":"A AELG nomea a Joseba Sarrionandia como Escritor Galego Universal 2024"},"content":{"rendered":"\n<p><\/p>\n\n\n<div class=\"wp-block-image\">\n<figure class=\"aligncenter size-large\"><a href=\"http:\/\/culturaliagz.com\/wp-content\/uploads\/2024\/05\/IMG_2234.png\" target=\"_blank\" rel=\"noreferrer noopener\"><img loading=\"lazy\" decoding=\"async\" width=\"1024\" height=\"512\" src=\"http:\/\/culturaliagz.com\/wp-content\/uploads\/2024\/05\/IMG_2234-1024x512.png\" alt=\"\" class=\"wp-image-15790\" srcset=\"http:\/\/culturaliagz.com\/wp-content\/uploads\/2024\/05\/IMG_2234-980x490.png 980w, http:\/\/culturaliagz.com\/wp-content\/uploads\/2024\/05\/IMG_2234-480x240.png 480w\" sizes=\"auto, (min-width: 0px) and (max-width: 480px) 480px, (min-width: 481px) and (max-width: 980px) 980px, (min-width: 981px) 1024px, 100vw\" \/><\/a><\/figure>\n<\/div>\n\n\n<p><\/p>\n\n\n\n<p><\/p>\n\n\n\n<p><\/p>\n\n\n\n<p class=\"has-text-align-justify\">A <a href=\"https:\/\/www.aelg.gal\/\" target=\"_blank\" rel=\"noreferrer noopener\">Asociaci\u00f3n de Escritoras e Escritores en Lingua Galega<\/a> aprobou\u00a0<strong>o nomeamento de\u00a0<a href=\"https:\/\/gl.wikipedia.org\/wiki\/Joseba_Sarrionandia\" target=\"_blank\" rel=\"noreferrer noopener\">Joseba Sarrionandia<\/a>, escritor e tradutor vasco, como\u00a0<a href=\"https:\/\/www.aelg.gal\/actividades\/escritora-galegoa-universal\/2024\/1\/1\/escritor-galego-universal-2024-joseba-sarrionandia\" target=\"_blank\" rel=\"noreferrer noopener\">Escritor Galego\u00a0Universal en 2024<\/a><\/strong>, desde o profundo respecto e afecto \u00e1 s\u00faa persoa e a valoraci\u00f3n da alt\u00edsima calidade da s\u00faa obra, as\u00ed como por defender a lingua, a cultura e a dignidade nacional de Euskadi.<\/p>\n\n\n\n<p class=\"has-text-align-justify\">O autor recoller\u00e1 o seu Premio honor\u00edfico como Escritor Galego Universal, no marco da&nbsp;<a href=\"https:\/\/www.aelg.gal\/actividades\/gala-do-libro-galego-0\/2024\/5\/11\/gala-dos-premios-follas-novas-do-libro-galego-2024\" target=\"_blank\" rel=\"noreferrer noopener\">Gala dos Premios Follas Novas do Libro Galego 2024<\/a>, que ter\u00e1 lugar o&nbsp;11 de maio,&nbsp;no Teatro Principal de Santiago de Compostela.<\/p>\n\n\n\n<p class=\"has-text-align-justify\">Previamente, o venres,&nbsp;sexta feira, 10 de maio, a partir das&nbsp;19:30&nbsp;horas, na Librar\u00eda Couceiro de Santiago de Compostela (Praza de Cervantes, 6), ter\u00e1 lugar un coloquio coa presenza de Joseba Sarrionandia, acompa\u00f1ado&nbsp;por&nbsp;<a href=\"https:\/\/www.aelg.gal\/centro-documentacion\/autores-as\/cesareo-sanchez\" target=\"_blank\" rel=\"noreferrer noopener\">Ces\u00e1reo S\u00e1nchez Iglesias,<\/a>&nbsp;presidente da AELG, e&nbsp;<a href=\"https:\/\/www.aelg.gal\/centro-documentacion\/autores-as\/isaac-xubin\" target=\"_blank\" rel=\"noreferrer noopener\">Isaac Xub\u00edn<\/a>, escritor e tradutor da s\u00faa obra ao galego.<\/p>\n\n\n\n<p class=\"has-text-align-justify\">M\u00e1is informaci\u00f3n aqu\u00ed:&nbsp;<a href=\"https:\/\/www.aelg.gal\/actividades\/escritora-galegoa-universal\/2024\/1\/1\/escritor-galego-universal-2024-joseba-sarrionandia\" target=\"_blank\" rel=\"noreferrer noopener\">https:\/\/www.aelg.gal\/actividades\/escritora-galegoa-universal\/2024\/1\/1\/escritor-galego-universal-2024-joseba-sarrionandia<\/a><\/p>\n","protected":false},"excerpt":{"rendered":"<p>A Asociaci\u00f3n de Escritoras e Escritores en Lingua Galega aprobou\u00a0o nomeamento de\u00a0Joseba Sarrionandia, escritor e tradutor vasco, como\u00a0Escritor Galego\u00a0Universal en 2024, desde o profundo respecto e afecto \u00e1 s\u00faa persoa [&hellip;]<\/p>\n","protected":false},"author":1,"featured_media":0,"comment_status":"open","ping_status":"open","sticky":false,"template":"","format":"standard","meta":{"_et_pb_use_builder":"","_et_pb_old_content":"","_et_gb_content_width":"","_jetpack_memberships_contains_paid_content":false,"footnotes":""},"categories":[23,7,129,6,1],"tags":[31,2225,2223,2224,2226,2222],"class_list":["post-15789","post","type-post","status-publish","format-standard","hentry","category-autoresas","category-creacion","category-literaria","category-novas","category-xeral","tag-aelg","tag-cesareo-sanchez-iglesias","tag-escritor-galego-universal-2024","tag-gala-dos-premios-follas-novas","tag-isaac-xubin","tag-joseba-sarrionandia"],"jetpack_featured_media_url":"","jetpack_sharing_enabled":true,"_links":{"self":[{"href":"http:\/\/culturaliagz.com\/index.php?rest_route=\/wp\/v2\/posts\/15789","targetHints":{"allow":["GET"]}}],"collection":[{"href":"http:\/\/culturaliagz.com\/index.php?rest_route=\/wp\/v2\/posts"}],"about":[{"href":"http:\/\/culturaliagz.com\/index.php?rest_route=\/wp\/v2\/types\/post"}],"author":[{"embeddable":true,"href":"http:\/\/culturaliagz.com\/index.php?rest_route=\/wp\/v2\/users\/1"}],"replies":[{"embeddable":true,"href":"http:\/\/culturaliagz.com\/index.php?rest_route=%2Fwp%2Fv2%2Fcomments&post=15789"}],"version-history":[{"count":4,"href":"http:\/\/culturaliagz.com\/index.php?rest_route=\/wp\/v2\/posts\/15789\/revisions"}],"predecessor-version":[{"id":15794,"href":"http:\/\/culturaliagz.com\/index.php?rest_route=\/wp\/v2\/posts\/15789\/revisions\/15794"}],"wp:attachment":[{"href":"http:\/\/culturaliagz.com\/index.php?rest_route=%2Fwp%2Fv2%2Fmedia&parent=15789"}],"wp:term":[{"taxonomy":"category","embeddable":true,"href":"http:\/\/culturaliagz.com\/index.php?rest_route=%2Fwp%2Fv2%2Fcategories&post=15789"},{"taxonomy":"post_tag","embeddable":true,"href":"http:\/\/culturaliagz.com\/index.php?rest_route=%2Fwp%2Fv2%2Ftags&post=15789"}],"curies":[{"name":"wp","href":"https:\/\/api.w.org\/{rel}","templated":true}]}}