{"id":15666,"date":"2024-05-03T22:00:00","date_gmt":"2024-05-03T21:00:00","guid":{"rendered":"http:\/\/culturaliagz.com\/?p=15666"},"modified":"2024-05-06T23:02:54","modified_gmt":"2024-05-06T22:02:54","slug":"roteiro-a-coruna-de-luisa-villalta-limite-exterior-guiado-por-maria-casar-presidenta-da-a-c-ergueitas","status":"publish","type":"post","link":"http:\/\/culturaliagz.com\/?p=15666","title":{"rendered":"Roteiro A Coru\u00f1a de Lu\u00edsa Villalta: l\u00edmite exterior, guiado por Mar\u00eda Casar, presidenta da A. C. Ergueitas"},"content":{"rendered":"\n<p><\/p>\n\n\n\n<p><\/p>\n\n\n<div class=\"wp-block-image\">\n<figure class=\"aligncenter size-full\"><a href=\"http:\/\/culturaliagz.com\/wp-content\/uploads\/2024\/05\/IMG_2221.png\" target=\"_blank\" rel=\"noreferrer noopener\"><img loading=\"lazy\" decoding=\"async\" width=\"1058\" height=\"1687\" src=\"http:\/\/culturaliagz.com\/wp-content\/uploads\/2024\/05\/IMG_2221.png\" alt=\"\" class=\"wp-image-15759\" srcset=\"http:\/\/culturaliagz.com\/wp-content\/uploads\/2024\/05\/IMG_2221.png 1058w, http:\/\/culturaliagz.com\/wp-content\/uploads\/2024\/05\/IMG_2221-980x1563.png 980w, http:\/\/culturaliagz.com\/wp-content\/uploads\/2024\/05\/IMG_2221-480x765.png 480w\" sizes=\"auto, (min-width: 0px) and (max-width: 480px) 480px, (min-width: 481px) and (max-width: 980px) 980px, (min-width: 981px) 1058px, 100vw\" \/><\/a><\/figure>\n<\/div>\n\n\n<p><\/p>\n\n\n\n<p><\/p>\n\n\n\n<p class=\"has-text-align-justify\">O\u00a0<a href=\"https:\/\/www.aelg.gal\/actividades\/paseos-literarios\/2024\/4\/27\/a-coruna-de-luisa-villalta-limite-exterior\" target=\"_blank\" rel=\"noreferrer noopener\">Roteiro A Coru\u00f1a de Lu\u00edsa Villalta: l\u00edmite exterior<\/a>, guiado por <em>Mar\u00eda Casar<\/em>, presidenta da A. C. Ergueitas, vai ter lugar<strong> finalmente o\u00a0xoves 16 de maio<\/strong>, a partir das\u00a017:00\u00a0horas, na cidade da Coru\u00f1a, tendo como punto\u00a0de\u00a0sa\u00edda tendo como punto de partida a\u00a0<a href=\"https:\/\/www.google.com\/maps\/place\/Emilia+Pardo+Baz%C3%A1n\/@43.3672262,-8.4032561,20.5z\/data=!4m14!1m7!3m6!1s0xd2e7c89c0000001:0xdc541b1ccdd37cdf!2zWGFyZMOtbnMgZGUgTcOpbmRleiBOw7rDsWV6!8m2!3d43.3664444!4d-8.4038852!16s%2Fg%2F11c6zxdgk2!3m5!1s0xd2e7c7df57170e9:0x97e48daa32df6b98!8m2!3d43.3673277!4d-8.4032566!16s%2Fg%2F11bxfs02n0?authuser=0&amp;entry=ttu\" target=\"_blank\" rel=\"noreferrer noopener\">estatua de Emilia Pardo Baz\u00e1n, nos Xard\u00edns de M\u00e9ndez N\u00fa\u00f1ez<\/a>. Agradecemos que as persoas interesadas se inscriban previamente no correo electr\u00f3nico\u00a0<a href=\"mailto:oficina@aelg.org\">oficina@<\/a><a href=\"mailto:oficina@aelg.org\" target=\"_blank\" rel=\"noreferrer noopener\">aelg<\/a><a href=\"mailto:oficina@aelg.org\">.org<\/a>, indicando o seu nome e apelidos. A inscrici\u00f3n realizarase por orde cronol\u00f3xica\u00a0de\u00a0chegada das solicitudes.<\/p>\n\n\n\n<p class=\"has-text-align-justify\">Esta iniciativa da <a href=\"https:\/\/www.aelg.gal\/\">AELG<\/a> pretende dar a co\u00f1ecer as cidades e vilas do pa\u00eds da man das nosas escritoras e escritores, que exercen&nbsp;de&nbsp;gu\u00edas tomando como base obras propias ou alleas vinculadas a eses espazos. Deste xeito, posibil\u00edtase que a cidadan\u00eda goce persoalmente dos espazos f\u00edsicos na s\u00faa relaci\u00f3n coa memoria&nbsp;literaria.<\/p>\n\n\n\n<p>A actividade conta co apoio do Concello da Coru\u00f1a.<\/p>\n\n\n\n<p class=\"has-text-align-justify\">M\u00e1is informaci\u00f3n aqu\u00ed:&nbsp;<a href=\"https:\/\/www.aelg.gal\/actividades\/paseos-literarios\/2024\/4\/27\/a-coruna-de-luisa-villalta-limite-exterior\" target=\"_blank\" rel=\"noreferrer noopener\">https:\/\/www.aelg.gal\/actividades\/paseos-literarios\/2024\/4\/27\/a-coruna-de-luisa-villalta-limite-exterior<\/a><\/p>\n","protected":false},"excerpt":{"rendered":"<p>O\u00a0Roteiro A Coru\u00f1a de Lu\u00edsa Villalta: l\u00edmite exterior, guiado por Mar\u00eda Casar, presidenta da A. C. Ergueitas, vai ter lugar finalmente o\u00a0xoves 16 de maio, a partir das\u00a017:00\u00a0horas, na cidade [&hellip;]<\/p>\n","protected":false},"author":1,"featured_media":0,"comment_status":"open","ping_status":"open","sticky":false,"template":"","format":"standard","meta":{"_et_pb_use_builder":"","_et_pb_old_content":"","_et_gb_content_width":"","_jetpack_memberships_contains_paid_content":false,"footnotes":""},"categories":[23,7,129,6,1],"tags":[2190,31,735,2189,2188],"class_list":["post-15666","post","type-post","status-publish","format-standard","hentry","category-autoresas","category-creacion","category-literaria","category-novas","category-xeral","tag-a-c-ergueitas","tag-aelg","tag-concello-da-coruna","tag-maria-casar","tag-roteiro-a-coruna-de-luisa-villalta-limite-exterior"],"jetpack_featured_media_url":"","jetpack_sharing_enabled":true,"_links":{"self":[{"href":"http:\/\/culturaliagz.com\/index.php?rest_route=\/wp\/v2\/posts\/15666","targetHints":{"allow":["GET"]}}],"collection":[{"href":"http:\/\/culturaliagz.com\/index.php?rest_route=\/wp\/v2\/posts"}],"about":[{"href":"http:\/\/culturaliagz.com\/index.php?rest_route=\/wp\/v2\/types\/post"}],"author":[{"embeddable":true,"href":"http:\/\/culturaliagz.com\/index.php?rest_route=\/wp\/v2\/users\/1"}],"replies":[{"embeddable":true,"href":"http:\/\/culturaliagz.com\/index.php?rest_route=%2Fwp%2Fv2%2Fcomments&post=15666"}],"version-history":[{"count":4,"href":"http:\/\/culturaliagz.com\/index.php?rest_route=\/wp\/v2\/posts\/15666\/revisions"}],"predecessor-version":[{"id":15761,"href":"http:\/\/culturaliagz.com\/index.php?rest_route=\/wp\/v2\/posts\/15666\/revisions\/15761"}],"wp:attachment":[{"href":"http:\/\/culturaliagz.com\/index.php?rest_route=%2Fwp%2Fv2%2Fmedia&parent=15666"}],"wp:term":[{"taxonomy":"category","embeddable":true,"href":"http:\/\/culturaliagz.com\/index.php?rest_route=%2Fwp%2Fv2%2Fcategories&post=15666"},{"taxonomy":"post_tag","embeddable":true,"href":"http:\/\/culturaliagz.com\/index.php?rest_route=%2Fwp%2Fv2%2Ftags&post=15666"}],"curies":[{"name":"wp","href":"https:\/\/api.w.org\/{rel}","templated":true}]}}