{"id":15659,"date":"2024-04-26T10:30:00","date_gmt":"2024-04-26T09:30:00","guid":{"rendered":"http:\/\/culturaliagz.com\/?p=15659"},"modified":"2024-04-25T19:40:47","modified_gmt":"2024-04-25T18:40:47","slug":"henko-a-mirada-de-miguel-diaz-66","status":"publish","type":"post","link":"http:\/\/culturaliagz.com\/?p=15659","title":{"rendered":"HENKO. A mirada de Miguel D\u00edaz"},"content":{"rendered":"\n<p><\/p>\n\n\n\n<p><\/p>\n\n\n<div class=\"wp-block-image\">\n<figure class=\"alignleft size-medium\"><a href=\"http:\/\/culturaliagz.com\/wp-content\/uploads\/2021\/07\/Henko_Portada2.jpg\" target=\"_blank\" rel=\"noreferrer noopener\"><img loading=\"lazy\" decoding=\"async\" width=\"300\" height=\"300\" src=\"http:\/\/culturaliagz.com\/wp-content\/uploads\/2021\/07\/Henko_Portada2-300x300.jpg\" alt=\"\" class=\"wp-image-8195\"\/><\/a><\/figure>\n<\/div>\n\n\n<p><\/p>\n\n\n\n<p style=\"font-size:28px\"><strong><a href=\"http:\/\/culturaliagz.com\/category\/henko\" target=\"_blank\" rel=\"noreferrer noopener\">HENKO<\/a><\/strong><\/p>\n\n\n\n<p class=\"has-medium-font-size\"><a href=\"https:\/\/omurmuriodovento.wordpress.com\/author\/omurmuriodovento\/\" target=\"_blank\" rel=\"noreferrer noopener\">Miguel D\u00edaz<\/a><\/p>\n\n\n\n<p class=\"has-medium-font-size\">T\u00edtulo:<strong>&nbsp;<em>MIR\u00c1MONOS<\/em><\/strong><\/p>\n\n\n\n<p><\/p>\n\n\n\n<p><\/p>\n\n\n\n<p><\/p>\n\n\n\n<p><\/p>\n\n\n\n<p><\/p>\n\n\n\n<p><\/p>\n\n\n<div class=\"wp-block-image\">\n<figure class=\"aligncenter size-full is-resized\"><a href=\"http:\/\/culturaliagz.com\/wp-content\/uploads\/2024\/04\/Miramonos.jpeg\" target=\"_blank\" rel=\"noreferrer noopener\"><img loading=\"lazy\" decoding=\"async\" width=\"1207\" height=\"2145\" src=\"http:\/\/culturaliagz.com\/wp-content\/uploads\/2024\/04\/Miramonos.jpeg\" alt=\"\" class=\"wp-image-15662\" style=\"width:783px;height:auto\" srcset=\"http:\/\/culturaliagz.com\/wp-content\/uploads\/2024\/04\/Miramonos.jpeg 1207w, http:\/\/culturaliagz.com\/wp-content\/uploads\/2024\/04\/Miramonos-980x1742.jpeg 980w, http:\/\/culturaliagz.com\/wp-content\/uploads\/2024\/04\/Miramonos-480x853.jpeg 480w\" sizes=\"auto, (min-width: 0px) and (max-width: 480px) 480px, (min-width: 481px) and (max-width: 980px) 980px, (min-width: 981px) 1207px, 100vw\" \/><\/a><\/figure>\n<\/div>\n\n\n<p><\/p>\n\n\n\n<p><\/p>\n\n\n\n<p><\/p>\n\n\n\n<p class=\"has-text-align-center\" style=\"font-size:16px\">Mir\u00e1monos, amor,<\/p>\n\n\n\n<p class=\"has-text-align-center\" style=\"font-size:16px\">no que xa non somos.<\/p>\n\n\n\n<p class=\"has-text-align-center\" style=\"font-size:16px\">E asemade somos<\/p>\n\n\n\n<p class=\"has-text-align-center\" style=\"font-size:16px\">mirados polo abismo.<\/p>\n\n\n\n<p class=\"has-text-align-center\" style=\"font-size:16px\">Polo abismo estendido<\/p>\n\n\n\n<p class=\"has-text-align-center\" style=\"font-size:16px\">de ollos interrogadores.<\/p>\n\n\n\n<p class=\"has-text-align-center\" style=\"font-size:16px\">Polo abismo que ignora<\/p>\n\n\n\n<p class=\"has-text-align-center\" style=\"font-size:16px\">que non temos respostas.<\/p>\n\n\n\n<p class=\"has-text-align-center\" style=\"font-size:16px\">Que a\u00ednda non ou xa non.<\/p>\n\n\n\n<p class=\"has-text-align-center\" style=\"font-size:16px\">E que as que posu\u00edmos<\/p>\n\n\n\n<p class=\"has-text-align-center\" style=\"font-size:16px\">forman parte do espazo<\/p>\n\n\n\n<p class=\"has-text-align-center\" style=\"font-size:16px\">que acedo nos observa.<\/p>\n\n\n\n<p class=\"has-text-align-center\" style=\"font-size:16px\">Que nos observa x\u00e9lido<\/p>\n\n\n\n<p class=\"has-text-align-center\" style=\"font-size:16px\">coas s\u00faas cuncas baleiras.<\/p>\n\n\n\n<p class=\"has-text-align-center\" style=\"font-size:16px\">Que observamos ef\u00e9meros<\/p>\n\n\n\n<p class=\"has-text-align-center\" style=\"font-size:16px\">cos nosos ollos ardentes.<\/p>\n","protected":false},"excerpt":{"rendered":"<p>HENKO Miguel D\u00edaz T\u00edtulo:&nbsp;MIR\u00c1MONOS Mir\u00e1monos, amor, no que xa non somos. E asemade somos mirados polo abismo. Polo abismo estendido de ollos interrogadores. Polo abismo que ignora que non temos [&hellip;]<\/p>\n","protected":false},"author":38,"featured_media":0,"comment_status":"open","ping_status":"open","sticky":false,"template":"","format":"standard","meta":{"_et_pb_use_builder":"","_et_pb_old_content":"","_et_gb_content_width":"","_jetpack_memberships_contains_paid_content":false,"footnotes":""},"categories":[23,967,7,894,129,57,1],"tags":[952,895,650,2187],"class_list":["post-15659","post","type-post","status-publish","format-standard","hentry","category-autoresas","category-colaboracions","category-creacion","category-henko","category-literaria","category-outras-artes","category-xeral","tag-a-mirada-de-miguel-diaz","tag-henko","tag-miguel-diaz","tag-miramonos"],"jetpack_featured_media_url":"","jetpack_sharing_enabled":true,"_links":{"self":[{"href":"http:\/\/culturaliagz.com\/index.php?rest_route=\/wp\/v2\/posts\/15659","targetHints":{"allow":["GET"]}}],"collection":[{"href":"http:\/\/culturaliagz.com\/index.php?rest_route=\/wp\/v2\/posts"}],"about":[{"href":"http:\/\/culturaliagz.com\/index.php?rest_route=\/wp\/v2\/types\/post"}],"author":[{"embeddable":true,"href":"http:\/\/culturaliagz.com\/index.php?rest_route=\/wp\/v2\/users\/38"}],"replies":[{"embeddable":true,"href":"http:\/\/culturaliagz.com\/index.php?rest_route=%2Fwp%2Fv2%2Fcomments&post=15659"}],"version-history":[{"count":3,"href":"http:\/\/culturaliagz.com\/index.php?rest_route=\/wp\/v2\/posts\/15659\/revisions"}],"predecessor-version":[{"id":15665,"href":"http:\/\/culturaliagz.com\/index.php?rest_route=\/wp\/v2\/posts\/15659\/revisions\/15665"}],"wp:attachment":[{"href":"http:\/\/culturaliagz.com\/index.php?rest_route=%2Fwp%2Fv2%2Fmedia&parent=15659"}],"wp:term":[{"taxonomy":"category","embeddable":true,"href":"http:\/\/culturaliagz.com\/index.php?rest_route=%2Fwp%2Fv2%2Fcategories&post=15659"},{"taxonomy":"post_tag","embeddable":true,"href":"http:\/\/culturaliagz.com\/index.php?rest_route=%2Fwp%2Fv2%2Ftags&post=15659"}],"curies":[{"name":"wp","href":"https:\/\/api.w.org\/{rel}","templated":true}]}}