{"id":15631,"date":"2024-04-24T22:43:01","date_gmt":"2024-04-24T21:43:01","guid":{"rendered":"http:\/\/culturaliagz.com\/?p=15631"},"modified":"2024-04-24T22:44:25","modified_gmt":"2024-04-24T21:44:25","slug":"sondeseu-presenta-entreterras-un-novo-directo-no-que-as-musicas-de-raiz-de-ses-hirahi-afonso-e-daniel-pereira-transforman-o-repertorio-da-orquestra","status":"publish","type":"post","link":"http:\/\/culturaliagz.com\/?p=15631","title":{"rendered":"SonDeSeu presenta &#8216;Entreterras&#8217;, un novo directo no que as m\u00fasicas de ra\u00edz de S\u00c9S, Hirahi Afonso e Daniel Pereira transforman o repertorio da orquestra"},"content":{"rendered":"\n<p><\/p>\n\n\n\n<p><\/p>\n\n\n<div class=\"wp-block-image\">\n<figure class=\"aligncenter size-large is-resized\"><a href=\"http:\/\/culturaliagz.com\/wp-content\/uploads\/2024\/04\/Entreterras-Sondeseu.jpeg\" target=\"_blank\" rel=\"noreferrer noopener\"><img loading=\"lazy\" decoding=\"async\" width=\"1024\" height=\"1024\" src=\"http:\/\/culturaliagz.com\/wp-content\/uploads\/2024\/04\/Entreterras-Sondeseu-1024x1024.jpeg\" alt=\"\" class=\"wp-image-15632\" style=\"width:783px;height:auto\" srcset=\"http:\/\/culturaliagz.com\/wp-content\/uploads\/2024\/04\/Entreterras-Sondeseu-980x980.jpeg 980w, http:\/\/culturaliagz.com\/wp-content\/uploads\/2024\/04\/Entreterras-Sondeseu-480x480.jpeg 480w\" sizes=\"auto, (min-width: 0px) and (max-width: 480px) 480px, (min-width: 481px) and (max-width: 980px) 980px, (min-width: 981px) 1024px, 100vw\" \/><\/a><\/figure>\n<\/div>\n\n\n<p><\/p>\n\n\n\n<p><\/p>\n\n\n\n<p class=\"has-text-align-justify\"><strong>Vigo e Nar\u00f3n acoller\u00e1n esta primavera os dous concertos semiac\u00fasticos de presentaci\u00f3n do proxecto, fiado por un meridiano sonoro que une, sobre o escenario, as propostas das artistas de Galicia, Portugal e Canarias&nbsp;<\/strong><\/p>\n\n\n\n<p class=\"has-text-align-justify\"><strong>A primeira cita con&nbsp;<em>Entreterras&nbsp;<\/em>ser\u00e1 o&nbsp;24 de maio&nbsp;no Teatro Afundaci\u00f3n de Vigo, mentres que o 2 de xu\u00f1o o directo ter\u00e1 lugar no Pazo da Cultura de Nar\u00f3n<\/strong><\/p>\n\n\n\n<p><\/p>\n\n\n\n<figure class=\"wp-block-gallery has-nested-images columns-default is-cropped wp-block-gallery-1 is-layout-flex wp-block-gallery-is-layout-flex\">\n<figure class=\"wp-block-image size-large\"><a href=\"http:\/\/culturaliagz.com\/wp-content\/uploads\/2024\/04\/SonDeSeu-1-scaled.jpeg\" target=\"_blank\" rel=\"noreferrer noopener\"><img loading=\"lazy\" decoding=\"async\" width=\"1024\" height=\"585\" data-id=\"15634\" src=\"http:\/\/culturaliagz.com\/wp-content\/uploads\/2024\/04\/SonDeSeu-1-1024x585.jpeg\" alt=\"\" class=\"wp-image-15634\" srcset=\"http:\/\/culturaliagz.com\/wp-content\/uploads\/2024\/04\/SonDeSeu-1-980x560.jpeg 980w, http:\/\/culturaliagz.com\/wp-content\/uploads\/2024\/04\/SonDeSeu-1-480x274.jpeg 480w\" sizes=\"auto, (min-width: 0px) and (max-width: 480px) 480px, (min-width: 481px) and (max-width: 980px) 980px, (min-width: 981px) 1024px, 100vw\" \/><\/a><\/figure>\n\n\n\n<figure class=\"wp-block-image size-large\"><a href=\"http:\/\/culturaliagz.com\/wp-content\/uploads\/2024\/04\/SonDeSeu-10-scaled.jpeg\" target=\"_blank\" rel=\"noreferrer noopener\"><img loading=\"lazy\" decoding=\"async\" width=\"1024\" height=\"600\" data-id=\"15633\" src=\"http:\/\/culturaliagz.com\/wp-content\/uploads\/2024\/04\/SonDeSeu-10-1024x600.jpeg\" alt=\"\" class=\"wp-image-15633\" srcset=\"http:\/\/culturaliagz.com\/wp-content\/uploads\/2024\/04\/SonDeSeu-10-980x574.jpeg 980w, http:\/\/culturaliagz.com\/wp-content\/uploads\/2024\/04\/SonDeSeu-10-480x281.jpeg 480w\" sizes=\"auto, (min-width: 0px) and (max-width: 480px) 480px, (min-width: 481px) and (max-width: 980px) 980px, (min-width: 981px) 1024px, 100vw\" \/><\/a><\/figure>\n<\/figure>\n\n\n\n<p><\/p>\n\n\n\n<p><\/p>\n\n\n\n<p class=\"has-text-align-justify\">Un meridiano invisible tece un f\u00edo sonoro que a trav\u00e9s das m\u00fasicas de ra\u00edz, une xeograficamente a Galicia, Portugal e Canarias. As\u00ed nace\u00a0<em>Entreterras<\/em>, o novo proxecto de\u00a0<a href=\"https:\/\/sondeseu.org\/\"><strong>SonDeSeu<\/strong><\/a>, no que a Orquestra Folk de Galicia se acompa\u00f1ar\u00e1 de artistas comprometidos coa innovaci\u00f3n e o respecto \u00e1s m\u00fasicas tradicionais dos seus territorios. A galega S\u00c9S, o portugu\u00e9s Daniel Pereira e o canario Hirari Afonso compartir\u00e1n escenario co medio cento de int\u00e9rpretes de SonDeSeu nesta nova proposta musical, que conta co apoio da Xunta de Galicia, e que o p\u00fablico poder\u00e1 descubrir tanto o\u00a024 de maio\u00a0no Teatro Afundaci\u00f3n de Vigo coma o 2 de xu\u00f1o no Pazo da Cultura de Nar\u00f3n. As entradas para gozar das melod\u00edas e ritmos destas\u00a0<em>Entreterras\u00a0<\/em>en Vigo est\u00e1n \u00e1 venda desde hoxe, 24 de abril, na plataforma\u00a0<a href=\"https:\/\/entradas.ataquilla.com\/ventaentradas\/es\/otras-musicas\/teatro-afundacion-vigo\/17438--sondeseu-entreterras.html\" target=\"_blank\" rel=\"noreferrer noopener\">ataquilla.com<\/a>, mentres que os billetes para Nar\u00f3n estar\u00e1n dispo\u00f1ibles proximamente en\u00a0<a href=\"http:\/\/padroadodecultura.es\/\" target=\"_blank\" rel=\"noreferrer noopener\">padroadodecultura<\/a><a href=\"http:\/\/padroadodecultura.es\/\">.es<\/a>.<br><br>O espect\u00e1culo, que d\u00e1 continuidade a\u00a0<em>Arraianos\u00a0<\/em>(2018) na aposta pola visualizaci\u00f3n e reivindicaci\u00f3n das m\u00fasicas ib\u00e9ricas, pres\u00e9ntase cun rechamante cartel, coroado pola imaxe dun volc\u00e1n en erupci\u00f3n, un fen\u00f3meno que transforma o territorio ao seu paso. Este volc\u00e1n representa, segundo Anxo Pintos, presidente da Fundaci\u00f3n SonDeSeu, \u201ca creaci\u00f3n e destruci\u00f3n da paisaxe, ao igual que as m\u00fasicas de S\u00c9S, Hirahi Afonso e Daniel Pereira transforman, dun xeito vibrante e ateigado de luz, o repertorio da nosa orquestra\u201d.\u00a0<br><br>Nesta ocasi\u00f3n, SonDeSeu prop\u00f3n ao p\u00fablico unha viaxe sonora a trav\u00e9s de dous concertos semiac\u00fasticos, con arranxos e adaptaci\u00f3ns que nacen das creaci\u00f3ns de artistas de referencia nos seus territorios. \u201cEscollimos figuras que destacan polo seu compromiso coa cultura de cadanseu lugar e mais pola s\u00faa innovaci\u00f3n e o seu respecto \u00e1 tradici\u00f3n tanto \u00e1 hora de compo\u00f1er e producir como de interpretar\u201d, sinala o presidente de SonDeSeu. \u00a0<br><br>As\u00ed, desde a voz da cantareira e pandeireteira Mar\u00eda Xos\u00e9 Silvar, S\u00c9S, creadora de himnos que transitan entre a tradici\u00f3n oral e o rock and roll,\u00a0<em>Entreterras\u00a0<\/em>percorre a m\u00fasica da creadora coru\u00f1esa para dar paso \u00e1 discograf\u00eda doutro grande activista cultural, neste caso do norte de Portugal, como \u00e9 o cantante e tocador de corda pulsada Daniel Pereira Cristo. Co\u00f1ecido pola s\u00faa destreza co cavaquinho, a s\u00faa arte entronca con outro instrumento irm\u00e1n, dunha costa que \u2013ao igual ca Cabo Verde, Azores ou Madeira\u2013 tam\u00e9n ba\u00f1a o Atl\u00e1ntico: o timple, que nesta ocasi\u00f3n toca o canario Hirahi Afonso quen, con dous discos \u00e1s costas, \u201crepresenta a esa nova xeraci\u00f3n de int\u00e9rpretes excepcionais, cunha narrativa creativa a cabalo entre a tradici\u00f3n e a contemporaneidade\u201d, apunta Pintos.\u00a0<br><br>A posta en relaci\u00f3n das m\u00fasicas e relatos de S\u00c9S, Pereira e Afonso neste\u00a0<em>Entreterras\u00a0<\/em>non \u00e9 casual. \u201cSeguimos a tecer unha historia que tam\u00e9n se pode narrar a trav\u00e9s das cordas deses instrumentos que viaxaron polo Atl\u00e1ntico levando as tradici\u00f3ns peninsulares e insulares polo mundo adiante\u201d, exp\u00f3n Pinto. Precisamente o director de SonDeSeu salienta o verso Lo puro es la mezcla. La mezcla es lo puro, do \u00faltimo traballo discogr\u00e1fico de Hirahi Afonso, para po\u00f1er en valor a confluencia que se d\u00e1 neste proxecto.\u00a0 Ao cabo, tal e como exp\u00f3n Pintos, \u201c<em>Entreterras\u00a0<\/em>\u00e9 unha mostra m\u00e1is da mestura e da evoluci\u00f3n que est\u00e1n a vivir as m\u00fasicas de ra\u00edz. Tam\u00e9n a galega\u201d. \u00a0<br><br><strong>BIOGRAF\u00cdA SONDESEU<\/strong><br><br>A Orquestra Folk de Galicia SonDeSeu nace hai vinte anos no seo do extinto Conservatorio de M\u00fasica Tradicional da Universidade Popular de Vigo, a actual ETRAD. A agrupaci\u00f3n explora a fusi\u00f3n e mestura das m\u00fasicas patrimoniais con elementos contempor\u00e1neos. A posta en valor da m\u00fasica de ra\u00edz ao longo destas d\u00faas d\u00e9cadas materializouse en numerosos proxectos de investigaci\u00f3n no \u00e1mbito da m\u00fasica folk, traballos discogr\u00e1ficos ou eventos singulares, al\u00e9n da participaci\u00f3n en m\u00faltiples festivais e auditorios europeos.\u00a0<br><br>Neste 2024, medio cento de m\u00fasicos conforman o coraz\u00f3n dunha orquestra \u00fanica en Galicia que, baixo a direcci\u00f3n de Xaqu\u00edn Xesteira, conta con nove secci\u00f3n instrumentais: arpa c\u00e9ltica, buzuqui, canto, contrabaixo gaita, percusi\u00f3n, requintas, viol\u00edn e zanfona. Para m\u00e1is informaci\u00f3n sobre SonDeSeu, p\u00f3dese visitar\u00a0<a href=\"https:\/\/sondeseu.org\/\">https:\/\/<\/a><a href=\"https:\/\/sondeseu.org\/\" target=\"_blank\" rel=\"noreferrer noopener\">sondeseu<\/a><a href=\"https:\/\/sondeseu.org\/\">.org\/<\/a><br><br><strong>BIOGRAF\u00cdA S\u00c9S<\/strong><br><br>S\u00c9S \u00e9 unha cantautora de longa traxectoria que constit\u00fae toda unha icona no panorama actual galego. A s\u00faa prol\u00edfera obra segue a ter plena presenza despois de 13 anos de actividade e 8 discos grazas \u00e1 s\u00faa excepcional capacidade art\u00edstica e ao seu carisma e forza no escenario. A est\u00e9tica ecl\u00e9ctica que a caracteriza, que combina influencias tradicionais propias cos m\u00faltiples estilos dos que se foi nutrindo (canci\u00f3n de autora, folclor latinoamericano, rock &amp; roll\u2026) suped\u00edtase \u00e1 expresividade literaria das canci\u00f3ns. \u00a0<br><br><strong>BIOGRAF\u00cdA DANIEL PEREIRA CRISTO<\/strong><br><br>Daniel Pereira Cristo \u00e9 un m\u00fasico e cantautor portugu\u00e9s reco\u00f1ecido pola s\u00faa implicaci\u00f3n coa palabra, a m\u00fasica e os instrumentos cord\u00f3fonos tradicionais (cavaquinho, viola braguesa, etc.). O seu \u00e1lbum debut, Cavaquinho cantado (2018), foi distinguido co prestixioso galard\u00f3n Premio Carlos Paredes. A s\u00faa m\u00fasica reflicte a s\u00faa paix\u00f3n pola cultura portuguesa e pretende promover a diversidade cultural e a pluralidade tanto no seu pa\u00eds coma no mundo.\u00a0<br><br><strong>BIOGRAF\u00cdA HIRAHI AFONSO<\/strong><br><br>Hirahi Afonso \u00e9 un dos m\u00fasicos m\u00e1is brillantes das novas xeraci\u00f3ns de int\u00e9rpretes. Non \u00e9 s\u00f3 un timplista: \u00e9 o art\u00edfice dunha revoluci\u00f3n na m\u00fasica tradicional canaria grazas \u00e1s s\u00faas creaci\u00f3ns. O seu segundo disco Lo puro (2023), no que colaboran figuras como Pedro Guerra, Xabier D\u00edaz ou Valeria Castro, conecta a tradici\u00f3n cosas sonoridades m\u00e1is innovadoras. Ofrece unha experiencia sonora na que o timple \u00e9 o condutor dunha viaxe que transita entre estilos tan diferentes como a electr\u00f3nica, o flamenco ou o rap.\u00a0<br><br><strong>CONCERTOS &#8216;ENTRETERRAS&#8217;<\/strong><br><br>24 de maio\u00a0| 21.00 horas<br>Teatro Afundaci\u00f3n (Vigo)<br>Entradas:\u00a0<a href=\"https:\/\/entradas.ataquilla.com\/ventaentradas\/es\/otras-musicas\/teatro-afundacion-vigo\/17438--sondeseu-entreterras.html\" target=\"_blank\" rel=\"noreferrer noopener\">https:\/\/entradas.ataquilla.com\/ventaentradas\/es\/otras-musicas\/teatro-afundacion<\/a><a href=\"https:\/\/entradas.ataquilla.com\/ventaentradas\/es\/otras-musicas\/teatro-afundacion-vigo\/17438--sondeseu-entreterras.html\">-vigo\/17438&#8211;sondeseu-entreterras.html<\/a><br><br>2 de xu\u00f1o | 19.00 horas<br>Pazo da Cultura (Nar\u00f3n)<br>Entradas proximamente \u00e1 venda en\u00a0<a href=\"http:\/\/padroadodecultura.es\/\" target=\"_blank\" rel=\"noreferrer noopener\">padroadodecultura<\/a><a href=\"http:\/\/padroadodecultura.es\/\">.es<\/a><\/p>\n\n\n\n<p><\/p>\n\n\n\n<p><\/p>\n\n\n<a href=\"http:\/\/culturaliagz.com\/wp-content\/uploads\/2024\/04\/20240424-NP-SonDeSeu-presenta-Entreterras.pdf\" class=\"pdfemb-viewer\" style=\"\" data-width=\"max\" data-height=\"max\" data-toolbar=\"bottom\" data-toolbar-fixed=\"off\">20240424-NP-SonDeSeu-presenta-Entreterras<\/a>\n<p class=\"wp-block-pdfemb-pdf-embedder-viewer\"><\/p>\n","protected":false},"excerpt":{"rendered":"<p>Vigo e Nar\u00f3n acoller\u00e1n esta primavera os dous concertos semiac\u00fasticos de presentaci\u00f3n do proxecto, fiado por un meridiano sonoro que une, sobre o escenario, as propostas das artistas de Galicia, [&hellip;]<\/p>\n","protected":false},"author":1,"featured_media":0,"comment_status":"open","ping_status":"open","sticky":false,"template":"","format":"standard","meta":{"_et_pb_use_builder":"","_et_pb_old_content":"","_et_gb_content_width":"","_jetpack_memberships_contains_paid_content":false,"footnotes":""},"categories":[23,7,6,57,1],"tags":[2181,2182,1158,2183],"class_list":["post-15631","post","type-post","status-publish","format-standard","hentry","category-autoresas","category-creacion","category-novas","category-outras-artes","category-xeral","tag-entreterras","tag-pazo-da-cultura-de-naron","tag-sondeseu","tag-teatro-afundacion-de-vigo"],"jetpack_featured_media_url":"","jetpack_sharing_enabled":true,"_links":{"self":[{"href":"http:\/\/culturaliagz.com\/index.php?rest_route=\/wp\/v2\/posts\/15631","targetHints":{"allow":["GET"]}}],"collection":[{"href":"http:\/\/culturaliagz.com\/index.php?rest_route=\/wp\/v2\/posts"}],"about":[{"href":"http:\/\/culturaliagz.com\/index.php?rest_route=\/wp\/v2\/types\/post"}],"author":[{"embeddable":true,"href":"http:\/\/culturaliagz.com\/index.php?rest_route=\/wp\/v2\/users\/1"}],"replies":[{"embeddable":true,"href":"http:\/\/culturaliagz.com\/index.php?rest_route=%2Fwp%2Fv2%2Fcomments&post=15631"}],"version-history":[{"count":2,"href":"http:\/\/culturaliagz.com\/index.php?rest_route=\/wp\/v2\/posts\/15631\/revisions"}],"predecessor-version":[{"id":15637,"href":"http:\/\/culturaliagz.com\/index.php?rest_route=\/wp\/v2\/posts\/15631\/revisions\/15637"}],"wp:attachment":[{"href":"http:\/\/culturaliagz.com\/index.php?rest_route=%2Fwp%2Fv2%2Fmedia&parent=15631"}],"wp:term":[{"taxonomy":"category","embeddable":true,"href":"http:\/\/culturaliagz.com\/index.php?rest_route=%2Fwp%2Fv2%2Fcategories&post=15631"},{"taxonomy":"post_tag","embeddable":true,"href":"http:\/\/culturaliagz.com\/index.php?rest_route=%2Fwp%2Fv2%2Ftags&post=15631"}],"curies":[{"name":"wp","href":"https:\/\/api.w.org\/{rel}","templated":true}]}}