{"id":15604,"date":"2024-04-24T21:22:10","date_gmt":"2024-04-24T20:22:10","guid":{"rendered":"http:\/\/culturaliagz.com\/?p=15604"},"modified":"2024-04-24T21:22:13","modified_gmt":"2024-04-24T20:22:13","slug":"conferencia-en-monterroso-a-ulloa-non-e-unha-terra-de-sacrificio","status":"publish","type":"post","link":"http:\/\/culturaliagz.com\/?p=15604","title":{"rendered":"Conferencia en Monterroso \u201cA Ulloa non \u00e9 unha terra de sacrificio\u201d"},"content":{"rendered":"\n<p><\/p>\n\n\n\n<p><\/p>\n\n\n<div class=\"wp-block-image\">\n<figure class=\"aligncenter size-full\"><a href=\"http:\/\/culturaliagz.com\/wp-content\/uploads\/2024\/04\/IMG_2183.jpeg\" target=\"_blank\" rel=\"noreferrer noopener\"><img loading=\"lazy\" decoding=\"async\" width=\"707\" height=\"1000\" src=\"http:\/\/culturaliagz.com\/wp-content\/uploads\/2024\/04\/IMG_2183.jpeg\" alt=\"\" class=\"wp-image-15607\" srcset=\"http:\/\/culturaliagz.com\/wp-content\/uploads\/2024\/04\/IMG_2183.jpeg 707w, http:\/\/culturaliagz.com\/wp-content\/uploads\/2024\/04\/IMG_2183-480x679.jpeg 480w\" sizes=\"auto, (min-width: 0px) and (max-width: 480px) 480px, (min-width: 481px) 707px, 100vw\" \/><\/a><\/figure>\n<\/div>\n\n\n<p><\/p>\n\n\n\n<p><\/p>\n\n\n\n<p class=\"has-text-align-justify\">O s\u00e1bado 27 de abril&nbsp;\u00e1s 17 h. celebrarase unha charla en Monterroso sobre a f\u00e1brica de celulosa de Altri co titulo&nbsp;<em>A Ulloa non \u00e9 unha terra de sacrificio<\/em>, na que intervir\u00e1n Pl\u00e1cido Lisancos (profesor da Escola de Aquitectura de A Coru\u00f1a) e Seraf\u00edn Gonz\u00e1lez Prieto (Presidente da SGHN).<\/p>\n\n\n\n<p><\/p>\n\n\n<div class=\"wp-block-image\">\n<figure class=\"aligncenter size-full\"><a href=\"http:\/\/culturaliagz.com\/wp-content\/uploads\/2024\/04\/IMG_2182.jpeg\" target=\"_blank\" rel=\"noreferrer noopener\"><img loading=\"lazy\" decoding=\"async\" width=\"707\" height=\"1000\" src=\"http:\/\/culturaliagz.com\/wp-content\/uploads\/2024\/04\/IMG_2182.jpeg\" alt=\"\" class=\"wp-image-15606\" srcset=\"http:\/\/culturaliagz.com\/wp-content\/uploads\/2024\/04\/IMG_2182.jpeg 707w, http:\/\/culturaliagz.com\/wp-content\/uploads\/2024\/04\/IMG_2182-480x679.jpeg 480w\" sizes=\"auto, (min-width: 0px) and (max-width: 480px) 480px, (min-width: 481px) 707px, 100vw\" \/><\/a><\/figure>\n<\/div>\n\n\n<p><\/p>\n\n\n\n<p class=\"has-text-align-justify\">E o xoves 9 de maio&nbsp;\u00e1s 20,30 h. haber\u00e1 a ocasi\u00f3n de escoitar ao naturalista e escritor Joaqu\u00edn Araujo na Casa de Cultura de Melide.<\/p>\n","protected":false},"excerpt":{"rendered":"<p>O s\u00e1bado 27 de abril&nbsp;\u00e1s 17 h. celebrarase unha charla en Monterroso sobre a f\u00e1brica de celulosa de Altri co titulo&nbsp;A Ulloa non \u00e9 unha terra de sacrificio, na que [&hellip;]<\/p>\n","protected":false},"author":1,"featured_media":0,"comment_status":"open","ping_status":"open","sticky":false,"template":"","format":"standard","meta":{"_et_pb_use_builder":"","_et_pb_old_content":"","_et_gb_content_width":"","_jetpack_memberships_contains_paid_content":false,"footnotes":""},"categories":[23,7,6,57,1],"tags":[2176,2180,1440,425,2179,2177,2178],"class_list":["post-15604","post","type-post","status-publish","format-standard","hentry","category-autoresas","category-creacion","category-novas","category-outras-artes","category-xeral","tag-a-ulloa-non-e-unha-terra-de-sacrificio","tag-casa-da-cultura-de-melide","tag-centro-sociocultural-de-monterroso","tag-instituto-de-estudos-ulloans","tag-joaquin-araujo","tag-placido-lizancos-mora","tag-serafin-gonzalez-prieto"],"jetpack_featured_media_url":"","jetpack_sharing_enabled":true,"_links":{"self":[{"href":"http:\/\/culturaliagz.com\/index.php?rest_route=\/wp\/v2\/posts\/15604","targetHints":{"allow":["GET"]}}],"collection":[{"href":"http:\/\/culturaliagz.com\/index.php?rest_route=\/wp\/v2\/posts"}],"about":[{"href":"http:\/\/culturaliagz.com\/index.php?rest_route=\/wp\/v2\/types\/post"}],"author":[{"embeddable":true,"href":"http:\/\/culturaliagz.com\/index.php?rest_route=\/wp\/v2\/users\/1"}],"replies":[{"embeddable":true,"href":"http:\/\/culturaliagz.com\/index.php?rest_route=%2Fwp%2Fv2%2Fcomments&post=15604"}],"version-history":[{"count":1,"href":"http:\/\/culturaliagz.com\/index.php?rest_route=\/wp\/v2\/posts\/15604\/revisions"}],"predecessor-version":[{"id":15608,"href":"http:\/\/culturaliagz.com\/index.php?rest_route=\/wp\/v2\/posts\/15604\/revisions\/15608"}],"wp:attachment":[{"href":"http:\/\/culturaliagz.com\/index.php?rest_route=%2Fwp%2Fv2%2Fmedia&parent=15604"}],"wp:term":[{"taxonomy":"category","embeddable":true,"href":"http:\/\/culturaliagz.com\/index.php?rest_route=%2Fwp%2Fv2%2Fcategories&post=15604"},{"taxonomy":"post_tag","embeddable":true,"href":"http:\/\/culturaliagz.com\/index.php?rest_route=%2Fwp%2Fv2%2Ftags&post=15604"}],"curies":[{"name":"wp","href":"https:\/\/api.w.org\/{rel}","templated":true}]}}