{"id":15599,"date":"2024-04-23T00:51:43","date_gmt":"2024-04-22T23:51:43","guid":{"rendered":"http:\/\/culturaliagz.com\/?p=15599"},"modified":"2024-04-23T00:51:46","modified_gmt":"2024-04-22T23:51:46","slug":"representacion-da-obra-teatral-via-morta-na-casa-museo-manuel-maria","status":"publish","type":"post","link":"http:\/\/culturaliagz.com\/?p=15599","title":{"rendered":"Representaci\u00f3n da obra teatral V\u00cdA MORTA na Casa-Museo Manuel Mar\u00eda"},"content":{"rendered":"\n<p><\/p>\n\n\n<div class=\"wp-block-image\">\n<figure class=\"aligncenter size-large\"><a href=\"http:\/\/culturaliagz.com\/wp-content\/uploads\/2024\/04\/IMG_2180-scaled.jpeg\" target=\"_blank\" rel=\"noreferrer noopener\"><img loading=\"lazy\" decoding=\"async\" width=\"1000\" height=\"1024\" src=\"http:\/\/culturaliagz.com\/wp-content\/uploads\/2024\/04\/IMG_2180-1000x1024.jpeg\" alt=\"\" class=\"wp-image-15600\" srcset=\"http:\/\/culturaliagz.com\/wp-content\/uploads\/2024\/04\/IMG_2180-980x1004.jpeg 980w, http:\/\/culturaliagz.com\/wp-content\/uploads\/2024\/04\/IMG_2180-480x492.jpeg 480w\" sizes=\"auto, (min-width: 0px) and (max-width: 480px) 480px, (min-width: 481px) and (max-width: 980px) 980px, (min-width: 981px) 1000px, 100vw\" \/><\/a><\/figure>\n<\/div>\n\n\n<p><\/p>\n\n\n\n<p><\/p>\n\n\n\n<p class=\"has-text-align-justify\"><em>Culturactiva<\/em> e <em>Pallasos en Rebeld\u00eda<\/em> traen este s\u00e1bado, d\u00eda 27 de abril, \u00e1s 20 h, \u00e1 <a href=\"https:\/\/www.casamuseomanuelmaria.gal\/portada.htm;jsessionid=32EA240CCCE336B7C4DD03E09CBB7FEC\">Casa-Museo Manuel Mar\u00eda<\/a> o espect\u00e1culo teatral\u00a0<strong><a href=\"https:\/\/www.casamuseomanuelmaria.gal\/actividades\/este-sabado-teatro-na-casa-museo-manuel-maria-con-via-morta.htm?tipo=ACTIVIDADE\">V\u00eda Morta<\/a><\/strong>. Unha peza que tenta ser, m\u00e1is que unha obra teatral, unha experiencia a trav\u00e9s do teatro. Unha montaxe que procura traer a realidade dos refuxiados e refuxiadas ao p\u00fablico por medio dunha proposta que converte o espectador nun refuxiado m\u00e1is.<strong>V\u00eda Morta<\/strong>\u00a0ad\u00e9ntranos nun campo de refuxiados e refuxiadas, onde unha m\u00e9dica siria \u2013 interpretada por Anabell Gago &#8211; agarda poder seguir a s\u00faa viaxe at\u00e9 Alema\u00f1a, onde espera encontrarse co seu fillo e netos. Mais o tren nunca acaba de chegar a esta v\u00eda morta e os refuxiados e refuxiadas comezan a desesperarse. Un pallaso \u2013Iv\u00e1n Prado\u2013 dunha entidade de cooperaci\u00f3n galega chega ao campamento e, ante a atenta e desafiante mirada do polic\u00eda de fronteira \u2013interpretado por Fran Rei\u2013, realiza a s\u00faa performance clown para os nenos e nenas que est\u00e1n dentro do valado de arame. Asemade, aparece a ollada inocente, mais cr\u00edtica, dunha nena \u2013personaxe de Roc\u00edo Salgado\u2013 que non entende o que est\u00e1 a acontecer.<\/p>\n\n\n\n<p class=\"has-text-align-justify\">O espect\u00e1culo de sesenta e cinco minutos vai dirixido ao p\u00fablico adulto e para asistir \u00e9 necesario reservar (billete 5 euros) en&nbsp;<a href=\"mailto:contacto@casamuseomanuelmaria.gal\" target=\"_blank\" rel=\"noreferrer noopener\">contacto@casamuseomanuelmaria.gal<\/a>&nbsp;ou no whatsapp 698177621<\/p>\n","protected":false},"excerpt":{"rendered":"<p>Culturactiva e Pallasos en Rebeld\u00eda traen este s\u00e1bado, d\u00eda 27 de abril, \u00e1s 20 h, \u00e1 Casa-Museo Manuel Mar\u00eda o espect\u00e1culo teatral\u00a0V\u00eda Morta. Unha peza que tenta ser, m\u00e1is que [&hellip;]<\/p>\n","protected":false},"author":1,"featured_media":0,"comment_status":"open","ping_status":"open","sticky":false,"template":"","format":"standard","meta":{"_et_pb_use_builder":"","_et_pb_old_content":"","_et_gb_content_width":"","_jetpack_memberships_contains_paid_content":false,"footnotes":""},"categories":[23,7,129,6,57,1],"tags":[2112,2173,2174,2175],"class_list":["post-15599","post","type-post","status-publish","format-standard","hentry","category-autoresas","category-creacion","category-literaria","category-novas","category-outras-artes","category-xeral","tag-casa-museo-manuel-maria-2","tag-culturactiva","tag-pallasos-en-rebeldia","tag-via-morta"],"jetpack_featured_media_url":"","jetpack_sharing_enabled":true,"_links":{"self":[{"href":"http:\/\/culturaliagz.com\/index.php?rest_route=\/wp\/v2\/posts\/15599","targetHints":{"allow":["GET"]}}],"collection":[{"href":"http:\/\/culturaliagz.com\/index.php?rest_route=\/wp\/v2\/posts"}],"about":[{"href":"http:\/\/culturaliagz.com\/index.php?rest_route=\/wp\/v2\/types\/post"}],"author":[{"embeddable":true,"href":"http:\/\/culturaliagz.com\/index.php?rest_route=\/wp\/v2\/users\/1"}],"replies":[{"embeddable":true,"href":"http:\/\/culturaliagz.com\/index.php?rest_route=%2Fwp%2Fv2%2Fcomments&post=15599"}],"version-history":[{"count":3,"href":"http:\/\/culturaliagz.com\/index.php?rest_route=\/wp\/v2\/posts\/15599\/revisions"}],"predecessor-version":[{"id":15603,"href":"http:\/\/culturaliagz.com\/index.php?rest_route=\/wp\/v2\/posts\/15599\/revisions\/15603"}],"wp:attachment":[{"href":"http:\/\/culturaliagz.com\/index.php?rest_route=%2Fwp%2Fv2%2Fmedia&parent=15599"}],"wp:term":[{"taxonomy":"category","embeddable":true,"href":"http:\/\/culturaliagz.com\/index.php?rest_route=%2Fwp%2Fv2%2Fcategories&post=15599"},{"taxonomy":"post_tag","embeddable":true,"href":"http:\/\/culturaliagz.com\/index.php?rest_route=%2Fwp%2Fv2%2Ftags&post=15599"}],"curies":[{"name":"wp","href":"https:\/\/api.w.org\/{rel}","templated":true}]}}