{"id":15590,"date":"2024-04-23T00:21:54","date_gmt":"2024-04-22T23:21:54","guid":{"rendered":"http:\/\/culturaliagz.com\/?p=15590"},"modified":"2024-04-23T00:25:59","modified_gmt":"2024-04-22T23:25:59","slug":"convocatoria-do-viii-premio-agustin-fernandez-paz-de-narrativa-infantil-e-xuvenil-pola-igualdade","status":"publish","type":"post","link":"http:\/\/culturaliagz.com\/?p=15590","title":{"rendered":"Convocatoria do VIII PREMIO AGUST\u00cdN FERN\u00c1NDEZ PAZ de narrativa infantil e xuvenil pola igualdade"},"content":{"rendered":"\n<p><\/p>\n\n\n<div class=\"wp-block-image\">\n<figure class=\"aligncenter size-large\"><a href=\"http:\/\/culturaliagz.com\/wp-content\/uploads\/2024\/04\/CARTAZ-VIII-AFP-A3-copia-scaled.jpeg\" target=\"_blank\" rel=\"noreferrer noopener\"><img loading=\"lazy\" decoding=\"async\" width=\"724\" height=\"1024\" src=\"http:\/\/culturaliagz.com\/wp-content\/uploads\/2024\/04\/CARTAZ-VIII-AFP-A3-copia-724x1024.jpeg\" alt=\"\" class=\"wp-image-15591\"\/><\/a><\/figure>\n<\/div>\n\n\n<p><\/p>\n\n\n\n<p><\/p>\n\n\n\n<p class=\"has-text-align-justify\">O <a href=\"https:\/\/estudoschairegos.gal\/\">Instituto de Estudos Chairegos<\/a>, o Concello de Vilalba e Edici\u00f3ns Xerais de Galicia convocan o <em><a href=\"https:\/\/estudoschairegos.gal\/convocatoria-do-viii-premio-agustin-fernandez-paz-de-narrativa-infantil-e-xuvenil-pola-igualdade-entrega-de-traballos-do-23-04-ao-12-07-2024\/\">VIII PREMIO AGUST\u00cdN FERN\u00c1NDEZ PAZ de narrativa infantil e xuvenil pola igualdade<\/a>.<\/em><\/p>\n\n\n\n<p><\/p>\n\n\n<a href=\"http:\/\/culturaliagz.com\/wp-content\/uploads\/2024\/04\/DIPTICO2_2024.pdf\" class=\"pdfemb-viewer\" style=\"\" data-width=\"max\" data-height=\"max\" data-toolbar=\"bottom\" data-toolbar-fixed=\"off\">DIPTICO2_2024<\/a>\n<p class=\"wp-block-pdfemb-pdf-embedder-viewer\"><\/p>\n\n\n\n<p><\/p>\n\n\n<a href=\"http:\/\/culturaliagz.com\/wp-content\/uploads\/2024\/04\/DIPTICO1_2024.pdf\" class=\"pdfemb-viewer\" style=\"\" data-width=\"max\" data-height=\"max\" data-toolbar=\"bottom\" data-toolbar-fixed=\"off\">DIPTICO1_2024<\/a>\n<p class=\"wp-block-pdfemb-pdf-embedder-viewer\"><\/p>\n\n\n\n<p><\/p>\n\n\n<a href=\"http:\/\/culturaliagz.com\/wp-content\/uploads\/2024\/04\/NOTA_INFORMATIVA_CONVOCATORIA_VIII-PREMIO.pdf\" class=\"pdfemb-viewer\" style=\"\" data-width=\"max\" data-height=\"max\" data-toolbar=\"bottom\" data-toolbar-fixed=\"off\">NOTA_INFORMATIVA_CONVOCATORIA_VIII-PREMIO<\/a>\n<p class=\"wp-block-pdfemb-pdf-embedder-viewer\"><\/p>\n","protected":false},"excerpt":{"rendered":"<p>O Instituto de Estudos Chairegos, o Concello de Vilalba e Edici\u00f3ns Xerais de Galicia convocan o VIII PREMIO AGUST\u00cdN FERN\u00c1NDEZ PAZ de narrativa infantil e xuvenil pola igualdade.<\/p>\n","protected":false},"author":1,"featured_media":0,"comment_status":"open","ping_status":"open","sticky":false,"template":"","format":"standard","meta":{"_et_pb_use_builder":"","_et_pb_old_content":"","_et_gb_content_width":"","_jetpack_memberships_contains_paid_content":false,"footnotes":""},"categories":[23,7,129,6,1],"tags":[30,335,234,2172],"class_list":["post-15590","post","type-post","status-publish","format-standard","hentry","category-autoresas","category-creacion","category-literaria","category-novas","category-xeral","tag-concello-de-vilalba","tag-edicions-xerais","tag-iescha","tag-viii-premio-agustin-fernandez-paz-de-narrativa-infantil-e-xuvenil-pola-igualdade"],"jetpack_featured_media_url":"","jetpack_sharing_enabled":true,"_links":{"self":[{"href":"http:\/\/culturaliagz.com\/index.php?rest_route=\/wp\/v2\/posts\/15590","targetHints":{"allow":["GET"]}}],"collection":[{"href":"http:\/\/culturaliagz.com\/index.php?rest_route=\/wp\/v2\/posts"}],"about":[{"href":"http:\/\/culturaliagz.com\/index.php?rest_route=\/wp\/v2\/types\/post"}],"author":[{"embeddable":true,"href":"http:\/\/culturaliagz.com\/index.php?rest_route=\/wp\/v2\/users\/1"}],"replies":[{"embeddable":true,"href":"http:\/\/culturaliagz.com\/index.php?rest_route=%2Fwp%2Fv2%2Fcomments&post=15590"}],"version-history":[{"count":4,"href":"http:\/\/culturaliagz.com\/index.php?rest_route=\/wp\/v2\/posts\/15590\/revisions"}],"predecessor-version":[{"id":15598,"href":"http:\/\/culturaliagz.com\/index.php?rest_route=\/wp\/v2\/posts\/15590\/revisions\/15598"}],"wp:attachment":[{"href":"http:\/\/culturaliagz.com\/index.php?rest_route=%2Fwp%2Fv2%2Fmedia&parent=15590"}],"wp:term":[{"taxonomy":"category","embeddable":true,"href":"http:\/\/culturaliagz.com\/index.php?rest_route=%2Fwp%2Fv2%2Fcategories&post=15590"},{"taxonomy":"post_tag","embeddable":true,"href":"http:\/\/culturaliagz.com\/index.php?rest_route=%2Fwp%2Fv2%2Ftags&post=15590"}],"curies":[{"name":"wp","href":"https:\/\/api.w.org\/{rel}","templated":true}]}}