{"id":15565,"date":"2024-04-17T16:26:58","date_gmt":"2024-04-17T15:26:58","guid":{"rendered":"http:\/\/culturaliagz.com\/?p=15565"},"modified":"2024-04-17T16:31:28","modified_gmt":"2024-04-17T15:31:28","slug":"presentacion-este-sabado-do-libro-contarmonos-do-colectivo-literario-comadres-das-letras-na-casa-museo-manuel-maria","status":"publish","type":"post","link":"http:\/\/culturaliagz.com\/?p=15565","title":{"rendered":"Presentaci\u00f3n este s\u00e1bado do libro CONT\u00c1RMONOS, do colectivo literario Comadres das Letras, na Casa-Museo Manuel Mar\u00eda"},"content":{"rendered":"\n<p><\/p>\n\n\n\n<p><\/p>\n\n\n<div class=\"wp-block-image\">\n<figure class=\"aligncenter size-large\"><a href=\"http:\/\/culturaliagz.com\/wp-content\/uploads\/2024\/04\/IMG_2171-scaled.jpeg\" target=\"_blank\" rel=\"noreferrer noopener\"><img loading=\"lazy\" decoding=\"async\" width=\"1000\" height=\"1024\" src=\"http:\/\/culturaliagz.com\/wp-content\/uploads\/2024\/04\/IMG_2171-1000x1024.jpeg\" alt=\"\" class=\"wp-image-15566\" srcset=\"http:\/\/culturaliagz.com\/wp-content\/uploads\/2024\/04\/IMG_2171-980x1004.jpeg 980w, http:\/\/culturaliagz.com\/wp-content\/uploads\/2024\/04\/IMG_2171-480x492.jpeg 480w\" sizes=\"auto, (min-width: 0px) and (max-width: 480px) 480px, (min-width: 481px) and (max-width: 980px) 980px, (min-width: 981px) 1000px, 100vw\" \/><\/a><\/figure>\n<\/div>\n\n\n<p><\/p>\n\n\n\n<p><\/p>\n\n\n\n<p><\/p>\n\n\n\n<p class=\"has-text-align-justify\">Este s\u00e1bado, \u00e1s 20 h, a <a href=\"https:\/\/www.casamuseomanuelmaria.gal\/portada.htm;jsessionid=A0E2C316A4B2623A2C633BE42B7E660F\">Casa-Museo Manuel Mar\u00eda<\/a> acolle a presentaci\u00f3n do libro&nbsp;<em><strong><a href=\"https:\/\/www.casamuseomanuelmaria.gal\/actividades\/o-colectivo-comadres-das-letras-presenta-este-sabado-as-20-h-na-casa-museo-manuel-maria-o-seu-libro-contarmonos.htm?tipo=ACTIVIDADE\">Cont\u00e1rmonos<\/a>,&nbsp;<\/strong><\/em>por parte do colectivo literario Comadres das Letras.&nbsp;<\/p>\n\n\n\n<p class=\"has-text-align-justify\"><em>Cont\u00e1rmonos<\/em>&nbsp;\u00e9 un libro editado en 2023 e composto por catorce voces, que tivo a s\u00faa orixe nun obradoiro da escrita levado a cabo en Compostela en 2021 e 2022 e que dinamizou a Asociaci\u00f3n de Escritores e Escritoras en Lingua Galega (AELG) a trav\u00e9s da poeta e narradora Eli R\u00edos. Daquel obradoiro tam\u00e9n naceu o colectivo literario Comadres das Letras que ser\u00e1n as encarregadas, este s\u00e1bado, de presentar este volume con m\u00e1is de corenta textos creados ao redor da memoria hist\u00f3rica das mulleres e que sit\u00faan a estas no centro. A actividade \u00e9 aberta ao p\u00fablico xeral.<\/p>\n\n\n\n<p class=\"has-text-align-justify\">Previamente, \u00e1s 18.30 h,&nbsp;e na biblioteca da casa-museo, as Comadres das Letras&nbsp;manter\u00e1n&nbsp;unha conversa con aquelas lectoras e lectores que xa te\u00f1an lido o libro e que se queiran achegar a Outeiro de Rei para dialogar con parte das s\u00faas autoras. Entre estas lectoras estar\u00e1n presentes as participantes no clube de lectura Saleta, da propia casa-museo, que estiveron nestas \u00faltimas semanas lendo o libro.<\/p>\n\n\n\n<p><\/p>\n","protected":false},"excerpt":{"rendered":"<p>Este s\u00e1bado, \u00e1s 20 h, a Casa-Museo Manuel Mar\u00eda acolle a presentaci\u00f3n do libro&nbsp;Cont\u00e1rmonos,&nbsp;por parte do colectivo literario Comadres das Letras.&nbsp; Cont\u00e1rmonos&nbsp;\u00e9 un libro editado en 2023 e composto por [&hellip;]<\/p>\n","protected":false},"author":1,"featured_media":0,"comment_status":"open","ping_status":"open","sticky":false,"template":"","format":"standard","meta":{"_et_pb_use_builder":"","_et_pb_old_content":"","_et_gb_content_width":"","_jetpack_memberships_contains_paid_content":false,"footnotes":"[]"},"categories":[23,7,129,6,1],"tags":[2112,2167,2165,2166],"class_list":["post-15565","post","type-post","status-publish","format-standard","hentry","category-autoresas","category-creacion","category-literaria","category-novas","category-xeral","tag-casa-museo-manuel-maria-2","tag-clube-de-lectura-saleta","tag-comadres-das-letras","tag-contarmonos"],"jetpack_featured_media_url":"","jetpack_sharing_enabled":true,"_links":{"self":[{"href":"http:\/\/culturaliagz.com\/index.php?rest_route=\/wp\/v2\/posts\/15565","targetHints":{"allow":["GET"]}}],"collection":[{"href":"http:\/\/culturaliagz.com\/index.php?rest_route=\/wp\/v2\/posts"}],"about":[{"href":"http:\/\/culturaliagz.com\/index.php?rest_route=\/wp\/v2\/types\/post"}],"author":[{"embeddable":true,"href":"http:\/\/culturaliagz.com\/index.php?rest_route=\/wp\/v2\/users\/1"}],"replies":[{"embeddable":true,"href":"http:\/\/culturaliagz.com\/index.php?rest_route=%2Fwp%2Fv2%2Fcomments&post=15565"}],"version-history":[{"count":7,"href":"http:\/\/culturaliagz.com\/index.php?rest_route=\/wp\/v2\/posts\/15565\/revisions"}],"predecessor-version":[{"id":15574,"href":"http:\/\/culturaliagz.com\/index.php?rest_route=\/wp\/v2\/posts\/15565\/revisions\/15574"}],"wp:attachment":[{"href":"http:\/\/culturaliagz.com\/index.php?rest_route=%2Fwp%2Fv2%2Fmedia&parent=15565"}],"wp:term":[{"taxonomy":"category","embeddable":true,"href":"http:\/\/culturaliagz.com\/index.php?rest_route=%2Fwp%2Fv2%2Fcategories&post=15565"},{"taxonomy":"post_tag","embeddable":true,"href":"http:\/\/culturaliagz.com\/index.php?rest_route=%2Fwp%2Fv2%2Ftags&post=15565"}],"curies":[{"name":"wp","href":"https:\/\/api.w.org\/{rel}","templated":true}]}}