{"id":15559,"date":"2024-04-17T16:16:40","date_gmt":"2024-04-17T15:16:40","guid":{"rendered":"http:\/\/culturaliagz.com\/?p=15559"},"modified":"2024-04-17T16:17:43","modified_gmt":"2024-04-17T15:17:43","slug":"o-auditorio-de-arteixo-acolle-kyoki-o-espectaculo-familiar-de-elefante-elegante-sobre-o-alzheimer","status":"publish","type":"post","link":"http:\/\/culturaliagz.com\/?p=15559","title":{"rendered":"O Auditorio de Arteixo acolle \u2018Kyoki\u2019, o espect\u00e1culo familiar de Elefante Elegante sobre o alzh\u00e9imer"},"content":{"rendered":"\n<p><\/p>\n\n\n<div class=\"wp-block-image\">\n<figure class=\"aligncenter size-large\"><a href=\"http:\/\/culturaliagz.com\/wp-content\/uploads\/2024\/04\/KYOKY-_A9A4225\u00a9-Vanessa-Rabade-scaled.jpeg\" target=\"_blank\" rel=\"noreferrer noopener\"><img loading=\"lazy\" decoding=\"async\" width=\"1024\" height=\"682\" src=\"http:\/\/culturaliagz.com\/wp-content\/uploads\/2024\/04\/KYOKY-_A9A4225\u00a9-Vanessa-Rabade-1024x682.jpeg\" alt=\"\" class=\"wp-image-15560\" srcset=\"http:\/\/culturaliagz.com\/wp-content\/uploads\/2024\/04\/KYOKY-_A9A4225\u00a9-Vanessa-Rabade-1024x682.jpeg 1024w, http:\/\/culturaliagz.com\/wp-content\/uploads\/2024\/04\/KYOKY-_A9A4225\u00a9-Vanessa-Rabade-300x200.jpeg 300w, http:\/\/culturaliagz.com\/wp-content\/uploads\/2024\/04\/KYOKY-_A9A4225\u00a9-Vanessa-Rabade-768x512.jpeg 768w, http:\/\/culturaliagz.com\/wp-content\/uploads\/2024\/04\/KYOKY-_A9A4225\u00a9-Vanessa-Rabade-1536x1023.jpeg 1536w, http:\/\/culturaliagz.com\/wp-content\/uploads\/2024\/04\/KYOKY-_A9A4225\u00a9-Vanessa-Rabade-2048x1364.jpeg 2048w, http:\/\/culturaliagz.com\/wp-content\/uploads\/2024\/04\/KYOKY-_A9A4225\u00a9-Vanessa-Rabade-1080x719.jpeg 1080w, http:\/\/culturaliagz.com\/wp-content\/uploads\/2024\/04\/KYOKY-_A9A4225\u00a9-Vanessa-Rabade-1280x853.jpeg 1280w, http:\/\/culturaliagz.com\/wp-content\/uploads\/2024\/04\/KYOKY-_A9A4225\u00a9-Vanessa-Rabade-980x653.jpeg 980w, http:\/\/culturaliagz.com\/wp-content\/uploads\/2024\/04\/KYOKY-_A9A4225\u00a9-Vanessa-Rabade-480x320.jpeg 480w\" sizes=\"auto, (max-width: 1024px) 100vw, 1024px\" \/><\/a><\/figure>\n<\/div>\n\n\n<p><\/p>\n\n\n\n<p><\/p>\n\n\n\n<p class=\"has-text-align-justify\"><strong>Este venres,&nbsp;19 de abril, \u00e1s&nbsp;18.30 h, a compa\u00f1\u00eda de teatro f\u00edsico liderada por Mar\u00eda Torres e Gon\u00e7alo Guerreiro leva a Arteixo unha peza de linguaxe xestual sobre sobre o esquecemento, a vellez e a soidade desde unha ollada po\u00e9tica, c\u00f3mplice, c\u00f3mica e reflexiva<\/strong><\/p>\n\n\n\n<p class=\"has-text-align-justify\"><strong>As entradas para ver \u2018Kyoki\u2019 -palabra que significa \u201cdemencia\u201d en xapon\u00e9s- p\u00f3dense mercar por adiantado na web eventosarteixo.com ou ben o mesmo d\u00eda da funci\u00f3n na billeteira do Auditorio<\/strong><\/p>\n\n\n\n<p><\/p>\n\n\n\n<p class=\"has-text-align-justify\">O alzh\u00e9imer desde unha ollada po\u00e9tica e c\u00f3mplice \u00e9 o f\u00edo condutor de&nbsp;<a href=\"https:\/\/elefanteelegante.net\/gl\/espectaculos\/kyoki\/\"><strong><em>Kyoki<\/em><\/strong><\/a>, o espect\u00e1culo que&nbsp;<strong>Elefante Elegante <\/strong>levar\u00e1 ao&nbsp;<strong>Auditorio de Arteixo este venres,&nbsp;19 de abril, \u00e1s&nbsp;18.30 h<\/strong>. Esta peza para p\u00fablico familiar dos creadores Mar\u00eda Torres e Gon\u00e7alo Guerreiro \u00e9 unha viaxe emotiva da infancia \u00e1 vellez a trav\u00e9s da memoria, unha obra de linguaxe xestual c\u00f3mica e reflexiva sobre o esquecemento e a soidade As entradas p\u00f3dense mercar por adiantado na web <a href=\"https:\/\/eventosarteixo.com\/\" target=\"_blank\" rel=\"noreferrer noopener\">eventosarteixo<\/a><a href=\"https:\/\/eventosarteixo.com\/\">.com<\/a>&nbsp;ou ben o mesmo d\u00eda da funci\u00f3n na billeteira do Auditorio en horario de 11.30 a 13.30 e de 16.30 a 18.30 horas. Os prezos oscilan entre os 3 euros da entrada xeral e os 2.25 da bonificada (menores de 18 e maiores de 65 anos).<br><br>Protagonizada por Mar\u00eda Torres, baixo a direcci\u00f3n de Gon\u00e7alo Guerreiro,&nbsp;<em>Kyoki&nbsp;<\/em>-palabra que significa \u201cdemencia\u201d en xapon\u00e9s- \u00e9 unha creaci\u00f3n destinada ao p\u00fablico infantil e familiar a partir dos 5 anos. A peza investiga, dun xeito po\u00e9tico e c\u00f3mico, sobre a alteraci\u00f3n da capacidade para recordar, pensar ou tomar decisi\u00f3ns. Porque, se ben \u00e9 certo que esta condici\u00f3n adoita aparecer en persoas de idade avanzada&#8230; Quen non esqueceu algunha vez onde colocara a caixa das galletas? Ou, quen, por distracci\u00f3n, non vestiu nunca o xersei do rev\u00e9s?&nbsp;<em>Kyoki&nbsp;<\/em>quere ser unha ollada sensible \u00e1s experiencias que viven as persoas que precisan ser coidadas e mais as propias coidadoras.<br><br>A trav\u00e9s dunha linguaxe xestual fundamentada na manipulaci\u00f3n de obxectos e na interacci\u00f3n constante co dispositivo esc\u00e9nico, o espect\u00e1culo crea un universo c\u00f3mico e po\u00e9tico que viaxa do realismo \u00e1 hip\u00e9rbole da vida coti\u00e1. O xogo teatral de&nbsp;<em>Kyoki&nbsp;<\/em>bas\u00e9ase no traballo pl\u00e1stico da corporalidade da protagonista en escena e na s\u00faa constante interacci\u00f3n cos elementos escenogr\u00e1ficos, para definir unha secuencia dramat\u00farxica na que a imaxe toma un total protagonismo. A posta en escena fundam\u00e9ntase xa que logo na din\u00e1mica pict\u00f3rica da organizaci\u00f3n do espazo teatral e na narrativa das propias acci\u00f3ns f\u00edsicas que reflicten desexos, sentimentos e todos os estados dram\u00e1ticos definidos.<br><br><em>Kyoki&nbsp;<\/em>\u00e9 un espect\u00e1culo sen palabras que re\u00fane artes do movemento, artes pl\u00e1sticas e unha rigorosa sinton\u00eda dos xestos coa m\u00fasica instrumental orixinal. Na historia est\u00e1n presentes tres personaxes -a avoa, a s\u00faa filla e unha doutora-, todas elas representadas pola actriz protagonista. O espazo esc\u00e9nico est\u00e1 constru\u00eddo para evocar ao mesmo tempo unha casa, un hospital e a r\u00faa. Dese\u00f1ada para funcionar como o lenzo dun pintor, a escenograf\u00eda \u00e9 un fondo est\u00e9tico que pouco a pouco \u00e9 habitado polo corpo da int\u00e9rprete e polos obxectos por ela manipulados, co obxectivo de manter sempre viva unha composici\u00f3n pict\u00f3rica xerada por formas, cores e movementos. O fondo azul con li\u00f1as que se cruzan de xeito irregular en \u00e1ngulos rectos est\u00e1 dotado de varias aperturas camufladas, que permiten a entrada e sa\u00edda de innumerables elementos esc\u00e9nicos, o que provoca suxestivos e reveladores efectos sorpresa.<br><br>C\u00f3mpre sinalar que&nbsp;<em>Kyoki&nbsp;<\/em>presentouse o pasado febreiro en FETEN 2024 (Feria Europea de Artes Esc\u00e9nicas para Ni\u00f1os y Ni\u00f1as), un dos encontros m\u00e1is importante do sector que se celebra anualmente en Xix\u00f3n. A obra de Elefante Elegante formou parte dos 76 espect\u00e1culos escolleitos entre as m\u00e1is de 800 propostas recibidas en FETEN na s\u00faa 33\u00aa edici\u00f3n.<br><br><\/p>\n\n\n<div class=\"wp-block-image\">\n<figure class=\"aligncenter size-large\"><a href=\"http:\/\/culturaliagz.com\/wp-content\/uploads\/2024\/04\/KYOKY-_A9A4193\u00a9-Vanessa-Rabade-scaled.jpeg\" target=\"_blank\" rel=\"noreferrer noopener\"><img loading=\"lazy\" decoding=\"async\" width=\"1024\" height=\"683\" src=\"http:\/\/culturaliagz.com\/wp-content\/uploads\/2024\/04\/KYOKY-_A9A4193\u00a9-Vanessa-Rabade-1024x683.jpeg\" alt=\"\" class=\"wp-image-15561\" srcset=\"http:\/\/culturaliagz.com\/wp-content\/uploads\/2024\/04\/KYOKY-_A9A4193\u00a9-Vanessa-Rabade-1024x683.jpeg 1024w, http:\/\/culturaliagz.com\/wp-content\/uploads\/2024\/04\/KYOKY-_A9A4193\u00a9-Vanessa-Rabade-300x200.jpeg 300w, http:\/\/culturaliagz.com\/wp-content\/uploads\/2024\/04\/KYOKY-_A9A4193\u00a9-Vanessa-Rabade-768x512.jpeg 768w, http:\/\/culturaliagz.com\/wp-content\/uploads\/2024\/04\/KYOKY-_A9A4193\u00a9-Vanessa-Rabade-1536x1024.jpeg 1536w, http:\/\/culturaliagz.com\/wp-content\/uploads\/2024\/04\/KYOKY-_A9A4193\u00a9-Vanessa-Rabade-2048x1365.jpeg 2048w, http:\/\/culturaliagz.com\/wp-content\/uploads\/2024\/04\/KYOKY-_A9A4193\u00a9-Vanessa-Rabade-1080x720.jpeg 1080w, http:\/\/culturaliagz.com\/wp-content\/uploads\/2024\/04\/KYOKY-_A9A4193\u00a9-Vanessa-Rabade-1280x854.jpeg 1280w, http:\/\/culturaliagz.com\/wp-content\/uploads\/2024\/04\/KYOKY-_A9A4193\u00a9-Vanessa-Rabade-980x653.jpeg 980w, http:\/\/culturaliagz.com\/wp-content\/uploads\/2024\/04\/KYOKY-_A9A4193\u00a9-Vanessa-Rabade-480x320.jpeg 480w\" sizes=\"auto, (max-width: 1024px) 100vw, 1024px\" \/><\/a><\/figure>\n<\/div>\n\n\n<p><\/p>\n\n\n\n<p class=\"has-text-align-justify\"><strong>SOBRE A COMPA\u00d1\u00cdA<\/strong><br><br>Elefante Elegante nace do desexo de desenvolver unha linguaxe pl\u00e1stica, po\u00e9tica e universal que non dependa exclusivamente do texto e que permita indagar en tem\u00e1ticas de car\u00e1cter social e existencial. As s\u00faas creaci\u00f3ns xorden do di\u00e1logo do teatro f\u00edsico coa danza, coa m\u00fasica e coas artes visuais. Os espect\u00e1culos de Elefante Elegante est\u00e1n baseados na relaci\u00f3n do corpo co espazo e reflicten unha rigorosa investigaci\u00f3n de xestos, movementos e imaxes.<br><br>O xogo teatral bas\u00e9ase no traballo pl\u00e1stico dos int\u00e9rpretes e na s\u00faa constante interacci\u00f3n cos elementos escenogr\u00e1ficos. A narrativa das acci\u00f3ns f\u00edsicas var\u00eda entre a abstracci\u00f3n do movemento bailado e a construci\u00f3n da trama teatral. O corpo cont\u00e9n de seu todos os segredos e revelaci\u00f3ns dunha posta en escena que se fundamenta na organicidade do dispositivo esc\u00e9nico e na din\u00e1mica pict\u00f3rica da organizaci\u00f3n do espazo sonoro e literario.<br><br>A compa\u00f1\u00eda foi fundada por Mar\u00eda Torres e Gon\u00e7alo Guerreiro no ano 2000 e residiu os primeiros anos en B\u00e9lxica, ata instalarse en Galicia no 2007. O grupo comezou como un proxecto experimental do que fac\u00edan parte actrices e actores de diferentes pa\u00edses europeos. En escena, cada int\u00e9rprete falaba a s\u00faa propia lingua. Ese foi o motor para iniciar a s\u00faa pr\u00e1ctica en torno ao xogo corporal. Actualmente, Elefante Elegante ten a s\u00faa sede no concello de Culleredo (A Coru\u00f1a), onde \u00e9 compa\u00f1\u00eda residente. Os seus espect\u00e1culos foron reco\u00f1ecidos con varios premios Mar\u00eda Casares.<br><br>Este ano son candidatos aos Premios Max \u00e1 mellor direcci\u00f3n de escena e foron ga\u00f1adores dos Premios Mar\u00eda Casares 2024 \u00e1 mellor direcci\u00f3n de movemento pola obra\u00a0<em>Un hotel de primeira sobre o r\u00edo<\/em>, do Centro Dram\u00e1tico Galego.<\/p>\n\n\n\n<p><\/p>\n\n\n\n<p><\/p>\n\n\n<a href=\"http:\/\/culturaliagz.com\/wp-content\/uploads\/2024\/04\/20240417-NP-KYOKI-Elefante-Elegante-ARTEIXO.pdf\" class=\"pdfemb-viewer\" style=\"\" data-width=\"max\" data-height=\"max\" data-toolbar=\"bottom\" data-toolbar-fixed=\"off\">20240417-NP-KYOKI-Elefante-Elegante-ARTEIXO<\/a>\n<p class=\"wp-block-pdfemb-pdf-embedder-viewer\"><\/p>\n","protected":false},"excerpt":{"rendered":"<p>Este venres,&nbsp;19 de abril, \u00e1s&nbsp;18.30 h, a compa\u00f1\u00eda de teatro f\u00edsico liderada por Mar\u00eda Torres e Gon\u00e7alo Guerreiro leva a Arteixo unha peza de linguaxe xestual sobre sobre o esquecemento, [&hellip;]<\/p>\n","protected":false},"author":1,"featured_media":0,"comment_status":"open","ping_status":"open","sticky":false,"template":"","format":"standard","meta":{"_et_pb_use_builder":"","_et_pb_old_content":"","_et_gb_content_width":"","_jetpack_memberships_contains_paid_content":false,"footnotes":""},"categories":[23,7,6,57,1],"tags":[2163,1106,2164],"class_list":["post-15559","post","type-post","status-publish","format-standard","hentry","category-autoresas","category-creacion","category-novas","category-outras-artes","category-xeral","tag-auditorio-de-arteixo","tag-elefante-elegante","tag-kyoki"],"jetpack_featured_media_url":"","jetpack_sharing_enabled":true,"_links":{"self":[{"href":"http:\/\/culturaliagz.com\/index.php?rest_route=\/wp\/v2\/posts\/15559","targetHints":{"allow":["GET"]}}],"collection":[{"href":"http:\/\/culturaliagz.com\/index.php?rest_route=\/wp\/v2\/posts"}],"about":[{"href":"http:\/\/culturaliagz.com\/index.php?rest_route=\/wp\/v2\/types\/post"}],"author":[{"embeddable":true,"href":"http:\/\/culturaliagz.com\/index.php?rest_route=\/wp\/v2\/users\/1"}],"replies":[{"embeddable":true,"href":"http:\/\/culturaliagz.com\/index.php?rest_route=%2Fwp%2Fv2%2Fcomments&post=15559"}],"version-history":[{"count":2,"href":"http:\/\/culturaliagz.com\/index.php?rest_route=\/wp\/v2\/posts\/15559\/revisions"}],"predecessor-version":[{"id":15564,"href":"http:\/\/culturaliagz.com\/index.php?rest_route=\/wp\/v2\/posts\/15559\/revisions\/15564"}],"wp:attachment":[{"href":"http:\/\/culturaliagz.com\/index.php?rest_route=%2Fwp%2Fv2%2Fmedia&parent=15559"}],"wp:term":[{"taxonomy":"category","embeddable":true,"href":"http:\/\/culturaliagz.com\/index.php?rest_route=%2Fwp%2Fv2%2Fcategories&post=15559"},{"taxonomy":"post_tag","embeddable":true,"href":"http:\/\/culturaliagz.com\/index.php?rest_route=%2Fwp%2Fv2%2Ftags&post=15559"}],"curies":[{"name":"wp","href":"https:\/\/api.w.org\/{rel}","templated":true}]}}