{"id":15480,"date":"2024-04-08T23:57:47","date_gmt":"2024-04-08T22:57:47","guid":{"rendered":"http:\/\/culturaliagz.com\/?p=15480"},"modified":"2024-04-08T23:57:50","modified_gmt":"2024-04-08T22:57:50","slug":"publicanse-as-bases-do-9o-certame-de-creacion-en-danza-de-solodos-en-danza-ourense-2024","status":"publish","type":"post","link":"http:\/\/culturaliagz.com\/?p=15480","title":{"rendered":"Publ\u00edcanse as bases do 9\u00ba certame de creaci\u00f3n en danza de S\u00f3LODOS En Danza Ourense 2024"},"content":{"rendered":"\n<p><\/p>\n\n\n<div class=\"wp-block-image\">\n<figure class=\"aligncenter size-large\"><a href=\"http:\/\/culturaliagz.com\/wp-content\/uploads\/2024\/04\/diegogarrido_solodos_en_danza_ou_23_11-scaled.jpg\" target=\"_blank\" rel=\"noreferrer noopener\"><img loading=\"lazy\" decoding=\"async\" width=\"1024\" height=\"678\" src=\"http:\/\/culturaliagz.com\/wp-content\/uploads\/2024\/04\/diegogarrido_solodos_en_danza_ou_23_11-1024x678.jpg\" alt=\"\" class=\"wp-image-15481\" srcset=\"http:\/\/culturaliagz.com\/wp-content\/uploads\/2024\/04\/diegogarrido_solodos_en_danza_ou_23_11-980x649.jpg 980w, http:\/\/culturaliagz.com\/wp-content\/uploads\/2024\/04\/diegogarrido_solodos_en_danza_ou_23_11-480x318.jpg 480w\" sizes=\"auto, (min-width: 0px) and (max-width: 480px) 480px, (min-width: 481px) and (max-width: 980px) 980px, (min-width: 981px) 1024px, 100vw\" \/><\/a><\/figure>\n<\/div>\n\n\n<p><\/p>\n\n\n\n<p><\/p>\n\n\n\n<p class=\"has-text-align-justify\">A 9\u00ba edici\u00f3n de S\u00f3LODOS En Danza Ourense ponse en marcha coa publicaci\u00f3n das bases do certame de creaci\u00f3n para d\u00faos e solos de danza.<\/p>\n\n\n\n<p class=\"has-text-align-justify\">A final do&nbsp;certame celebrarase na cidade de Ourense co p\u00fablico escolar e a localidade de Xunqueira de Espadanedo coa final e entrega de premios do certame o d\u00eda 14 de xu\u00f1o. O d\u00eda anterior as artistas finalistas realizar\u00e1n un encontro en A Casa Vella en Amiadoso \u2013 Allariz.<\/p>\n\n\n\n<p>Bases do certame:<\/p>\n\n\n\n<p>S\u00f3LODOS EN DANZA \/ OURENSE \/ 2024<\/p>\n\n\n\n<p>CERTAME DE CREACI\u00d3N DE D\u00daOS E&nbsp;SOLOS<\/p>\n\n\n\n<p>BASES PARA O CERTAME DE CREACI\u00d3N de D\u00daOS E&nbsp;SOLOS<\/p>\n\n\n\n<p>DATA L\u00cdMITE DE PRESENTACI\u00d3N DE PROPOSTAS: 19 \/ 05 \/ 2024<\/p>\n\n\n\n<p>DATAS: 13 e&nbsp;14 de xu\u00f1o de 2024<\/p>\n\n\n\n<p>LUGAR: Ourense, Galicia, Espa\u00f1a.<\/p>\n\n\n\n<p><strong>PRESENTACI\u00d3N DE PROPOSTAS:<\/strong><\/p>\n\n\n\n<p class=\"has-text-align-justify\">1. Poden participar todas as coreograf\u00edas (d\u00faos e solos) de creadores residentes en Espa\u00f1a maiores de 18 anos. Os int\u00e9rpretes das obras tam\u00e9n deber\u00e1n ser maiores de 18 anos.<\/p>\n\n\n\n<p class=\"has-text-align-justify\">2. Poderanse presentar solos e d\u00faos de danza contempor\u00e1nea. As pezas ser\u00e1n interpretadas por un ou dous artistas. \u00c9 fundamental que o creador (tanto en solo como en d\u00fao) sexa un int\u00e9rprete da obra.<\/p>\n\n\n\n<p class=\"has-text-align-justify\">3. A duraci\u00f3n da obra presentada ser\u00e1 de entre 8 e 10 minutos.Se a creaci\u00f3n supera os 10 minutos, a peza non poder\u00e1 participar no concurso.<\/p>\n\n\n\n<p class=\"has-text-align-justify\">4. A peza enviada en gravaci\u00f3n para a preselecci\u00f3n ser\u00e1 a mesma que a presentada o d\u00eda do concurso. Non se permitir\u00e1n cambios substanciais. Os v\u00eddeos poden mostrarse con todos os seus elementos, ou simplemente unha gravaci\u00f3n de ensaio. A gravaci\u00f3n debe ser nun plano fixo, sen montaxe, onde se poida ver toda a obra.<\/p>\n\n\n\n<p class=\"has-text-align-justify\">5. S\u00f3LODOS EN DANZA \/ Ourense \/ 2024&nbsp;cel\u00e9brase na r\u00faa, na provincia de Ourense. Tecnicamente s\u00f3 haber\u00e1 equipos de son.<\/p>\n\n\n\n<p class=\"has-text-align-justify\">6. As obras presentadas deber\u00e1n ser flexibles para ser bailadas na r\u00faa ou no teatro, sen distinci\u00f3n. O percorrido en Costa Rica real\u00edzase, principalmente, en espazos non convencionais, parques, prazas, r\u00faas, colexios.<\/p>\n\n\n\n<p>7. Un mesmo creador pode presentar varias obras ao concurso, neste caso s\u00f3 se poder\u00e1 seleccionar unha.<\/p>\n\n\n\n<p class=\"has-text-align-justify\">8. Farase unha preselecci\u00f3n por v\u00eddeo, de ata 4 creaci\u00f3ns de d\u00faos e solos, que se presentar\u00e1n en S\u00f3LODOS EN DANZA \/ Ourense \/ 2024. Os artistas finalistas deber\u00e1n participar en todas as actividades programadas pola organizaci\u00f3n o xoves 13 de xu\u00f1o e o venres 14 de xu\u00f1o. Ter\u00e1n que estar en Ourense para as actividades programadas a partir do xoves 13 de xu\u00f1o para as actividades que comezar\u00e1n \u00e1s 16.00 horas e o d\u00eda 14 (todo o d\u00eda).<\/p>\n\n\n\n<p>9. Documentos para enviar a t\u00faa proposta:<\/p>\n\n\n\n<p class=\"has-text-align-justify\">a\/ V\u00cdDEO da Coreograf\u00eda: a trav\u00e9s dunha ligaz\u00f3n a YouTube, Vimeo ou outro portal de internet onde se poden subir e ver v\u00eddeos publicamente. O t\u00edtulo da ligaz\u00f3n do v\u00eddeo aparecer\u00e1 do seguinte xeito: T\u00edtulo da peza\u2026\u2026\u2026 \/ Nome do creador&#8230;&#8230;&#8230;<\/p>\n\n\n\n<p>b\/ Tam\u00e9n ter\u00e1s que achegar por correo electr\u00f3nico a seguinte INFORMACI\u00d3N:<\/p>\n\n\n\n<p>. Pequeno texto explicando por que queres participar.<\/p>\n\n\n\n<p>. T\u00edtulo da peza \/ Nome do creador<\/p>\n\n\n\n<p>. Breve texto sobre o traballo presentado (m\u00e1ximo 5 li\u00f1as) e ligaz\u00f3n ao v\u00eddeo.<\/p>\n\n\n\n<p>\u00b7 Nacionalidade, lugar de residencia e idade do creador.<\/p>\n\n\n\n<p>. Correo electr\u00f3nico e contacto telef\u00f3nico.<\/p>\n\n\n\n<p>. Nome e apelidos, idade, provincia\/cidade de residencia e nacionalidade do\/s int\u00e9rprete\/s.<\/p>\n\n\n\n<p>. Curr\u00edculums do Creador e dos int\u00e9rpretes. M\u00e1ximo unha p\u00e1xina para cada un artista!!<\/p>\n\n\n\n<p class=\"has-text-align-justify\">Toda esta informaci\u00f3n: ligaz\u00f3n de v\u00eddeo e informaci\u00f3n requirida, enviarase ao seguinte enderezo electr\u00f3nico: solodosendanza@gmail.com.<\/p>\n\n\n\n<p class=\"has-text-align-justify\">10. Un equipo de profesionais avaliar\u00e1 os v\u00eddeos e seleccionar\u00e1 aqueles que consideren oportunos. O domingo 19 de maio de 2024 \u00e1s 23:59 ser\u00e1 o \u00faltimo d\u00eda para recibir as propostas e documentaci\u00f3n requirida.<\/p>\n\n\n\n<p class=\"has-text-align-justify\">11. O LUNS 27 de maio de 2024 publicaranse as obras seleccionadas na web e redes sociais de Solodos En Danza. A organizaci\u00f3n porase en contacto s\u00f3 cos seleccionados.<\/p>\n\n\n\n<p class=\"has-text-align-justify\">12. S\u00f3LODOS EN DANZA non asumir\u00e1 ning\u00fan gasto finalista (correspondente a traslados, manutenci\u00f3n e desprazamento), s\u00f3 S\u00f3LODOS asumir\u00e1 o aloxamento dos artistas participantes na cidade de Ourense os d\u00edas 13 e 14 no Albergue que colabora co proxecto.<\/p>\n\n\n\n<p class=\"has-text-align-justify\">13. Todo o material videogr\u00e1fico xerado por S\u00f3LODOS EN DANZA quedar\u00e1 a disposici\u00f3n da organizaci\u00f3n. A organizaci\u00f3n res\u00e9rvase o dereito de conservar todo o material presentado, inclu\u00eddas as obras non seleccionadas para o seu arquivo hist\u00f3rico; As\u00ed mesmo, a organizaci\u00f3n quedar\u00e1 exenta dos dereitos sobre as imaxes tomadas polo fot\u00f3grafo da organizaci\u00f3n durante o evento. As canles de televisi\u00f3n locais, rexionais e nacionais poder\u00e1n filmar libremente o evento s\u00f3 con fins informativos; ning\u00fan core\u00f3grafo ou int\u00e9rprete poder\u00e1 impedir a rodaxe das actividades.<\/p>\n\n\n\n<p>14. Calquera outro suposto non inclu\u00eddo nestas bases ser\u00e1 resolto pola direcci\u00f3n do Concurso.<\/p>\n\n\n\n<p class=\"has-text-align-justify\">15. Estar seleccionado no concurso implica a aceptaci\u00f3n destas bases. O incumprimento poder\u00e1 deixar a creaci\u00f3n premiada sen premio.<\/p>\n\n\n\n<p><strong>CONTEXTO NO QUE SE CELEBRA S\u00d3LODOS EN DANZA\/ OURENSE \/ 2024:<\/strong><\/p>\n\n\n\n<p class=\"has-text-align-justify\">S\u00f3LODOS EN DANZA \u00e9 un proxecto de Cooperaci\u00f3n Cultural, un proxecto art\u00edstico-social que xera intercambio e mobilidade entre artistas iberoamericanos. Utiliza diferentes estratexias de colaboraci\u00f3n para constru\u00edr unha ponte cultural entre artistas de dous continentes (Am\u00e9rica\/Europa). Tr\u00e1tase dun proxecto de cooperaci\u00f3n cultural sen \u00e1nimo de lucro.<\/p>\n\n\n\n<p class=\"has-text-align-justify\">S\u00f3LODOS EN DANZA \u00e9 un espazo de colaboraci\u00f3n e intercambio entre instituci\u00f3ns p\u00fablicas e privadas, festivais, entidades sociais e culturais e artistas. As colaboraci\u00f3ns real\u00edzanse grazas ao esforzo das persoas implicadas nos diferentes proxectos. A plataforma ofrece bolsas, residencias art\u00edsticas, intercambios t\u00e9cnicos profesionais, coaching con acad\u00e9micos especializados en artes esc\u00e9nicas, entre outros.<\/p>\n\n\n\n<p><strong>PREMIO S\u00f3LODOS EN DANZA \/ OURENSE \/ 2024 con XIRA a COSTA RICA:<\/strong><\/p>\n\n\n\n<p class=\"has-text-align-justify\">Os obxectivos deste premio son facilitar a mobilidade dos mozos creadores, promover encontros entre profesionais da interpretaci\u00f3n iberoamericanas, crear un espazo de intercambio de ideas e proxectos nun contexto \u00fanico como S\u00f3LODOS EN DANZA \/ COSTA RICA \/ 2025. S\u00f3LODOS EN DANZA premiar\u00e1 a unha obra e ao seu creador-int\u00e9rprete ou creadores-int\u00e9rpretes, para que participen no Festival de diferentes comunidades costarricenses. Desenvolver\u00e1 unha residencia art\u00edstica xunto con outros compa\u00f1eiros iberoamericanos no espazo de Creaci\u00f3n e Investigaci\u00f3n S\u00f3LODOS Costa Rica. Tam\u00e9n ter\u00e1n encontros cos colaboradores do proxecto, Universidades, escolas de arte, plataformas culturais comunitarias, Escolas de Danza estatais e privadas, encontros con artistas locais, obradoiros e clases maxistrais con diferentes profesores internacionais.<\/p>\n\n\n\n<p class=\"has-text-align-justify\">S\u00f3LODOS En Danza facilitaralle o(s) billete(s) de avi\u00f3n a Costa Rica (con sa\u00edda de Madrid &#8211; San Jos\u00e9, Costa Rica &#8211; Madrid) ao\/s ga\u00f1ador\/es, coordinando os seus traslados, aloxamento e comidas durante toda a xira en Costa Rica. A organizaci\u00f3n acompa\u00f1ar\u00e1 aos artistas durante o seu percorrido polos diferentes lugares.<\/p>\n\n\n\n<p>PREMIO:<\/p>\n\n\n\n<p>. Viaxe a Costa Rica. Sa\u00edda de Madrid &#8211; Costa Rica &#8211; Madrid. Datas en novembro de 2025, a concretar pola organizaci\u00f3n.<\/p>\n\n\n\n<p>. Percorrido por diferentes rexi\u00f3ns de Costa Rica, en espazos pouco convencionais.<\/p>\n\n\n\n<p>. Participaci\u00f3n na edici\u00f3n de S\u00f3LODOS EN DANZA \/ Costa Rica \/ 2025.<\/p>\n\n\n\n<p>. Obradoiros internacionais (recibir e impartir).<\/p>\n\n\n\n<p>. Coaching e Residencia Art\u00edstica con profesionais e acad\u00e9micos especializados en artes esc\u00e9nicas.<\/p>\n\n\n\n<p>. Este premio non sup\u00f3n retribuci\u00f3n econ\u00f3mica ningunha.<\/p>\n\n\n\n<p><strong>OUTROS PREMIOS \/ MENCI\u00d3NS :<\/strong><\/p>\n\n\n\n<p>.COREOGRAF\u00cdA FINALISTA en &#8220;BAILANDO CON PIEDRAS&#8221; 2024.<\/p>\n\n\n\n<p class=\"has-text-align-justify\">A coreograf\u00eda pasar\u00e1 \u00e1 final do concurso &#8220;Bailando con piedras&#8221;, do Certame Internacional de Coreograf\u00eda Burgos &#8211; Nova York, que ter\u00e1 lugar o 23 de xullo de 2024, na cidade de Burgos.<\/p>\n\n\n\n<p>.COREOGRAF\u00cdA PROGRAMADA no FESTIVAL &#8220;MANHATTAN&#8221; 2025.<\/p>\n\n\n\n<p class=\"has-text-align-justify\">A coreograf\u00eda programarase no Festival Manhattan de Murillo de G\u00e1llego, Zaragoza, no ver\u00e1n de 2025, datas a determinar pola organizaci\u00f3n do Festival.<\/p>\n\n\n\n<p>.MENCI\u00d3N XOVE 2025.<\/p>\n\n\n\n<p class=\"has-text-align-justify\">O p\u00fablico escolar votar\u00e1 para escoller a s\u00faa coreograf\u00eda favorita. A coreograf\u00eda ser\u00e1 Menci\u00f3n Xove do P\u00fablico Escolar 2025.<\/p>\n\n\n\n<p class=\"has-text-align-justify\">Imaxe adxunta: Diego Garrido, ga\u00f1ador de S\u00f3LODOS En Danza Ourense ca s\u00faa peza Nunca bailar\u00e9 solo. Foto de Manu Lago &#8211; S\u00f3lodos En Danza<\/p>\n\n\n\n<p><a href=\"http:\/\/www.solodos.es\/\">www.solodos.es<\/a><\/p>\n","protected":false},"excerpt":{"rendered":"<p>A 9\u00ba edici\u00f3n de S\u00f3LODOS En Danza Ourense ponse en marcha coa publicaci\u00f3n das bases do certame de creaci\u00f3n para d\u00faos e solos de danza. A final do&nbsp;certame celebrarase na [&hellip;]<\/p>\n","protected":false},"author":1,"featured_media":0,"comment_status":"open","ping_status":"open","sticky":false,"template":"","format":"standard","meta":{"_et_pb_use_builder":"","_et_pb_old_content":"","_et_gb_content_width":"","_jetpack_memberships_contains_paid_content":false,"footnotes":""},"categories":[23,7,6,57,1],"tags":[2145],"class_list":["post-15480","post","type-post","status-publish","format-standard","hentry","category-autoresas","category-creacion","category-novas","category-outras-artes","category-xeral","tag-solodos-en-danza-ourense-2024"],"jetpack_featured_media_url":"","jetpack_sharing_enabled":true,"_links":{"self":[{"href":"http:\/\/culturaliagz.com\/index.php?rest_route=\/wp\/v2\/posts\/15480","targetHints":{"allow":["GET"]}}],"collection":[{"href":"http:\/\/culturaliagz.com\/index.php?rest_route=\/wp\/v2\/posts"}],"about":[{"href":"http:\/\/culturaliagz.com\/index.php?rest_route=\/wp\/v2\/types\/post"}],"author":[{"embeddable":true,"href":"http:\/\/culturaliagz.com\/index.php?rest_route=\/wp\/v2\/users\/1"}],"replies":[{"embeddable":true,"href":"http:\/\/culturaliagz.com\/index.php?rest_route=%2Fwp%2Fv2%2Fcomments&post=15480"}],"version-history":[{"count":1,"href":"http:\/\/culturaliagz.com\/index.php?rest_route=\/wp\/v2\/posts\/15480\/revisions"}],"predecessor-version":[{"id":15482,"href":"http:\/\/culturaliagz.com\/index.php?rest_route=\/wp\/v2\/posts\/15480\/revisions\/15482"}],"wp:attachment":[{"href":"http:\/\/culturaliagz.com\/index.php?rest_route=%2Fwp%2Fv2%2Fmedia&parent=15480"}],"wp:term":[{"taxonomy":"category","embeddable":true,"href":"http:\/\/culturaliagz.com\/index.php?rest_route=%2Fwp%2Fv2%2Fcategories&post=15480"},{"taxonomy":"post_tag","embeddable":true,"href":"http:\/\/culturaliagz.com\/index.php?rest_route=%2Fwp%2Fv2%2Ftags&post=15480"}],"curies":[{"name":"wp","href":"https:\/\/api.w.org\/{rel}","templated":true}]}}