{"id":15468,"date":"2024-04-03T22:24:48","date_gmt":"2024-04-03T21:24:48","guid":{"rendered":"http:\/\/culturaliagz.com\/?p=15468"},"modified":"2024-04-03T22:24:52","modified_gmt":"2024-04-03T21:24:52","slug":"deafkids-abren-este-venres-5-na-sala-radar-a-nova-edicion-do-sinsal-primavera","status":"publish","type":"post","link":"http:\/\/culturaliagz.com\/?p=15468","title":{"rendered":"Deafkids abren este venres 5 na sala Radar a nova edici\u00f3n do Sinsal Primavera"},"content":{"rendered":"\n<p><\/p>\n\n\n<div class=\"wp-block-image\">\n<figure class=\"aligncenter size-large\"><a href=\"http:\/\/culturaliagz.com\/wp-content\/uploads\/2024\/04\/DEAFKIDS-PROMO.jpeg\" target=\"_blank\" rel=\"noreferrer noopener\"><img loading=\"lazy\" decoding=\"async\" width=\"1024\" height=\"737\" src=\"http:\/\/culturaliagz.com\/wp-content\/uploads\/2024\/04\/DEAFKIDS-PROMO-1024x737.jpeg\" alt=\"\" class=\"wp-image-15469\" srcset=\"http:\/\/culturaliagz.com\/wp-content\/uploads\/2024\/04\/DEAFKIDS-PROMO-1024x737.jpeg 1024w, http:\/\/culturaliagz.com\/wp-content\/uploads\/2024\/04\/DEAFKIDS-PROMO-980x706.jpeg 980w, http:\/\/culturaliagz.com\/wp-content\/uploads\/2024\/04\/DEAFKIDS-PROMO-480x346.jpeg 480w\" sizes=\"auto, (min-width: 0px) and (max-width: 480px) 480px, (min-width: 481px) and (max-width: 980px) 980px, (min-width: 981px) 1024px, 100vw\" \/><\/a><\/figure>\n<\/div>\n\n\n<p><\/p>\n\n\n\n<p><\/p>\n\n\n\n<p class=\"has-text-align-justify\"><strong>Os brasileiros estrearanse en Galicia no evento organizado por Sinsalaudio,\u00a0que comezar\u00e1 \u00e1s 21.30 horas e cuxas entradas est\u00e1n \u00e1 venda en\u00a0<\/strong><a href=\"http:\/\/www.enterticket.es\/\" target=\"_blank\" rel=\"noreferrer noopener\"><strong>www.enterticket.es<\/strong><\/a><\/p>\n\n\n\n<p class=\"has-text-align-justify\"><strong><br><\/strong>Este venres,\u00a05 de abril, comeza o\u00a0<strong><a href=\"https:\/\/festival.sins.al\/es\">Sinsal Primavera 2024<\/a><\/strong>, o evento especializado en m\u00fasica de vangarda que a promotora viguesa Sinsalaudio, responsable do festival Sinsal SON Estrella Galicia, promove na s\u00faa cidade. A cita, que conta coa colaboraci\u00f3n principal do Concello de Vigo, procura visualizar proxectos musicais de vangarda dunha ampla variedade estil\u00edstica e que cuxa inclusi\u00f3n no circu\u00edto habitual da programaci\u00f3n das salas de concertos \u00e9 infrecuente.<\/p>\n\n\n\n<p><\/p>\n\n\n<div class=\"wp-block-image\">\n<figure class=\"aligncenter size-large\"><a href=\"http:\/\/culturaliagz.com\/wp-content\/uploads\/2024\/04\/DEAFKIDS_PROMO_2019_COLOR3_CREDIT_JEAN_RIBEIRO.jpeg\" target=\"_blank\" rel=\"noreferrer noopener\"><img loading=\"lazy\" decoding=\"async\" width=\"1024\" height=\"683\" src=\"http:\/\/culturaliagz.com\/wp-content\/uploads\/2024\/04\/DEAFKIDS_PROMO_2019_COLOR3_CREDIT_JEAN_RIBEIRO-1024x683.jpeg\" alt=\"\" class=\"wp-image-15470\" srcset=\"http:\/\/culturaliagz.com\/wp-content\/uploads\/2024\/04\/DEAFKIDS_PROMO_2019_COLOR3_CREDIT_JEAN_RIBEIRO-1024x683.jpeg 1024w, http:\/\/culturaliagz.com\/wp-content\/uploads\/2024\/04\/DEAFKIDS_PROMO_2019_COLOR3_CREDIT_JEAN_RIBEIRO-980x653.jpeg 980w, http:\/\/culturaliagz.com\/wp-content\/uploads\/2024\/04\/DEAFKIDS_PROMO_2019_COLOR3_CREDIT_JEAN_RIBEIRO-480x320.jpeg 480w\" sizes=\"auto, (min-width: 0px) and (max-width: 480px) 480px, (min-width: 481px) and (max-width: 980px) 980px, (min-width: 981px) 1024px, 100vw\" \/><\/a><\/figure>\n<\/div>\n\n\n<p><\/p>\n\n\n\n<p class=\"has-text-align-justify\"><strong><a href=\"https:\/\/www.instagram.com\/deaf_kids\/\">Deafkids<\/a>\u00a0<\/strong>ser\u00e1 a responsable de abrir o Sinsal Primavera, precisamente, nunha das principais salas de m\u00fasica ao vivo da cidade viguesa: Radar. A banda brasileira,<strong>\u00a0<\/strong>cuxo estilo transita entre o rock, a psicodelia, o noise, o hardcore punk, o heavy metal, o jazz espiritual ou mesmo a m\u00fasica africana -todos os x\u00e9neros son benvidos para o grupo-, \u00e9 unha das propostas m\u00e1is interesantes da escena da m\u00fasica experimental do seu pa\u00eds, especialmente pola procura incesante de novas sonoridades e da \u201cdesprogramaci\u00f3n s\u00f3nica da mente\u201d. O proxecto creativo liderado por Douglas Leal, xurdido na localidade industrial de Volta Redonda (Rio de Janeiro), chegar\u00e1 por vez primeira a Galicia para amosar o seu xeito de entender a experimentaci\u00f3n musical, da que dan boa conta no seu \u00faltimo traballo discogr\u00e1fico,\u00a0<a href=\"https:\/\/deafkidspunx.bandcamp.com\/album\/ritos-do-colapso\"><em>Ritos do Colapso<\/em><\/a>\u00a0(2023). O \u00e1lbum parte do clima dist\u00f3pico xerado pola pandemia da Covid-19 para ampliar o seu universo sonoro, intentando xerar unha sorte de banda sonora de escenarios imaxinarios sobre ese momento hist\u00f3rico.\u00a0<br><br>O concerto de Deafkids comezar\u00e1 \u00e1s 21.30 horas do venres 5, mais a apertura de portas ter\u00e1 lugar \u00e1s 21.00 horas. As entradas para o primeiro directo do Sinsal Primavera 2024 est\u00e1n \u00e1 venda, desde 10 euros (m\u00e1is gastos de xesti\u00f3n), na plataforma en li\u00f1a\u00a0<a href=\"http:\/\/www.enterticket.es\/\">www.<\/a><a href=\"http:\/\/www.enterticket.es\/\" target=\"_blank\" rel=\"noreferrer noopener\">enterticket<\/a><a href=\"http:\/\/www.enterticket.es\/\">.es<\/a>.\u00a0<br><br><br><strong>Sinsal Primavera continuar\u00e1 no MARCO<\/strong><br><\/p>\n\n\n\n<p class=\"has-text-align-justify\">Logo do concerto de apertura na Sala Radar, Sinsal Primavera trasladar\u00e1 a s\u00faa actividade ao&nbsp;<strong>MARCO<\/strong>&nbsp;(Museo de Arte Contempor\u00e1nea de Vigo). Al\u00ed continuar\u00e1 o&nbsp;<strong>19 de abril&nbsp;<\/strong>coa actuaci\u00f3n, en ac\u00fastico, da estadounidense&nbsp;<strong>Kristin Hersh<\/strong>, unha das voces m\u00e1is representativas da escena underground norteamericana e que se atopa de xira por Europa; mentres que o xoves&nbsp;<strong>9 de maio<\/strong>ser\u00e1 a quenda do saxofonista berlin\u00e9s<strong>&nbsp;Julius Gabriel,<\/strong>&nbsp;m\u00fasico que se mergulla nos l\u00edmites e complexidades do instrumento desde a improvisaci\u00f3n e as novas tecnolox\u00edas.&nbsp;<\/p>\n\n\n\n<p><br><br><strong>SINSAL PRIMAVERA 2024<\/strong><\/p>\n\n\n\n<p>Data:\u00a0Venres\u00a05 de abril<br>Hora:\u00a021.30h\u00a0(apertura de portas \u00e1s 21.00 horas)<br>Lugar: Sala Radar<br>Evento: Concerto de Deafkids<br><br><br>Escoita Deafkids en\u00a0<a href=\"https:\/\/deafkidspunx.bandcamp.com\/\">Bandcamp<\/a><br>Escoita Deafkids en\u00a0<a href=\"https:\/\/open.spotify.com\/artist\/6SNjNqLGVBime9bLOFXWqZ?si=FDEbEMvUTtu3krXTKuNIug\">Spotify<\/a><\/p>\n\n\n\n<p><\/p>\n\n\n<a href=\"http:\/\/culturaliagz.com\/wp-content\/uploads\/2024\/04\/20240403-NP-GAL-Sinsal-Primavera-2024-DEAFKIDS.pdf\" class=\"pdfemb-viewer\" style=\"\" data-width=\"max\" data-height=\"max\" data-toolbar=\"bottom\" data-toolbar-fixed=\"off\">20240403-NP-GAL-Sinsal-Primavera-2024-DEAFKIDS<\/a>\n<p class=\"wp-block-pdfemb-pdf-embedder-viewer\"><\/p>\n","protected":false},"excerpt":{"rendered":"<p>Os brasileiros estrearanse en Galicia no evento organizado por Sinsalaudio,\u00a0que comezar\u00e1 \u00e1s 21.30 horas e cuxas entradas est\u00e1n \u00e1 venda en\u00a0www.enterticket.es Este venres,\u00a05 de abril, comeza o\u00a0Sinsal Primavera 2024, o [&hellip;]<\/p>\n","protected":false},"author":1,"featured_media":0,"comment_status":"open","ping_status":"open","sticky":false,"template":"","format":"standard","meta":{"_et_pb_use_builder":"","_et_pb_old_content":"","_et_gb_content_width":"","_jetpack_memberships_contains_paid_content":false,"footnotes":""},"categories":[23,7,6,57,1],"tags":[2143,1234,1586,2142],"class_list":["post-15468","post","type-post","status-publish","format-standard","hentry","category-autoresas","category-creacion","category-novas","category-outras-artes","category-xeral","tag-deafkids","tag-festival-sinsal-son-estrella-galicia","tag-sala-radar","tag-sinsal-primavera-2024"],"jetpack_featured_media_url":"","jetpack_sharing_enabled":true,"_links":{"self":[{"href":"http:\/\/culturaliagz.com\/index.php?rest_route=\/wp\/v2\/posts\/15468","targetHints":{"allow":["GET"]}}],"collection":[{"href":"http:\/\/culturaliagz.com\/index.php?rest_route=\/wp\/v2\/posts"}],"about":[{"href":"http:\/\/culturaliagz.com\/index.php?rest_route=\/wp\/v2\/types\/post"}],"author":[{"embeddable":true,"href":"http:\/\/culturaliagz.com\/index.php?rest_route=\/wp\/v2\/users\/1"}],"replies":[{"embeddable":true,"href":"http:\/\/culturaliagz.com\/index.php?rest_route=%2Fwp%2Fv2%2Fcomments&post=15468"}],"version-history":[{"count":3,"href":"http:\/\/culturaliagz.com\/index.php?rest_route=\/wp\/v2\/posts\/15468\/revisions"}],"predecessor-version":[{"id":15474,"href":"http:\/\/culturaliagz.com\/index.php?rest_route=\/wp\/v2\/posts\/15468\/revisions\/15474"}],"wp:attachment":[{"href":"http:\/\/culturaliagz.com\/index.php?rest_route=%2Fwp%2Fv2%2Fmedia&parent=15468"}],"wp:term":[{"taxonomy":"category","embeddable":true,"href":"http:\/\/culturaliagz.com\/index.php?rest_route=%2Fwp%2Fv2%2Fcategories&post=15468"},{"taxonomy":"post_tag","embeddable":true,"href":"http:\/\/culturaliagz.com\/index.php?rest_route=%2Fwp%2Fv2%2Ftags&post=15468"}],"curies":[{"name":"wp","href":"https:\/\/api.w.org\/{rel}","templated":true}]}}