{"id":15444,"date":"2024-03-28T23:35:02","date_gmt":"2024-03-28T22:35:02","guid":{"rendered":"http:\/\/culturaliagz.com\/?p=15444"},"modified":"2024-03-28T23:36:43","modified_gmt":"2024-03-28T22:36:43","slug":"representacion-teatral-da-obra-a-liorta-a-cargo-do-grupo-avelaina-teatro-no-auditorio-municipal-de-vilalba","status":"publish","type":"post","link":"http:\/\/culturaliagz.com\/?p=15444","title":{"rendered":"Representaci\u00f3n teatral da obra A LIORTA, a cargo do grupo\u00a0Avela\u00ed\u00f1a Teatro, no Auditorio Municipal de Vilalba"},"content":{"rendered":"\n<p><\/p>\n\n\n<div class=\"wp-block-image\">\n<figure class=\"aligncenter size-large is-resized\"><a href=\"http:\/\/culturaliagz.com\/wp-content\/uploads\/2024\/03\/CARTAZ-A-LIORTA_DEF-copia-scaled.jpeg\" target=\"_blank\" rel=\"noreferrer noopener\"><img loading=\"lazy\" decoding=\"async\" width=\"717\" height=\"1024\" src=\"http:\/\/culturaliagz.com\/wp-content\/uploads\/2024\/03\/CARTAZ-A-LIORTA_DEF-copia-717x1024.jpeg\" alt=\"\" class=\"wp-image-15445\" style=\"width:717px;height:auto\"\/><\/a><\/figure>\n<\/div>\n\n\n<p><\/p>\n\n\n\n<p><\/p>\n\n\n\n<p class=\"has-text-align-justify\">O <a href=\"https:\/\/estudoschairegos.gal\/\">Instituto de Estudos Chairegos<\/a>, en colaboraci\u00f3n co Concello de Vilalba, organiza a representaci\u00f3n teatral <strong><a href=\"https:\/\/estudoschairegos.gal\/representacion-teatral-a-liorta-a-cargo-do-grupo-avelaina-teatro-coa-direccion-de-antonio-simon-sabado-6-de-abril-de-2024-as-1930-horas-no-auditorio-municipal-de-vilalba\/\">A LIORTA<\/a><\/strong> a cargo do grupo&nbsp;<strong>AVELA\u00cd\u00d1A TEATRO<\/strong>, dirixido por&nbsp;<strong>ANTONIO SIM\u00d3N<\/strong>.<\/p>\n\n\n\n<p class=\"has-text-align-justify\">O acto ter\u00e1 lugar o&nbsp;<strong>s\u00e1bado 6 de abril de 2024, \u00e1s 19:30&nbsp;horas<\/strong>, no&nbsp;<strong>Auditorio Municipal de Vilalba<\/strong>.<\/p>\n\n\n\n<p class=\"has-text-align-justify\" style=\"font-size:13px\"><em>A ENTRADA SER\u00c1 DE BALDE, PERO HABER\u00c1 QUE REALIZAR A CORRESPONDENTE RESERVA BEN NA P\u00c1XINA WEB DO CONCELLO, BEN NA CASA DA CULTURA OU O MESMO D\u00cdA NO AUDITORIO.<\/em><\/p>\n\n\n\n<p><\/p>\n\n\n<a href=\"http:\/\/culturaliagz.com\/wp-content\/uploads\/2024\/03\/NOTA-INFORMATIVA-A-LIORTA.pdf\" class=\"pdfemb-viewer\" style=\"\" data-width=\"max\" data-height=\"max\" data-toolbar=\"bottom\" data-toolbar-fixed=\"off\">NOTA-INFORMATIVA-A-LIORTA<\/a>\n<p class=\"wp-block-pdfemb-pdf-embedder-viewer\"><\/p>\n","protected":false},"excerpt":{"rendered":"<p>O Instituto de Estudos Chairegos, en colaboraci\u00f3n co Concello de Vilalba, organiza a representaci\u00f3n teatral A LIORTA a cargo do grupo&nbsp;AVELA\u00cd\u00d1A TEATRO, dirixido por&nbsp;ANTONIO SIM\u00d3N. O acto ter\u00e1 lugar o&nbsp;s\u00e1bado [&hellip;]<\/p>\n","protected":false},"author":1,"featured_media":0,"comment_status":"open","ping_status":"open","sticky":false,"template":"","format":"standard","meta":{"_et_pb_use_builder":"","_et_pb_old_content":"","_et_gb_content_width":"","_jetpack_memberships_contains_paid_content":false,"footnotes":""},"categories":[23,7,129,6,57,1],"tags":[2133,313,2134,30,234],"class_list":["post-15444","post","type-post","status-publish","format-standard","hentry","category-autoresas","category-creacion","category-literaria","category-novas","category-outras-artes","category-xeral","tag-a-liorta","tag-auditorio-municipal-de-vilalba","tag-avelaina-teatro","tag-concello-de-vilalba","tag-iescha"],"jetpack_featured_media_url":"","jetpack_sharing_enabled":true,"_links":{"self":[{"href":"http:\/\/culturaliagz.com\/index.php?rest_route=\/wp\/v2\/posts\/15444","targetHints":{"allow":["GET"]}}],"collection":[{"href":"http:\/\/culturaliagz.com\/index.php?rest_route=\/wp\/v2\/posts"}],"about":[{"href":"http:\/\/culturaliagz.com\/index.php?rest_route=\/wp\/v2\/types\/post"}],"author":[{"embeddable":true,"href":"http:\/\/culturaliagz.com\/index.php?rest_route=\/wp\/v2\/users\/1"}],"replies":[{"embeddable":true,"href":"http:\/\/culturaliagz.com\/index.php?rest_route=%2Fwp%2Fv2%2Fcomments&post=15444"}],"version-history":[{"count":6,"href":"http:\/\/culturaliagz.com\/index.php?rest_route=\/wp\/v2\/posts\/15444\/revisions"}],"predecessor-version":[{"id":15452,"href":"http:\/\/culturaliagz.com\/index.php?rest_route=\/wp\/v2\/posts\/15444\/revisions\/15452"}],"wp:attachment":[{"href":"http:\/\/culturaliagz.com\/index.php?rest_route=%2Fwp%2Fv2%2Fmedia&parent=15444"}],"wp:term":[{"taxonomy":"category","embeddable":true,"href":"http:\/\/culturaliagz.com\/index.php?rest_route=%2Fwp%2Fv2%2Fcategories&post=15444"},{"taxonomy":"post_tag","embeddable":true,"href":"http:\/\/culturaliagz.com\/index.php?rest_route=%2Fwp%2Fv2%2Ftags&post=15444"}],"curies":[{"name":"wp","href":"https:\/\/api.w.org\/{rel}","templated":true}]}}