{"id":15433,"date":"2024-03-27T20:48:22","date_gmt":"2024-03-27T19:48:22","guid":{"rendered":"http:\/\/culturaliagz.com\/?p=15433"},"modified":"2024-03-27T20:48:26","modified_gmt":"2024-03-27T19:48:26","slug":"presentacion-da-obra-o-libro-negro-da-lingua-galega-de-carlos-callon-na-casa-da-cultura-de-vilalba","status":"publish","type":"post","link":"http:\/\/culturaliagz.com\/?p=15433","title":{"rendered":"Presentaci\u00f3n da obra O LIBRO NEGRO DA LINGUA GALEGA,\u00a0de\u00a0Carlos Call\u00f3n, na Casa da Cultura de Vilalba"},"content":{"rendered":"\n<p><\/p>\n\n\n<div class=\"wp-block-image\">\n<figure class=\"aligncenter size-large\"><a href=\"http:\/\/culturaliagz.com\/wp-content\/uploads\/2024\/03\/CARTAZ-LIBRO-CARLOS-CALLON.jpeg\" target=\"_blank\" rel=\"noreferrer noopener\"><img loading=\"lazy\" decoding=\"async\" width=\"724\" height=\"1024\" src=\"http:\/\/culturaliagz.com\/wp-content\/uploads\/2024\/03\/CARTAZ-LIBRO-CARLOS-CALLON-724x1024.jpeg\" alt=\"\" class=\"wp-image-15434\"\/><\/a><\/figure>\n<\/div>\n\n\n<p><\/p>\n\n\n\n<p><\/p>\n\n\n\n<p class=\"has-text-align-justify\">O <a href=\"https:\/\/estudoschairegos.gal\/\">Instituto de Estudos Chairegos<\/a>, continuando coa s\u00faa programaci\u00f3n, organiza a acto de presentaci\u00f3n de\u00a0<strong>\u201c<\/strong><a href=\"https:\/\/estudoschairegos.gal\/presentacion-de-o-libro-negro-da-lingua-galega-de-carlos-callon-xoves-4-de-abril-de-2024-as-2000-na-casa-da-cultura-de-vilalba\/\"><strong>O LIBRO NEGRO DA LINGUA GALEGA\u201d,\u00a0<\/strong>de<strong>\u00a0CARLOS\u00a0<em>CALL\u00d3N<\/em><\/strong><\/a><strong><em>\u00a0<\/em><\/strong><em>(Doutor en Estudos Lingu\u00edsticos e Literarios do Galego e do Portugu\u00e9s).\u00a0<\/em><\/p>\n\n\n\n<p class=\"has-text-align-justify\">O acto ter\u00e1 lugar o\u00a0<strong>xoves\u00a04 de abril de 2024, \u00e1s 20:00\u00a0horas<\/strong>, na\u00a0<strong>Casa da Cultura de Vilalba<\/strong>, e ser\u00e1 presentado por\u00a0<strong>Marisa Barreiro<\/strong>, presidenta do Iescha. (ENTRADA LIBRE ATA COMPLETAR AFORO)<\/p>\n\n\n\n<p><\/p>\n\n\n\n<p><\/p>\n\n\n<a href=\"http:\/\/culturaliagz.com\/wp-content\/uploads\/2024\/03\/NOTA-INFORMATIVA-libro-CARLOS-CALLON.pdf\" class=\"pdfemb-viewer\" style=\"\" data-width=\"max\" data-height=\"max\" data-toolbar=\"bottom\" data-toolbar-fixed=\"off\">NOTA-INFORMATIVA-libro-CARLOS-CALLON<\/a>\n<p class=\"wp-block-pdfemb-pdf-embedder-viewer\"><\/p>\n","protected":false},"excerpt":{"rendered":"<p>O Instituto de Estudos Chairegos, continuando coa s\u00faa programaci\u00f3n, organiza a acto de presentaci\u00f3n de\u00a0\u201cO LIBRO NEGRO DA LINGUA GALEGA\u201d,\u00a0de\u00a0CARLOS\u00a0CALL\u00d3N\u00a0(Doutor en Estudos Lingu\u00edsticos e Literarios do Galego e do Portugu\u00e9s).\u00a0 [&hellip;]<\/p>\n","protected":false},"author":1,"featured_media":0,"comment_status":"open","ping_status":"open","sticky":false,"template":"","format":"standard","meta":{"_et_pb_use_builder":"","_et_pb_old_content":"","_et_gb_content_width":"","_jetpack_memberships_contains_paid_content":false,"footnotes":""},"categories":[23,7,129,6,1],"tags":[2131,220,30,234],"class_list":["post-15433","post","type-post","status-publish","format-standard","hentry","category-autoresas","category-creacion","category-literaria","category-novas","category-xeral","tag-a-mesa-pola-normalizacion-linguistica","tag-casa-da-cultura-de-vilalba","tag-concello-de-vilalba","tag-iescha"],"jetpack_featured_media_url":"","jetpack_sharing_enabled":true,"_links":{"self":[{"href":"http:\/\/culturaliagz.com\/index.php?rest_route=\/wp\/v2\/posts\/15433","targetHints":{"allow":["GET"]}}],"collection":[{"href":"http:\/\/culturaliagz.com\/index.php?rest_route=\/wp\/v2\/posts"}],"about":[{"href":"http:\/\/culturaliagz.com\/index.php?rest_route=\/wp\/v2\/types\/post"}],"author":[{"embeddable":true,"href":"http:\/\/culturaliagz.com\/index.php?rest_route=\/wp\/v2\/users\/1"}],"replies":[{"embeddable":true,"href":"http:\/\/culturaliagz.com\/index.php?rest_route=%2Fwp%2Fv2%2Fcomments&post=15433"}],"version-history":[{"count":3,"href":"http:\/\/culturaliagz.com\/index.php?rest_route=\/wp\/v2\/posts\/15433\/revisions"}],"predecessor-version":[{"id":15438,"href":"http:\/\/culturaliagz.com\/index.php?rest_route=\/wp\/v2\/posts\/15433\/revisions\/15438"}],"wp:attachment":[{"href":"http:\/\/culturaliagz.com\/index.php?rest_route=%2Fwp%2Fv2%2Fmedia&parent=15433"}],"wp:term":[{"taxonomy":"category","embeddable":true,"href":"http:\/\/culturaliagz.com\/index.php?rest_route=%2Fwp%2Fv2%2Fcategories&post=15433"},{"taxonomy":"post_tag","embeddable":true,"href":"http:\/\/culturaliagz.com\/index.php?rest_route=%2Fwp%2Fv2%2Ftags&post=15433"}],"curies":[{"name":"wp","href":"https:\/\/api.w.org\/{rel}","templated":true}]}}