{"id":15414,"date":"2024-03-22T19:43:01","date_gmt":"2024-03-22T18:43:01","guid":{"rendered":"http:\/\/culturaliagz.com\/?p=15414"},"modified":"2024-03-22T19:43:04","modified_gmt":"2024-03-22T18:43:04","slug":"the-rapants-inicia-esta-fin-de-semana-a-xira-de-presentacion-de-la-maquina-del-buen-rollo-cun-dobre-sold-out-na-sala-capitol","status":"publish","type":"post","link":"http:\/\/culturaliagz.com\/?p=15414","title":{"rendered":"The Rapants inicia esta fin de semana a xira de presentaci\u00f3n de La m\u00e1quina del buen rollo cun dobre \u2018sold out\u2019 na Sala Capitol"},"content":{"rendered":"\n<p><\/p>\n\n\n\n<p><\/p>\n\n\n<div class=\"wp-block-image\">\n<figure class=\"aligncenter size-large\"><a href=\"http:\/\/culturaliagz.com\/wp-content\/uploads\/2024\/03\/The-Rapants-\u00a9-Andrea-Sanchez-5-1.jpeg\" target=\"_blank\" rel=\"noreferrer noopener\"><img loading=\"lazy\" decoding=\"async\" width=\"1024\" height=\"683\" src=\"http:\/\/culturaliagz.com\/wp-content\/uploads\/2024\/03\/The-Rapants-\u00a9-Andrea-Sanchez-5-1-1024x683.jpeg\" alt=\"\" class=\"wp-image-15415\" srcset=\"http:\/\/culturaliagz.com\/wp-content\/uploads\/2024\/03\/The-Rapants-\u00a9-Andrea-Sanchez-5-1-1024x683.jpeg 1024w, http:\/\/culturaliagz.com\/wp-content\/uploads\/2024\/03\/The-Rapants-\u00a9-Andrea-Sanchez-5-1-300x200.jpeg 300w, http:\/\/culturaliagz.com\/wp-content\/uploads\/2024\/03\/The-Rapants-\u00a9-Andrea-Sanchez-5-1-768x512.jpeg 768w, http:\/\/culturaliagz.com\/wp-content\/uploads\/2024\/03\/The-Rapants-\u00a9-Andrea-Sanchez-5-1-1080x720.jpeg 1080w, http:\/\/culturaliagz.com\/wp-content\/uploads\/2024\/03\/The-Rapants-\u00a9-Andrea-Sanchez-5-1-1280x853.jpeg 1280w, http:\/\/culturaliagz.com\/wp-content\/uploads\/2024\/03\/The-Rapants-\u00a9-Andrea-Sanchez-5-1-980x653.jpeg 980w, http:\/\/culturaliagz.com\/wp-content\/uploads\/2024\/03\/The-Rapants-\u00a9-Andrea-Sanchez-5-1-480x320.jpeg 480w, http:\/\/culturaliagz.com\/wp-content\/uploads\/2024\/03\/The-Rapants-\u00a9-Andrea-Sanchez-5-1.jpeg 1500w\" sizes=\"auto, (max-width: 1024px) 100vw, 1024px\" \/><\/a><\/figure>\n<\/div>\n\n\n<p><\/p>\n\n\n\n<p><\/p>\n\n\n\n<p class=\"has-text-align-justify\"><strong>As entradas para gozar do en\u00e9rxico directo da banda murad\u00e1, finalista nos Premios MIN <\/strong><strong>na categor\u00eda de Mellor Artista Emerxente, esgot\u00e1ronse aos poucos minutos de sa\u00edr \u00e1 venda<\/strong><\/p>\n\n\n\n<p><strong><\/strong><\/p>\n\n\n\n<p><strong><\/strong><\/p>\n\n\n\n<p class=\"has-text-align-justify\"><a href=\"https:\/\/www.therapants.es\/\">The Rapants<\/a> prender\u00e1 as luces de <a href=\"https:\/\/links.altafonte.com\/2kvmq9w\" target=\"_blank\" rel=\"noreferrer noopener\"><em>La m\u00e1quina del buen rollo<\/em><\/a> esta fin de semana en Santiago de Compostela. A sala Capitol acoller\u00e1, nas noites do s\u00e1bado 23 e do domingo 24, os dous primeiros concertos da xira de presentaci\u00f3n do terceiro LP da banda murad\u00e1, que v\u00e9n de ser reco\u00f1ecida como <strong>finalista na categor\u00eda de Mellor Artista Emerxente nos Premios MIN<\/strong> da m\u00fasica independente.<br><br>As entradas para asistir \u00e1 estrea ao vivo do novo disco de The Rapants o s\u00e1bado 23 esgot\u00e1ronse aos quince minutos de sa\u00edr \u00e1 venda, o que provocou que o grupo reservara unha segunda data no mesmo recinto: as fichas para subir a<em> La m\u00e1quina del buen rollo<\/em> para o domingo 24 tan s\u00f3 estiveron \u00e1 venda algo m\u00e1is dunha hora, o que provocou o segundo \u2018sold out\u2019. Para celebrar a feliz ocasi\u00f3n, <strong>os rapantes sorprender\u00e1n ao seu p\u00fablico desde a apertura de portadas da Capitol<\/strong>.<br><br><em>La m\u00e1quina del buen rollo<\/em>, cuxos nove temas xa suman m\u00e1is de 250.000 escoitas nas distintas <a href=\"https:\/\/links.altafonte.com\/2kvmq9w\" target=\"_blank\" rel=\"noreferrer noopener\">plataformas dixitais<\/a>, \u00e9 un retrato fiel de The Rapants, o proxecto musical murad\u00e1n ateigado de diversi\u00f3n, talento e que conta cunha <strong>gran conexi\u00f3n co p\u00fablico nos directos,<\/strong> tal e como se poder\u00e1 comprobar esta fin de semana en Santiago de Compostela.<br><br>A xira de presentaci\u00f3n de <a href=\"https:\/\/links.altafonte.com\/2kvmq9w\" target=\"_blank\" rel=\"noreferrer noopener\"><em>La m\u00e1quina del buen rollo<\/em><\/a> continuar\u00e1 este mesmo mes de marzo. Tras ofrecer un concerto sorpresa (venres 29), The Rapants levar\u00e1 o seu directo o s\u00e1bado 30 a <strong>Carnota,<\/strong> no marco da cita <em>V\u00edndemo ver<\/em>. \u00c1 semana seguinte, a banda visitar\u00e1 a <strong>Sala Tiz\u00f3n de Xix\u00f3n<\/strong> (venres 5) e a Festa do Queixo de San Sim\u00f3n de <strong>Vilalba<\/strong> (domingo 6). De cara \u00e1 \u00faltima fin de semana do mes, os rapantes actuar\u00e1n no certame <em>\u00daltimo acorde x Johnnie Walker, <\/em>que se celebrar\u00e1 o 26 de abril en <strong>La Sala do Wizink Center de Madrid<\/strong>.<br><br>En maio The Rapants iniciar\u00e1 a xira por festivais. As primeiras citas nas que xa se co\u00f1ece a participaci\u00f3n da banda son <strong>Ourensound,<\/strong> <strong>Portam\u00e9rica, Surfing The L\u00e9rez, SonR\u00edas Baixas ou Osa do Mar, <\/strong>mais non ser\u00e1n os \u00fanicos escenarios nos que Mat\u00edas, Samu, Xanma e Xaqu\u00edn act\u00faen este ver\u00e1n. Para co\u00f1ecer todas as datas e mercar as entradas, p\u00f3dese visitar <a class=\"\" href=\"http:\/\/www.therapants.es\/\">www.<\/a><a href=\"http:\/\/www.therapants.es\/\" target=\"_blank\" rel=\"noreferrer noopener\">therapants<\/a><a class=\"\" href=\"http:\/\/www.therapants.es\/\">.es<\/a>\u00a0<br><br><br><\/p>\n\n\n\n<p><strong>PRESENTACI\u00d3N DE <\/strong><strong><em>LA M\u00c1QUINA DEL BUEN ROLLO *<\/em><\/strong><\/p>\n\n\n\n<ul class=\"wp-block-list\">\n<li>S\u00e1bado 23 na Sala Capitol\n<ul class=\"wp-block-list\">\n<li>20.00h: Apertura de portas e inicio da festa.<\/li>\n\n\n\n<li>21.00h: Concerto de The Rapants.<\/li>\n<\/ul>\n<\/li>\n<\/ul>\n\n\n\n<ul class=\"wp-block-list\">\n<li>Domingo 24 na Sala Capitol\n<ul class=\"wp-block-list\">\n<li>19.00h: Apertura de portas e inicio da festa.&nbsp;<\/li>\n\n\n\n<li>20.00h: Concerto de The Rapants.&nbsp;<\/li>\n<\/ul>\n<\/li>\n<\/ul>\n\n\n\n<p class=\"has-text-align-justify\"><em>* Os medios que solicitaron a s\u00faa acreditaci\u00f3n recibir\u00e1n a confirmaci\u00f3n por escrito e indicaci\u00f3ns de acceso ao recinto a trav\u00e9s do correo electr\u00f3nico.<\/em><\/p>\n","protected":false},"excerpt":{"rendered":"<p>As entradas para gozar do en\u00e9rxico directo da banda murad\u00e1, finalista nos Premios MIN na categor\u00eda de Mellor Artista Emerxente, esgot\u00e1ronse aos poucos minutos de sa\u00edr \u00e1 venda The Rapants [&hellip;]<\/p>\n","protected":false},"author":1,"featured_media":0,"comment_status":"open","ping_status":"open","sticky":false,"template":"","format":"standard","meta":{"_et_pb_use_builder":"","_et_pb_old_content":"","_et_gb_content_width":"","_jetpack_memberships_contains_paid_content":false,"footnotes":""},"categories":[23,7,6,57,1],"tags":[2051,2127,1521,2052],"class_list":["post-15414","post","type-post","status-publish","format-standard","hentry","category-autoresas","category-creacion","category-novas","category-outras-artes","category-xeral","tag-la-maquina-del-buen-rollo","tag-premios-min-da-musica-independente","tag-sala-capitol","tag-the-rapants"],"jetpack_featured_media_url":"","jetpack_sharing_enabled":true,"_links":{"self":[{"href":"http:\/\/culturaliagz.com\/index.php?rest_route=\/wp\/v2\/posts\/15414","targetHints":{"allow":["GET"]}}],"collection":[{"href":"http:\/\/culturaliagz.com\/index.php?rest_route=\/wp\/v2\/posts"}],"about":[{"href":"http:\/\/culturaliagz.com\/index.php?rest_route=\/wp\/v2\/types\/post"}],"author":[{"embeddable":true,"href":"http:\/\/culturaliagz.com\/index.php?rest_route=\/wp\/v2\/users\/1"}],"replies":[{"embeddable":true,"href":"http:\/\/culturaliagz.com\/index.php?rest_route=%2Fwp%2Fv2%2Fcomments&post=15414"}],"version-history":[{"count":2,"href":"http:\/\/culturaliagz.com\/index.php?rest_route=\/wp\/v2\/posts\/15414\/revisions"}],"predecessor-version":[{"id":15417,"href":"http:\/\/culturaliagz.com\/index.php?rest_route=\/wp\/v2\/posts\/15414\/revisions\/15417"}],"wp:attachment":[{"href":"http:\/\/culturaliagz.com\/index.php?rest_route=%2Fwp%2Fv2%2Fmedia&parent=15414"}],"wp:term":[{"taxonomy":"category","embeddable":true,"href":"http:\/\/culturaliagz.com\/index.php?rest_route=%2Fwp%2Fv2%2Fcategories&post=15414"},{"taxonomy":"post_tag","embeddable":true,"href":"http:\/\/culturaliagz.com\/index.php?rest_route=%2Fwp%2Fv2%2Ftags&post=15414"}],"curies":[{"name":"wp","href":"https:\/\/api.w.org\/{rel}","templated":true}]}}