{"id":15407,"date":"2024-03-21T22:46:02","date_gmt":"2024-03-21T21:46:02","guid":{"rendered":"http:\/\/culturaliagz.com\/?p=15407"},"modified":"2024-03-21T22:49:58","modified_gmt":"2024-03-21T21:49:58","slug":"fillas-de-cassandra-crea-a-musica-que-fiara-a-gala-dos-xxii-premios-mestre-mateo","status":"publish","type":"post","link":"http:\/\/culturaliagz.com\/?p=15407","title":{"rendered":"Fillas de Cassandra crea a m\u00fasica que fiar\u00e1 a gala dos XXII Premios Mestre Mateo"},"content":{"rendered":"\n<p><\/p>\n\n\n\n<p><\/p>\n\n\n<div class=\"wp-block-image\">\n<figure class=\"aligncenter size-large\"><a href=\"http:\/\/culturaliagz.com\/wp-content\/uploads\/2024\/03\/Fillas-de-Cassandra-\u00a9-Sabela-Andres.jpeg\" target=\"_blank\" rel=\"noreferrer noopener\"><img loading=\"lazy\" decoding=\"async\" width=\"819\" height=\"1024\" src=\"http:\/\/culturaliagz.com\/wp-content\/uploads\/2024\/03\/Fillas-de-Cassandra-\u00a9-Sabela-Andres-819x1024.jpeg\" alt=\"\" class=\"wp-image-15409\" srcset=\"http:\/\/culturaliagz.com\/wp-content\/uploads\/2024\/03\/Fillas-de-Cassandra-\u00a9-Sabela-Andres-819x1024.jpeg 819w, http:\/\/culturaliagz.com\/wp-content\/uploads\/2024\/03\/Fillas-de-Cassandra-\u00a9-Sabela-Andres-240x300.jpeg 240w, http:\/\/culturaliagz.com\/wp-content\/uploads\/2024\/03\/Fillas-de-Cassandra-\u00a9-Sabela-Andres-768x960.jpeg 768w, http:\/\/culturaliagz.com\/wp-content\/uploads\/2024\/03\/Fillas-de-Cassandra-\u00a9-Sabela-Andres-980x1225.jpeg 980w, http:\/\/culturaliagz.com\/wp-content\/uploads\/2024\/03\/Fillas-de-Cassandra-\u00a9-Sabela-Andres-480x600.jpeg 480w, http:\/\/culturaliagz.com\/wp-content\/uploads\/2024\/03\/Fillas-de-Cassandra-\u00a9-Sabela-Andres.jpeg 1000w\" sizes=\"auto, (max-width: 819px) 100vw, 819px\" \/><\/a><\/figure>\n<\/div>\n\n\n<p><\/p>\n\n\n\n<p><\/p>\n\n\n\n<p class=\"has-text-align-justify\"><strong>\u201c\u00c9 marabilloso poder formar parte da festa do audiovisual galego de xeitos tan diversos como os que poder\u00e1 ver e escoitar o p\u00fablico este s\u00e1bado\u201d, sinalan Mar\u00eda SOA e Sara Faro, que compuxeron pezas espec\u00edficas para a ocasi\u00f3n<\/strong><\/p>\n\n\n\n<p><\/p>\n\n\n\n<p class=\"has-text-align-justify\">As creaci\u00f3ns musicais de <a href=\"https:\/\/www.instagram.com\/fillasdecassandra.mp3\/?hl=es\">Fillas de Cassandra<\/a> fiar\u00e1n a gala dos <strong>XXII Premios Mestre Mateo<\/strong> do Audiovisual Galego, que se celebrar\u00e1 este s\u00e1bado, 23 de marzo, na cidade da Coru\u00f1a. Mar\u00eda SOA e Sara Faro son as responsables das composici\u00f3ns que acompa\u00f1ar\u00e1n os distintos fitos da cerimonia, ademais de ser parte da s\u00faa dinamizaci\u00f3n a trav\u00e9s de distintas actuaci\u00f3ns que ofrecer\u00e1n ao longo da noite.&nbsp;<br><br>\u201cPara n\u00f3s \u00e9 marabilloso poder formar parte nesta edici\u00f3n dos Mestre Mateo, artellando composici\u00f3ns para a ocasi\u00f3n, con motivos novidosos que noutros contextos non se poder\u00edan dar, e nunha noite na que compartiremos escenario con outros proxectos do pa\u00eds, como \u00e9 o caso do noso benquerido Mondra. Todo o proceso de creaci\u00f3n e desenvolvemento da proposta foi revitalizador e moi enriquecedor\u201d, apuntan Mar\u00eda SOA e Sara Faro.<br><br>As\u00ed, a banda sonora orixinal creada por Fillas de Cassandra fiar\u00e1 musicalmente as distintas escenas que conformar\u00e1n a cerimonia. \u00c9 o caso das entregas dos galard\u00f3ns, do Premio de Honra e doutros momentos do evento, que ter\u00e1 lugar no Coliseum da Coru\u00f1a e que se poder\u00e1 seguir ao vivo a trav\u00e9s da Televisi\u00f3n de Galicia.&nbsp;<\/p>\n\n\n\n<p class=\"has-text-align-justify\">Fillas de Cassandra regresa \u00e1 cidade da Coru\u00f1a tras actuar o 22 de febreiro na Sala INN, nunha adaptaci\u00f3n do espect\u00e1culo que est\u00e1n a presentar na s\u00faa nova xira, nomeada <em>\u00daltimas Dionis\u00edacas. <\/em>Tr\u00e1tase dunha proposta esc\u00e9nica e musical na que as artistas fan unha revisi\u00f3n dos temas m\u00e1is co\u00f1ecidos do seu primeiro LP, <em>Acr\u00f3pole<\/em>, desde unha electr\u00f3nica m\u00e1is escura e potente. No directo, no que a luz e a escenograf\u00eda te\u00f1en un papel moi relevante, tam\u00e9n recuperan alg\u00fans dos sinxelos publicados nos \u00faltimos meses e dan a co\u00f1ecer outros in\u00e9ditos para o p\u00fablico.<\/p>\n\n\n\n<p class=\"has-text-align-justify\">Logo da exitosa estrea das <em>\u00daltimas Dionis\u00edacas <\/em>o 16 de febreiro no hall do Auditorio Mar de Vigo (cita \u00e1 que asistiron m\u00e1is de 1.400 persoas) e do seu paso pola Coru\u00f1a, Arz\u00faa, Ribadeo ou BIlbao (acompa\u00f1ando a Zetak no seu <em>Aaztiyen Tour<\/em>), Fillas de Cassandra actuar\u00e1 tanto en Galicia coma nas localidades de<strong> Donostia <\/strong>(no marco do ciclo Bizi ala Iraun) e<strong> Madrid <\/strong>(Sala Sol); as\u00ed como en grandes citas musicais do territorio peninsular, entre as que se atopan <strong>ZEID FEST<\/strong>, <strong>Gozo Fest, Ortigueira, El Tingladu<\/strong> ou <strong>Revenidas<\/strong>.&nbsp;<\/p>\n\n\n\n<p><strong>Vindeiras datas confirmadas das <\/strong><strong><em>\u00daltimas Dionis\u00edacas<\/em><\/strong><\/p>\n\n\n\n<ul class=\"wp-block-list\">\n<li>30 de marzo. Tui. Festas de San Telmo<\/li>\n\n\n\n<li>31 de marzo. Padr\u00f3n. Festas de Pascua.<\/li>\n\n\n\n<li>12 de abril. Donostia. Ciclo Bizi ala Iraun.<\/li>\n\n\n\n<li>13 de abril. Barakaldo. ZEID FEST.<\/li>\n\n\n\n<li>24 de maio. Ourense. OurenSound Fest.&nbsp;<\/li>\n\n\n\n<li>25 de maio. Muras. VIII Romaxe artes\u00e1 da Chaira.<\/li>\n\n\n\n<li>1 de xu\u00f1o. Madrid. Sala Sol.&nbsp;<\/li>\n\n\n\n<li>6 de xullo. Santiago de Compostela. Gozo Fest.&nbsp;<\/li>\n\n\n\n<li>11 ao 14 de xullo. Ortigueira. Festival de Ortigueira.<\/li>\n\n\n\n<li>25 ao 27 de xullo. Vilanova i la Geltr\u00fa. El Tingladu.<\/li>\n\n\n\n<li>1 ao 3 de agosto. Bueu. SonR\u00edas Baixas.<\/li>\n\n\n\n<li>12 ao 14 de setembro. Vilaxo\u00e1n. Festival Revenidas.&nbsp;<\/li>\n<\/ul>\n\n\n\n<p><\/p>\n\n\n\n<p class=\"has-text-align-justify\" style=\"font-size:16px\"><strong>Fillas de Cassandra, finalista en 4 categor\u00edas dos Premios MIN da M\u00fasica Independente<\/strong><\/p>\n\n\n\n<p class=\"has-text-align-justify\"><strong>Fillas de Cassandra<\/strong>&nbsp;tam\u00e9n resultou finalista,&nbsp;<a href=\"https:\/\/links.altafonte.com\/d5jkevx\" target=\"_blank\" rel=\"noreferrer noopener\">co seu \u00e1lbum debut<em>&nbsp;Acr\u00f3pole<\/em><\/a><em>,&nbsp;<\/em>en&nbsp;<strong>catro categor\u00edas dos Premios MIN da M\u00fasica Independente,<\/strong>&nbsp;os galard\u00f3ns que reco\u00f1ecen a creaci\u00f3n art\u00edstica, diversidade cultural, o novo talento e a calidade das produci\u00f3ns publicadas polas Pemes da industria espa\u00f1ola.&nbsp;&nbsp;<br><br>O d\u00fao vigu\u00e9s conformado por Mar\u00eda SOA e Sara Faro \u00e9 candidato aos seguintes galard\u00f3ns:&nbsp;<br><br>&#8211;<strong>&nbsp;Mellor \u00e1lbum en galego<\/strong>&nbsp;por&nbsp;<a class=\"\" href=\"https:\/\/links.altafonte.com\/d5jkevx\"><em>Acr\u00f3pole<\/em><\/a><em><br><\/em>&#8211;&nbsp;<strong>Mellor \u00e1lbum de m\u00fasica de ra\u00edz<\/strong>&nbsp;por&nbsp;<a class=\"\" href=\"https:\/\/links.altafonte.com\/d5jkevx\"><em>Acr\u00f3pole<\/em><\/a><em><br><\/em>&#8211;&nbsp;<strong>Mellor artista emerxente<br><\/strong>&#8211;&nbsp;<strong>Mellor videoclip<\/strong>&nbsp;por&nbsp;<a href=\"https:\/\/www.youtube.com\/watch?v=_j_AOT75W_8\" target=\"_blank\" rel=\"noreferrer noopener\"><em>II. Lis\u00edstrata (Varre vasoira)<\/em><\/a><em><br><br><\/em>\u201cEstamos moi contentas por todas as alegr\u00edas que nos est\u00e1 a dar&nbsp;<em>Acr\u00f3pole,&nbsp;<\/em>pero moi especialmente por poder ver, nuns premios tan co\u00f1ecidos, a tantas compa\u00f1eiras finalistas, tanto nestas coma noutras categor\u00edas. Tanxugueiras, Caama\u00f1o &amp; Ameixeiras,&nbsp;Bala, Baiuca, The Rapants, Grande Amore&#8230; Isto d\u00e1 boa conta de todo o potencial e da boa sa\u00fade que goza a creaci\u00f3n musical en galego\u201d, sinalan.&nbsp;<\/p>\n\n\n\n<p class=\"has-text-align-justify\">A entrega destes reco\u00f1ecementos, outorgados pola Uni\u00f3n Fonogr\u00e1fica Independiente (UFI), ter\u00e1 lugar o&nbsp;17 de abril&nbsp;en Zaragoza.<\/p>\n\n\n\n<p><\/p>\n\n\n<a href=\"http:\/\/culturaliagz.com\/wp-content\/uploads\/2024\/03\/20240320-NP-Fillas-de-Cassandra-Mestre-Mateo.pdf\" class=\"pdfemb-viewer\" style=\"\" data-width=\"max\" data-height=\"max\" data-toolbar=\"bottom\" data-toolbar-fixed=\"off\">20240320-NP-Fillas-de-Cassandra-Mestre-Mateo<\/a>\n<p class=\"wp-block-pdfemb-pdf-embedder-viewer\"><\/p>\n","protected":false},"excerpt":{"rendered":"<p>\u201c\u00c9 marabilloso poder formar parte da festa do audiovisual galego de xeitos tan diversos como os que poder\u00e1 ver e escoitar o p\u00fablico este s\u00e1bado\u201d, sinalan Mar\u00eda SOA e Sara [&hellip;]<\/p>\n","protected":false},"author":1,"featured_media":0,"comment_status":"open","ping_status":"open","sticky":false,"template":"","format":"standard","meta":{"_et_pb_use_builder":"","_et_pb_old_content":"","_et_gb_content_width":"","_jetpack_memberships_contains_paid_content":false,"footnotes":""},"categories":[23,7,6,57,1],"tags":[1475,1473,2127,1474,2013,2128,2126],"class_list":["post-15407","post","type-post","status-publish","format-standard","hentry","category-autoresas","category-creacion","category-novas","category-outras-artes","category-xeral","tag-fillas-de-cassandra","tag-maria-soa","tag-premios-min-da-musica-independente","tag-sara-faro","tag-ultimas-dionisiacas","tag-union-fonografica-independiente","tag-xxii-premios-mestre-mateo"],"jetpack_featured_media_url":"","jetpack_sharing_enabled":true,"_links":{"self":[{"href":"http:\/\/culturaliagz.com\/index.php?rest_route=\/wp\/v2\/posts\/15407","targetHints":{"allow":["GET"]}}],"collection":[{"href":"http:\/\/culturaliagz.com\/index.php?rest_route=\/wp\/v2\/posts"}],"about":[{"href":"http:\/\/culturaliagz.com\/index.php?rest_route=\/wp\/v2\/types\/post"}],"author":[{"embeddable":true,"href":"http:\/\/culturaliagz.com\/index.php?rest_route=\/wp\/v2\/users\/1"}],"replies":[{"embeddable":true,"href":"http:\/\/culturaliagz.com\/index.php?rest_route=%2Fwp%2Fv2%2Fcomments&post=15407"}],"version-history":[{"count":3,"href":"http:\/\/culturaliagz.com\/index.php?rest_route=\/wp\/v2\/posts\/15407\/revisions"}],"predecessor-version":[{"id":15413,"href":"http:\/\/culturaliagz.com\/index.php?rest_route=\/wp\/v2\/posts\/15407\/revisions\/15413"}],"wp:attachment":[{"href":"http:\/\/culturaliagz.com\/index.php?rest_route=%2Fwp%2Fv2%2Fmedia&parent=15407"}],"wp:term":[{"taxonomy":"category","embeddable":true,"href":"http:\/\/culturaliagz.com\/index.php?rest_route=%2Fwp%2Fv2%2Fcategories&post=15407"},{"taxonomy":"post_tag","embeddable":true,"href":"http:\/\/culturaliagz.com\/index.php?rest_route=%2Fwp%2Fv2%2Ftags&post=15407"}],"curies":[{"name":"wp","href":"https:\/\/api.w.org\/{rel}","templated":true}]}}