{"id":15397,"date":"2024-03-19T23:25:50","date_gmt":"2024-03-19T22:25:50","guid":{"rendered":"http:\/\/culturaliagz.com\/?p=15397"},"modified":"2024-03-19T23:25:52","modified_gmt":"2024-03-19T22:25:52","slug":"the-rapants-presenta-la-maquina-del-buen-rollo-na-capitol-con-todas-as-entradas-esgotadas","status":"publish","type":"post","link":"http:\/\/culturaliagz.com\/?p=15397","title":{"rendered":"The Rapants presenta &#8216;La m\u00e1quina del buen rollo&#8217; na Capitol con todas as entradas esgotadas"},"content":{"rendered":"\n<p><\/p>\n\n\n<div class=\"wp-block-image\">\n<figure class=\"aligncenter size-large\"><a href=\"http:\/\/culturaliagz.com\/wp-content\/uploads\/2024\/03\/The-Rapants-\u00a9-Andrea-Sanchez-7.jpeg\" target=\"_blank\" rel=\"noreferrer noopener\"><img loading=\"lazy\" decoding=\"async\" width=\"1024\" height=\"854\" src=\"http:\/\/culturaliagz.com\/wp-content\/uploads\/2024\/03\/The-Rapants-\u00a9-Andrea-Sanchez-7-1024x854.jpeg\" alt=\"\" class=\"wp-image-15398\" srcset=\"http:\/\/culturaliagz.com\/wp-content\/uploads\/2024\/03\/The-Rapants-\u00a9-Andrea-Sanchez-7-1024x854.jpeg 1024w, http:\/\/culturaliagz.com\/wp-content\/uploads\/2024\/03\/The-Rapants-\u00a9-Andrea-Sanchez-7-300x250.jpeg 300w, http:\/\/culturaliagz.com\/wp-content\/uploads\/2024\/03\/The-Rapants-\u00a9-Andrea-Sanchez-7-768x641.jpeg 768w, http:\/\/culturaliagz.com\/wp-content\/uploads\/2024\/03\/The-Rapants-\u00a9-Andrea-Sanchez-7-1080x901.jpeg 1080w, http:\/\/culturaliagz.com\/wp-content\/uploads\/2024\/03\/The-Rapants-\u00a9-Andrea-Sanchez-7-980x818.jpeg 980w, http:\/\/culturaliagz.com\/wp-content\/uploads\/2024\/03\/The-Rapants-\u00a9-Andrea-Sanchez-7-480x400.jpeg 480w, http:\/\/culturaliagz.com\/wp-content\/uploads\/2024\/03\/The-Rapants-\u00a9-Andrea-Sanchez-7.jpeg 1152w\" sizes=\"auto, (max-width: 1024px) 100vw, 1024px\" \/><\/a><\/figure>\n<\/div>\n\n\n<p><\/p>\n\n\n\n<p><\/p>\n\n\n\n<p class=\"has-text-align-justify\"><strong>The Rapants presenta<\/strong><strong><em> La m\u00e1quina del buen rollo<\/em><\/strong><strong> na Sala Capitol con todas as entradas esgotadas para as noites do 23 e 24 de marzo<\/strong><strong><\/strong><\/p>\n\n\n\n<p class=\"has-text-align-justify\"><strong>A banda murad\u00e1 promete enerx\u00eda e diversi\u00f3n nos directos compostel\u00e1ns, <\/strong><strong>cuxas entradas se esgotaron aos poucos minutos de sa\u00edr \u00e1 venda<\/strong><\/p>\n\n\n\n<p><strong><\/strong><\/p>\n\n\n\n<p class=\"has-text-align-justify\">A banda murad\u00e1 The Rapants prep\u00e1rase para estrear, ao vivo, o seu novo disco. A sala Capitol transformarase esta fin de semana nunha aut\u00e9ntica pista de baile para celebrar a posta en marcha de <a href=\"https:\/\/links.altafonte.com\/2kvmq9w\" target=\"_blank\" rel=\"noreferrer noopener\"><em>La m\u00e1quina del buen rollo<\/em><\/a><em>,<\/em> o terceiro LP do grupo, un traballo publicado este xoves 14 e que convida, desde o primeiro e at\u00e9 o noveno tema, a bailar sen pausa.<br><br><em>La m\u00e1quina del buen rollo<\/em>, cuxos nove temas xa suman <strong>m\u00e1is de 250.000 escoitas nas distintas <\/strong><a href=\"https:\/\/links.altafonte.com\/2kvmq9w\" target=\"_blank\" rel=\"noreferrer noopener\"><strong>plataformas dixitais<\/strong><\/a>, \u00e9 un retrato fiel de The Rapants, un proxecto musical ateigado de diversi\u00f3n, talento e que conta cunha gran conexi\u00f3n co p\u00fablico nos directos. Neste sentido, non \u00e9 balad\u00ed que o cartel de \u201centradas esgotadas\u201d pendurara aos poucos minutos de sa\u00edr \u00e1 venda (as do s\u00e1bado 23 en menos de 15 minutos, as do domingo 24 en pouco m\u00e1is dunha hora, establecendo un novo r\u00e9cord para unha banda galega na Capitol), ou que repetiran visita hai unhas semanas a Bruxelas para actuar no EmigraSON: os \u2018rapantes\u2019 foron a sensaci\u00f3n dos festivais que visitaron o pasado ver\u00e1n.\u00a0<\/p>\n\n\n\n<p class=\"has-text-align-justify\">A primeira das festas de presentaci\u00f3n de <a href=\"https:\/\/links.altafonte.com\/2kvmq9w\" target=\"_blank\" rel=\"noreferrer noopener\"><em>La m\u00e1quina del buen rollo<\/em><\/a> comezar\u00e1 \u00e1s 21.00 horas do s\u00e1bado 23. The Rapants revisar\u00e1 os temas no seu novo LP, que transita entre o rock, o country ou o rap, e no que se inlc\u00faen os singles <em>Blaster W4u<\/em> e <em>Rue Franklin<\/em>. Ao d\u00eda seguinte, o domingo 24 de marzo, a banda subirase ao escenario da sala compostel\u00e1 a partir das 20.00 horas. Nas duas citas o p\u00fablico poder\u00e1 adquirir tanto os discos en formato f\u00edsico como outros elementos do merchandising rapante.<br><br>A xira de presentaci\u00f3n de <a href=\"https:\/\/links.altafonte.com\/2kvmq9w\" target=\"_blank\" rel=\"noreferrer noopener\"><em>La m\u00e1quina del buen rollo<\/em><\/a> continuar\u00e1 este mesmo mes de marzo. Tras ofrecer un concerto sorpresa (venres 29), The Rapants levar\u00e1 o seu directo o s\u00e1bado 30 a <strong>Carnota,<\/strong> no marco da cita <em>V\u00edndemo ver<\/em>. \u00c1 semana seguinte, a banda visitar\u00e1 a <strong>Sala Tiz\u00f3n de Xix\u00f3n<\/strong> (venres 5) e a Festa do Queixo de San Sim\u00f3n de <strong>Vilalba<\/strong> (domingo 6). De cara \u00e1 \u00faltima fin de semana do mes, os rapantes actuar\u00e1n no certame <em>\u00daltimo acorde x Johnnie Walker, <\/em>que se celebrar\u00e1 o 26 de abril en <strong>La Sala do Wizink Center de Madrid<\/strong>.<br><br>En maio The Rapants iniciar\u00e1 a xira por festivais. As primeiras citas nas que xa se co\u00f1ece a participaci\u00f3n da banda son <strong>Ourensound,<\/strong> <strong>Portam\u00e9rica, Surfing The L\u00e9rez, SonR\u00edas Baixas ou Osa do Mar, <\/strong>mais non ser\u00e1n os \u00fanicos escenarios nos que Mat\u00edas, Samu, Xanma e Xaqu\u00edn act\u00faen este ver\u00e1n. Para co\u00f1ecer todas as datas e mercar as entradas, p\u00f3dese visitar <a class=\"\" href=\"http:\/\/www.therapants.es\/\">www.<\/a><a href=\"http:\/\/www.therapants.es\/\" target=\"_blank\" rel=\"noreferrer noopener\">therapants<\/a><a class=\"\" href=\"http:\/\/www.therapants.es\/\">.es<\/a>\u00a0 <strong><br><br><\/strong><\/p>\n\n\n\n<p><strong>XIRA <em>LA M\u00c1QUINA DEL BUEN ROLLO<\/em><\/strong><\/p>\n\n\n\n<p>23 e 24 de marzo &#8211; Santiago de Compostela. Sala Capitol.<br class=\"\">29 de marzo &#8211; Concerto sorpresa.<br class=\"\">30 de marzo &#8211; Carnota. <em>V\u00edndemo ver. <\/em><em><br class=\"\"><\/em>5 de abril &#8211; Xix\u00f3n. Sala Tiz\u00f3n.<br class=\"\">6 de abril. Vilalba. Festa do Queixo San Sim\u00f3n.<br class=\"\">26 de abril &#8211; Madrid. La Sala &#8211; Wizink Center.<em> \u00daltimo acorde x Johnnie Walker.<\/em><br class=\"\">24 de maio &#8211; Ourense. Festival Ouresound.&nbsp;<\/p>\n\n\n\n<p>15 de xu\u00f1o &#8211; Pontevedra. Surfing The L\u00e9rez.<br class=\"\">5 de xullo &#8211; Azucreira (Pontevedra). Portam\u00e9rica.<br class=\"\">1 ao 3 de agosto &#8211; Bueu. SonR\u00edas Baixas.<br class=\"\">6 ao 8 de agosto &#8211; Burela. Osa do Mar.<br class=\"\"><br class=\"\"><\/p>\n\n\n<div class=\"wp-block-image\">\n<figure class=\"aligncenter size-large\"><a href=\"http:\/\/culturaliagz.com\/wp-content\/uploads\/2024\/03\/The-Rapants-\u00a9-Andrea-Sanchez-5.jpeg\" target=\"_blank\" rel=\"noreferrer noopener\"><img loading=\"lazy\" decoding=\"async\" width=\"1024\" height=\"682\" src=\"http:\/\/culturaliagz.com\/wp-content\/uploads\/2024\/03\/The-Rapants-\u00a9-Andrea-Sanchez-5-1024x682.jpeg\" alt=\"\" class=\"wp-image-15399\" srcset=\"http:\/\/culturaliagz.com\/wp-content\/uploads\/2024\/03\/The-Rapants-\u00a9-Andrea-Sanchez-5-1024x682.jpeg 1024w, http:\/\/culturaliagz.com\/wp-content\/uploads\/2024\/03\/The-Rapants-\u00a9-Andrea-Sanchez-5-300x200.jpeg 300w, http:\/\/culturaliagz.com\/wp-content\/uploads\/2024\/03\/The-Rapants-\u00a9-Andrea-Sanchez-5-768x512.jpeg 768w, http:\/\/culturaliagz.com\/wp-content\/uploads\/2024\/03\/The-Rapants-\u00a9-Andrea-Sanchez-5-1080x720.jpeg 1080w, http:\/\/culturaliagz.com\/wp-content\/uploads\/2024\/03\/The-Rapants-\u00a9-Andrea-Sanchez-5-980x653.jpeg 980w, http:\/\/culturaliagz.com\/wp-content\/uploads\/2024\/03\/The-Rapants-\u00a9-Andrea-Sanchez-5-480x320.jpeg 480w, http:\/\/culturaliagz.com\/wp-content\/uploads\/2024\/03\/The-Rapants-\u00a9-Andrea-Sanchez-5.jpeg 1280w\" sizes=\"auto, (max-width: 1024px) 100vw, 1024px\" \/><\/a><\/figure>\n<\/div>\n\n\n<p><\/p>\n\n\n\n<p><strong>THE RAPANTS<\/strong><\/p>\n\n\n\n<p class=\"has-text-align-justify\">The Rapants \u00e9 talento, actitude e diversi\u00f3n. Nada en Muros no 2018, a banda surfea entre o pop, o garage e o disco cun directo \u201csen pausa\u201d, coa intenci\u00f3n de facer bailar ao p\u00fablico. 2023 foi o ano de eclosi\u00f3n de The Rapants. Un total de 38 concertos polas principais salas e festivais do noroeste peninsular demostraron, sen d\u00fabida, que \u00e9 unha das formaci\u00f3ns m\u00e1is destacadas do panorama musical do momento e que a s\u00faa conexi\u00f3n co p\u00fablico \u00e9 imparable. Logo de publicar os LP <em>Cari\u00f1a de Raposo<\/em> (2019) e <em>O coras\u00f3n como un after<\/em> (2023), The Rapants presenta <em>La m\u00e1quina del buen rollo,<\/em> un disco ao servizo do baile, da diversi\u00f3n e, como o seu nome indica, do bo rollo.<\/p>\n\n\n\n<p><\/p>\n\n\n<a href=\"http:\/\/culturaliagz.com\/wp-content\/uploads\/2024\/03\/20240319-NP-The-Rapants-presenta-LMDBR-na-Capitol-.pdf\" class=\"pdfemb-viewer\" style=\"\" data-width=\"max\" data-height=\"max\" data-toolbar=\"bottom\" data-toolbar-fixed=\"off\">20240319-NP-The-Rapants-presenta-LMDBR-na-Capitol-<\/a>\n<p class=\"wp-block-pdfemb-pdf-embedder-viewer\"><\/p>\n","protected":false},"excerpt":{"rendered":"<p>The Rapants presenta La m\u00e1quina del buen rollo na Sala Capitol con todas as entradas esgotadas para as noites do 23 e 24 de marzo A banda murad\u00e1 promete enerx\u00eda [&hellip;]<\/p>\n","protected":false},"author":1,"featured_media":0,"comment_status":"open","ping_status":"open","sticky":false,"template":"","format":"standard","meta":{"_et_pb_use_builder":"","_et_pb_old_content":"","_et_gb_content_width":"","_jetpack_memberships_contains_paid_content":false,"footnotes":""},"categories":[23,7,6,57,1],"tags":[2051,1521,2052],"class_list":["post-15397","post","type-post","status-publish","format-standard","hentry","category-autoresas","category-creacion","category-novas","category-outras-artes","category-xeral","tag-la-maquina-del-buen-rollo","tag-sala-capitol","tag-the-rapants"],"jetpack_featured_media_url":"","jetpack_sharing_enabled":true,"_links":{"self":[{"href":"http:\/\/culturaliagz.com\/index.php?rest_route=\/wp\/v2\/posts\/15397","targetHints":{"allow":["GET"]}}],"collection":[{"href":"http:\/\/culturaliagz.com\/index.php?rest_route=\/wp\/v2\/posts"}],"about":[{"href":"http:\/\/culturaliagz.com\/index.php?rest_route=\/wp\/v2\/types\/post"}],"author":[{"embeddable":true,"href":"http:\/\/culturaliagz.com\/index.php?rest_route=\/wp\/v2\/users\/1"}],"replies":[{"embeddable":true,"href":"http:\/\/culturaliagz.com\/index.php?rest_route=%2Fwp%2Fv2%2Fcomments&post=15397"}],"version-history":[{"count":1,"href":"http:\/\/culturaliagz.com\/index.php?rest_route=\/wp\/v2\/posts\/15397\/revisions"}],"predecessor-version":[{"id":15401,"href":"http:\/\/culturaliagz.com\/index.php?rest_route=\/wp\/v2\/posts\/15397\/revisions\/15401"}],"wp:attachment":[{"href":"http:\/\/culturaliagz.com\/index.php?rest_route=%2Fwp%2Fv2%2Fmedia&parent=15397"}],"wp:term":[{"taxonomy":"category","embeddable":true,"href":"http:\/\/culturaliagz.com\/index.php?rest_route=%2Fwp%2Fv2%2Fcategories&post=15397"},{"taxonomy":"post_tag","embeddable":true,"href":"http:\/\/culturaliagz.com\/index.php?rest_route=%2Fwp%2Fv2%2Ftags&post=15397"}],"curies":[{"name":"wp","href":"https:\/\/api.w.org\/{rel}","templated":true}]}}