{"id":15384,"date":"2024-03-16T22:04:23","date_gmt":"2024-03-16T21:04:23","guid":{"rendered":"http:\/\/culturaliagz.com\/?p=15384"},"modified":"2024-03-16T22:06:18","modified_gmt":"2024-03-16T21:06:18","slug":"o-festival-atlantica-noga-e-sete-falares-celebran-o-dia-internacional-da-narracion-oral-con-espectaculos-solidarios-e-un-manifesto-de-paula-carballeira","status":"publish","type":"post","link":"http:\/\/culturaliagz.com\/?p=15384","title":{"rendered":"O Festival Atl\u00e1ntica, NOGA e Sete Falares celebran o D\u00eda Internacional da Narraci\u00f3n Oral con espect\u00e1culos solidarios e un manifesto de Paula Carballeira"},"content":{"rendered":"\n<p><\/p>\n\n\n<div class=\"wp-block-image\">\n<figure class=\"aligncenter size-large\"><a href=\"http:\/\/culturaliagz.com\/wp-content\/uploads\/2024\/03\/cartel_narracion_24-scaled.jpeg\" target=\"_blank\" rel=\"noreferrer noopener\"><img loading=\"lazy\" decoding=\"async\" width=\"743\" height=\"1024\" src=\"http:\/\/culturaliagz.com\/wp-content\/uploads\/2024\/03\/cartel_narracion_24-743x1024.jpeg\" alt=\"\" class=\"wp-image-15385\"\/><\/a><\/figure>\n<\/div>\n\n\n<p><\/p>\n\n\n\n<p><\/p>\n\n\n\n<p class=\"has-text-align-justify\"><strong>As actividades desenvolveranse ao redor do&nbsp;20 de marzo&nbsp;co obxectivo de visibilizar e po\u00f1er en valor a arte de contar en galego<\/strong><\/p>\n\n\n\n<p class=\"has-text-align-justify\"><strong>Unha vintena de artistas espallaranse por varias cidades e vilas do pa\u00eds nesta gran festa da narraci\u00f3n oral<\/strong><\/p>\n\n\n\n<p><\/p>\n\n\n\n<p class=\"has-text-align-justify\">A\u00ednda que<strong>&nbsp;<a href=\"https:\/\/www.facebook.com\/festivalatlantica\/\" target=\"_blank\" rel=\"noreferrer noopener\">Atl\u00e1ntica&nbsp;<\/a><\/strong>vaise a celebrar no ver\u00e1n, estes d\u00edas xunta esforzos co festival&nbsp;<a href=\"https:\/\/setefalares.eu\/\" target=\"_blank\" rel=\"noreferrer noopener\"><strong>Sete Falares<\/strong><\/a>&nbsp;de Pontevedra e co <a href=\"https:\/\/noga.gal\/\" target=\"_blank\" rel=\"noreferrer noopener\"><strong>Colectivo Narraci\u00f3n Oral Galega (NOGA)<\/strong><\/a>&nbsp;para situar no mapa dos manifestos e reivindicaci\u00f3ns a lingua do pa\u00eds e \u00e1s historias que nos identifican. As\u00ed, coincidindo co&nbsp;20 de marzo, data de celebraci\u00f3n do&nbsp;<strong>D\u00eda Internacional da Narraci\u00f3n Oral<\/strong>, as tres entidades est\u00e1n a preparar unha axenda ateigada de propostas contratadas por diferentes concellos en bibliotecas, teatros, auditorios e tam\u00e9n sesi\u00f3ns solidarias en hospitais e residencias da terceira idade.<\/p>\n\n\n\n<p><\/p>\n\n\n<div class=\"wp-block-image\">\n<figure class=\"aligncenter size-large\"><a href=\"http:\/\/culturaliagz.com\/wp-content\/uploads\/2024\/03\/cartel_narracion_24_manifesto-scaled.jpeg\" target=\"_blank\" rel=\"noreferrer noopener\"><img loading=\"lazy\" decoding=\"async\" width=\"1024\" height=\"724\" src=\"http:\/\/culturaliagz.com\/wp-content\/uploads\/2024\/03\/cartel_narracion_24_manifesto-1024x724.jpeg\" alt=\"\" class=\"wp-image-15386\" srcset=\"http:\/\/culturaliagz.com\/wp-content\/uploads\/2024\/03\/cartel_narracion_24_manifesto-980x693.jpeg 980w, http:\/\/culturaliagz.com\/wp-content\/uploads\/2024\/03\/cartel_narracion_24_manifesto-480x339.jpeg 480w\" sizes=\"auto, (min-width: 0px) and (max-width: 480px) 480px, (min-width: 481px) and (max-width: 980px) 980px, (min-width: 981px) 1024px, 100vw\" \/><\/a><\/figure>\n<\/div>\n\n\n<p><\/p>\n\n\n\n<p><\/p>\n\n\n\n<p class=\"has-text-align-justify\">A autor\u00eda do\u00a0<strong>manifesto\u00a0<\/strong>desta cuarta edici\u00f3n do D\u00eda da Narraci\u00f3n en Galicia \u00e9 de\u00a0<strong>Paula Carballeira<\/strong>, reco\u00f1ecida escritora, actriz, dramaturga e unha das pioneiras da narraci\u00f3n oral do pa\u00eds. No seu texto convida a todos a contar e contarse, po\u00f1endo o foco na importancia de dar luz \u00e1s voces silenciadas, agochadas, perdidas. Un convite a ser parte da historia, a ser inmortal\u2026 \u201cse queres\u201d.<br><br>O manifesto xa est\u00e1 a ser distribu\u00eddo en centros de ensino, bibliotecas e concellos e p\u00f3dese compartir desde \u00e1s redes sociais do Festival Atl\u00e1ntica, Sete Falares e Noga. Tam\u00e9n nas devanditas redes estar\u00e1 dispo\u00f1ible o programa completo de actividades que se van desenvolver nos concellos de Ares, Arteixo, Carballeda de Avia, Barco de Valdeorras, Betanzos, Boiro, Cambados, Campolongo, Chantada, Dodro, Fene, Lugo, Ma\u00f1\u00f3n, Mar\u00edn, Mazaricos, Meis, Moa\u00f1a, Monfero, Monterroso, Mugardos, Muros, Nar\u00f3n, Oleiros, Ourense, Ponteareas, Pontevedra, Redondela, Ribadeo, Ribeira, Rubi\u00e1, Sandi\u00e1s, Santa Comba, Santiago de Compostela, Soutomaior, Tordoia, Vigo e Ponte de Lima (Portugal).<\/p>\n\n\n\n<p class=\"has-text-align-justify\">Entre a vintena de artistas participantes figuran Aida Cobas, Alba de Vales, Amor Herrera, Ana Meil\u00e1n, \u00c1ngeles Go\u00e1s, Bea Campos, Brais das Hortas, C\u00e1ndido Paz\u00f3, Carlos Rebolo, Charo Pita, Cris Collazo, Cris de Caldas, Inma Soto, Larraitz Urruzola, Mar\u00eda Iglesias, Marta Ort\u00edz, Monicreques de Kukas, Olga Abad, Pablo D\u00edaz, Paco Nogueiras, Paula Carballeira, Pav\u00eds Pav\u00f3s, Quico Cadaval, Raquel Queiz\u00e1s, Sole Felloza, Vero Rilo e Xabi do Cami\u00f1o.<\/p>\n\n\n\n<p><strong>A ARTE M\u00c1IS ANTIGA DO MUNDO<\/strong><\/p>\n\n\n\n<p class=\"has-text-align-justify\">A narraci\u00f3n oral \u00e9 unha arte esc\u00e9nica de pequeno formato que est\u00e1 presente en todas as programaci\u00f3ns de xeito diario en Galicia. Programaci\u00f3ns nas que NOGA insta a ser valorada e reco\u00f1ecida coma unha arte rica creativa e s\u00f3lida con capacidade de adaptaci\u00f3n a espazos moi diferentes. Por iso levan traballando dende os festivais e NOGA para visibilizar e po\u00f1er en valor o seu oficio situando a Galicia e a s\u00faa lingua no mapa universal das historias.<\/p>\n\n\n\n<p class=\"has-text-align-justify\">No D\u00eda Internacional da Narraci\u00f3n Oral conmem\u00f3rase a arte de narrar de viva voz e cel\u00e9brase cada\u00a020 de marzo, coincidindo co equinoccio de primavera. A festividade tivo a s\u00faa orixe en Suecia no ano 1991 e, aos poucos, f\u00f3ronse engadindo outros pa\u00edses.<\/p>\n\n\n\n<p><\/p>\n\n\n<a href=\"http:\/\/culturaliagz.com\/wp-content\/uploads\/2024\/03\/20240315-Dia-Internacional-da-Narracion-Oral-20M.pdf\" class=\"pdfemb-viewer\" style=\"\" data-width=\"max\" data-height=\"max\" data-toolbar=\"bottom\" data-toolbar-fixed=\"off\">20240315-Dia-Internacional-da-Narracion-Oral-20M<\/a>\n<p class=\"wp-block-pdfemb-pdf-embedder-viewer\"><\/p>\n\n\n\n<p><\/p>\n","protected":false},"excerpt":{"rendered":"<p>As actividades desenvolveranse ao redor do&nbsp;20 de marzo&nbsp;co obxectivo de visibilizar e po\u00f1er en valor a arte de contar en galego Unha vintena de artistas espallaranse por varias cidades e [&hellip;]<\/p>\n","protected":false},"author":1,"featured_media":0,"comment_status":"open","ping_status":"open","sticky":false,"template":"","format":"standard","meta":{"_et_pb_use_builder":"","_et_pb_old_content":"","_et_gb_content_width":"","_jetpack_memberships_contains_paid_content":false,"footnotes":""},"categories":[23,7,129,6,57,1],"tags":[2119,761,629,2120,577,2118],"class_list":["post-15384","post","type-post","status-publish","format-standard","hentry","category-autoresas","category-creacion","category-literaria","category-novas","category-outras-artes","category-xeral","tag-colectivo-narracion-oral-galega","tag-dia-internacional-da-narracion-oral","tag-festival-atlantica","tag-manifesto-se-queres","tag-paula-carballeira","tag-sete-falares"],"jetpack_featured_media_url":"","jetpack_sharing_enabled":true,"_links":{"self":[{"href":"http:\/\/culturaliagz.com\/index.php?rest_route=\/wp\/v2\/posts\/15384","targetHints":{"allow":["GET"]}}],"collection":[{"href":"http:\/\/culturaliagz.com\/index.php?rest_route=\/wp\/v2\/posts"}],"about":[{"href":"http:\/\/culturaliagz.com\/index.php?rest_route=\/wp\/v2\/types\/post"}],"author":[{"embeddable":true,"href":"http:\/\/culturaliagz.com\/index.php?rest_route=\/wp\/v2\/users\/1"}],"replies":[{"embeddable":true,"href":"http:\/\/culturaliagz.com\/index.php?rest_route=%2Fwp%2Fv2%2Fcomments&post=15384"}],"version-history":[{"count":2,"href":"http:\/\/culturaliagz.com\/index.php?rest_route=\/wp\/v2\/posts\/15384\/revisions"}],"predecessor-version":[{"id":15390,"href":"http:\/\/culturaliagz.com\/index.php?rest_route=\/wp\/v2\/posts\/15384\/revisions\/15390"}],"wp:attachment":[{"href":"http:\/\/culturaliagz.com\/index.php?rest_route=%2Fwp%2Fv2%2Fmedia&parent=15384"}],"wp:term":[{"taxonomy":"category","embeddable":true,"href":"http:\/\/culturaliagz.com\/index.php?rest_route=%2Fwp%2Fv2%2Fcategories&post=15384"},{"taxonomy":"post_tag","embeddable":true,"href":"http:\/\/culturaliagz.com\/index.php?rest_route=%2Fwp%2Fv2%2Ftags&post=15384"}],"curies":[{"name":"wp","href":"https:\/\/api.w.org\/{rel}","templated":true}]}}