{"id":15358,"date":"2024-03-14T00:04:52","date_gmt":"2024-03-13T23:04:52","guid":{"rendered":"http:\/\/culturaliagz.com\/?p=15358"},"modified":"2024-03-14T00:04:55","modified_gmt":"2024-03-13T23:04:55","slug":"elefante-elegante-prepara-un-momento-precioso-o-seu-novo-espectaculo-para-publico-adulto","status":"publish","type":"post","link":"http:\/\/culturaliagz.com\/?p=15358","title":{"rendered":"Elefante Elegante prepara \u2018Un momento precioso\u2019, o seu novo espect\u00e1culo para p\u00fablico adulto"},"content":{"rendered":"\n<p><\/p>\n\n\n<div class=\"wp-block-image\">\n<figure class=\"aligncenter size-large is-resized\"><a href=\"http:\/\/culturaliagz.com\/wp-content\/uploads\/2024\/03\/Un-momento-precioso-1-scaled.jpeg\" target=\"_blank\" rel=\"noreferrer noopener\"><img loading=\"lazy\" decoding=\"async\" width=\"726\" height=\"1024\" src=\"http:\/\/culturaliagz.com\/wp-content\/uploads\/2024\/03\/Un-momento-precioso-1-726x1024.jpeg\" alt=\"\" class=\"wp-image-15359\" style=\"width:726px;height:auto\"\/><\/a><\/figure>\n<\/div>\n\n\n<p><\/p>\n\n\n\n<p><\/p>\n\n\n\n<p class=\"has-text-align-justify\"><strong>A estrea absoluta da obra ter\u00e1 lugar no Teatro Jofre de Ferrol<\/strong> <strong>o venres,\u00a012 de abril, \u00e1s\u00a020.30h, coas entradas \u00e1 venda desde ma\u00f1\u00e1 a un prezo de 5\u20ac a trav\u00e9s da plataforma en li\u00f1a do Concello ferrol\u00e1n\u00a0<a href=\"http:\/\/www.ferrol.es\/\" target=\"_blank\" rel=\"noreferrer noopener\">www.ferrol.es<\/a><\/strong><\/p>\n\n\n\n<p class=\"has-text-align-justify\"><strong>O Auditorio do Edificio de Servizos M\u00faltiples do Burgo, na Coru\u00f1a,\u00a0acolle estas semanas a residencia art\u00edstica de Elefante Elegante para traballar no proceso creativo da peza, con funci\u00f3ns previas diarias en sesi\u00f3n matinal, para p\u00fablico de Secundaria e Bacharelato, entre o 14 e o\u00a022 de marzo<\/strong><\/p>\n\n\n\n<p class=\"has-text-align-justify\"><strong>\u2018Un momento precioso\u2019 fala, a trav\u00e9s do teatro, a danza e a acrobacia,\u00a0da emerxencia clim\u00e1tica, evocando a representaci\u00f3n do planeta Terra\u00a0como un lugar de refuxio, de pracer e de harmon\u00eda&#8230; Mais, se o mundo\u00a0est\u00e1 a arder, como podemos conseguir un futuro diferente?<\/strong><\/p>\n\n\n\n<p><\/p>\n\n\n<div class=\"wp-block-image\">\n<figure class=\"aligncenter size-large\"><a href=\"http:\/\/culturaliagz.com\/wp-content\/uploads\/2024\/03\/Un-momento-precioso-3-scaled.jpeg\" target=\"_blank\" rel=\"noreferrer noopener\"><img loading=\"lazy\" decoding=\"async\" width=\"1024\" height=\"697\" src=\"http:\/\/culturaliagz.com\/wp-content\/uploads\/2024\/03\/Un-momento-precioso-3-1024x697.jpeg\" alt=\"\" class=\"wp-image-15360\" srcset=\"http:\/\/culturaliagz.com\/wp-content\/uploads\/2024\/03\/Un-momento-precioso-3-980x667.jpeg 980w, http:\/\/culturaliagz.com\/wp-content\/uploads\/2024\/03\/Un-momento-precioso-3-480x327.jpeg 480w\" sizes=\"auto, (min-width: 0px) and (max-width: 480px) 480px, (min-width: 481px) and (max-width: 980px) 980px, (min-width: 981px) 1024px, 100vw\" \/><\/a><\/figure>\n<\/div>\n\n\n<p><\/p>\n\n\n\n<p class=\"has-text-align-justify\">A\u00a0compa\u00f1\u00eda de teatro f\u00edsico\u00a0<a href=\"https:\/\/elefanteelegante.net\/\" target=\"_blank\" rel=\"noreferrer noopener\">Elefante Elegante<\/a>\u00a0prepara un novo espect\u00e1culo para p\u00fablico adulto.\u00a0<strong><em>Un momento precioso<\/em><\/strong>\u00a0\u00e9 o t\u00edtulo da peza na que a\u00a0<em>troupe<\/em>\u00a0liderada por Mar\u00eda Torres e Gon\u00e7alo Guerreiro est\u00e1 a traballar sobre a emerxencia clim\u00e1tica. Candidatos aos Premios Max 2024 \u00e1 mellor direcci\u00f3n de escena e finalistas dos Premios Mar\u00eda Casares 2024 \u00e1 mellor direcci\u00f3n de movemento pola obra\u00a0<em>Un hotel de primeira sobre o r\u00edo<\/em>, do Centro Dram\u00e1tico Galego, os artistas amosan con esta nova creaci\u00f3n a representaci\u00f3n on\u00edrica do planeta Terra como lugar de refuxio, de descanso, de pracer e de harmon\u00eda. Pero, se o mundo est\u00e1 a arder, como podemos conseguir un futuro diferente? A estrea absoluta de\u00a0<em>Un momento precioso<\/em>\u00a0ter\u00e1 lugar no Teatro Jofre de Ferrol o venres\u00a012 de abril, \u00e1s\u00a020.30h. As entradas estar\u00e1n \u00e1 venda desde ma\u00f1\u00e1 xoves,\u00a014 de marzo, a un prezo de 5\u20ac a trav\u00e9s da web\u00a0<a href=\"http:\/\/www.ferrol.es\/\" target=\"_blank\" rel=\"noreferrer noopener\">www.ferrol.es<\/a>.\u00a0<\/p>\n\n\n\n<p class=\"has-text-align-justify\">O Auditorio do Edificio de Servizos M\u00faltiples do&nbsp;Burgo, na Coru\u00f1a, acolle estas semanas a residencia art\u00edstica de Elefante Elegante para traballar no proceso creativo da peza. Para quentar motores, a compa\u00f1\u00eda ofrecer\u00e1,&nbsp;entre o 14 e o&nbsp;22 de marzo,&nbsp;funci\u00f3ns previas diarias&nbsp;en sesi\u00f3n matinal,&nbsp;para p\u00fablico de Secundaria, Bacharelato e mais para colectivos especiais da zona.<\/p>\n\n\n\n<p class=\"has-text-align-justify\"><em>Un momento precioso<\/em>evoca o imaxinario simb\u00f3lico do xard\u00edn asociado&nbsp;ao ideal da Terra como unha sorte de Arcadia feliz. O&nbsp;xard\u00edn simboliza a prosperidade, a paz e a liberdade, pero&nbsp;\u201cun momento precioso\u201d&nbsp;transita entre o so\u00f1o e o pesadelo,&nbsp;entre&nbsp;o para\u00edso e o inferno,&nbsp;entre&nbsp;a luz e a sombra,&nbsp;entre&nbsp;a construci\u00f3n&nbsp;arquitect\u00f3nica intelixente&nbsp;e a cat\u00e1strofe.<\/p>\n\n\n\n<p class=\"has-text-align-justify\">O mundo est\u00e1 a arder, da Amazonia a California, de Australia ao \u00c1rtico Siberiano. C\u00f3mpre escoller: quedamos observando como se consome no lume ou optamos por facer o preciso para alcanzarmos un futuro diferente?<\/p>\n\n\n\n<p class=\"has-text-align-justify\">A decisi\u00f3n \u00e9, asemade, simple e complexa, pero \u00e9, sobre todo, urxente. Esta pode ser a hora final da nosa civilizaci\u00f3n, pero o noso momento \u00e9 tam\u00e9n precioso. \u00c9 posible resolver a emerxencia clim\u00e1tica, mais c\u00f3mpre actuar axi\u00f1a.&nbsp;<\/p>\n\n\n\n<p class=\"has-text-align-justify\"><em>Un momento precioso<\/em>&nbsp;rescata a idea de&nbsp;xard\u00edn como&nbsp;lugar&nbsp;natural estrat\u00e9xico no dese\u00f1o das&nbsp;cidades sostibles e, tam\u00e9n,&nbsp;como&nbsp;un espazo social ideal onde coexisten seres humanos de diferentes idades, x\u00e9neros e clases sociais. Pero,&nbsp;como, cando e onde nos sentiremos verdadeiramente libres, en seguridade e en igualdade de dereitos?<\/p>\n\n\n\n<p class=\"has-text-align-justify\"><em>Un momento precioso<\/em>&nbsp;\u00e9 un espect\u00e1culo de teatro de movemento que transita entre o teatro, a danza e a acrobacia.&nbsp;A trav\u00e9s da relaci\u00f3n da m\u00fasica co movemento e a interacci\u00f3n cos elementos da escenograf\u00eda, rev\u00e9lanse&nbsp;todos os&nbsp;segredos dunha posta en escena que se fundamenta na din\u00e1mica&nbsp;pl\u00e1stica da narrativa teatral.<\/p>\n\n\n\n<p class=\"has-text-align-justify\">Gon\u00e7alo Guerreiro e Mar\u00eda Torres firman a creaci\u00f3n de&nbsp;<em>Un momento precioso<\/em>. Guerreiro \u00e9, tam\u00e9n, o responsable da direcci\u00f3n e a escenograf\u00eda da peza, mentres que o elenco est\u00e1 integrado por&nbsp;Pablo S\u00e1nchez, Julia Laport, Mario Rodr\u00edguez, Sof\u00eda Espi\u00f1eira,&nbsp;Eloi Garc\u00eda&nbsp;e a mesma&nbsp;Mar\u00eda Torres. Pola s\u00faa banda, a composici\u00f3n musical est\u00e1 asinada por Manel Fonte, a iluminaci\u00f3n \u00e9 de Nacho Mart\u00edn e Carolina D\u00edguele \u00e9 a art\u00edfice do vestiario.<\/p>\n\n\n\n<p class=\"has-text-align-justify\"><em>Un momento precioso<\/em>&nbsp;\u00e9 unha coproduci\u00f3n de Elefante Elegante e o Concello de Culleredo -onde Gon\u00e7alo Guerreiro e Mar\u00eda Torres son compa\u00f1\u00eda residente- e conta coa subvenci\u00f3n da Axencia Galega das Industrias Culturais da Xunta de Galicia (Agadic) e o apoio do Concello de Ferrol.&nbsp;<\/p>\n\n\n\n<p><strong>SOBRE A COMPA\u00d1\u00cdA<\/strong><strong><\/strong><\/p>\n\n\n\n<p class=\"has-text-align-justify\">Elefante Elegante nace do desexo de desenvolver unha linguaxe pl\u00e1stica, po\u00e9tica e universal que non dependa exclusivamente do texto e que permita indagar en tem\u00e1ticas de car\u00e1cter social e existencial. As s\u00faas creaci\u00f3ns xorden do di\u00e1logo do teatro f\u00edsico coa danza, coa m\u00fasica e coas artes visuais. Os espect\u00e1culos de Elefante Elegante est\u00e1n baseados na relaci\u00f3n do corpo co espazo e reflicten unha rigorosa investigaci\u00f3n de xestos, movementos e imaxes.&nbsp;<\/p>\n\n\n\n<p class=\"has-text-align-justify\">O xogo teatral bas\u00e9ase no traballo pl\u00e1stico dos int\u00e9rpretes e na s\u00faa constante interacci\u00f3n cos elementos escenogr\u00e1ficos. A narrativa das acci\u00f3ns f\u00edsicas var\u00eda entre a abstracci\u00f3n do movemento bailado e a construci\u00f3n da trama teatral. O corpo cont\u00e9n de seu todos os segredos e revelaci\u00f3ns dunha posta en escena que se fundamenta na organicidade do dispositivo esc\u00e9nico e na din\u00e1mica pict\u00f3rica da organizaci\u00f3n do espazo sonoro e literario.<\/p>\n\n\n\n<p class=\"has-text-align-justify\">A compa\u00f1\u00eda foi fundada por Mar\u00eda Torres e Gon\u00e7alo Guerreiro no ano 2000 e residiu os primeiros anos en B\u00e9lxica, ata instalarse en Galicia no 2007. O grupo comezou como un proxecto experimental do que fac\u00edan parte actrices e actores de diferentes pa\u00edses europeos. En escena, cada int\u00e9rprete falaba a s\u00faa propia lingua. Ese foi o motor para iniciar a s\u00faa pr\u00e1ctica en torno ao xogo corporal. Actualmente, Elefante Elegante ten a s\u00faa sede no concello de Culleredo (A Coru\u00f1a), onde \u00e9 compa\u00f1\u00eda residente. Os seus espect\u00e1culos foron reco\u00f1ecidos con varios premios Mar\u00eda Casares desde o ano 2013.<\/p>\n\n\n\n<p><\/p>\n\n\n<a href=\"http:\/\/culturaliagz.com\/wp-content\/uploads\/2024\/03\/20240313-NP-un-momento-precioso-Elefante-Elegante_OK.pdf\" class=\"pdfemb-viewer\" style=\"\" data-width=\"max\" data-height=\"max\" data-toolbar=\"bottom\" data-toolbar-fixed=\"off\">20240313-NP-un-momento-precioso-Elefante-Elegante_OK<\/a>\n<p class=\"wp-block-pdfemb-pdf-embedder-viewer\"><\/p>\n","protected":false},"excerpt":{"rendered":"<p>A estrea absoluta da obra ter\u00e1 lugar no Teatro Jofre de Ferrol o venres,\u00a012 de abril, \u00e1s\u00a020.30h, coas entradas \u00e1 venda desde ma\u00f1\u00e1 a un prezo de 5\u20ac a trav\u00e9s [&hellip;]<\/p>\n","protected":false},"author":1,"featured_media":0,"comment_status":"open","ping_status":"open","sticky":false,"template":"","format":"standard","meta":{"_et_pb_use_builder":"","_et_pb_old_content":"","_et_gb_content_width":"","_jetpack_memberships_contains_paid_content":false,"footnotes":""},"categories":[23,7,6,57,1],"tags":[1106,2113],"class_list":["post-15358","post","type-post","status-publish","format-standard","hentry","category-autoresas","category-creacion","category-novas","category-outras-artes","category-xeral","tag-elefante-elegante","tag-un-momento-precioso"],"jetpack_featured_media_url":"","jetpack_sharing_enabled":true,"_links":{"self":[{"href":"http:\/\/culturaliagz.com\/index.php?rest_route=\/wp\/v2\/posts\/15358","targetHints":{"allow":["GET"]}}],"collection":[{"href":"http:\/\/culturaliagz.com\/index.php?rest_route=\/wp\/v2\/posts"}],"about":[{"href":"http:\/\/culturaliagz.com\/index.php?rest_route=\/wp\/v2\/types\/post"}],"author":[{"embeddable":true,"href":"http:\/\/culturaliagz.com\/index.php?rest_route=\/wp\/v2\/users\/1"}],"replies":[{"embeddable":true,"href":"http:\/\/culturaliagz.com\/index.php?rest_route=%2Fwp%2Fv2%2Fcomments&post=15358"}],"version-history":[{"count":1,"href":"http:\/\/culturaliagz.com\/index.php?rest_route=\/wp\/v2\/posts\/15358\/revisions"}],"predecessor-version":[{"id":15362,"href":"http:\/\/culturaliagz.com\/index.php?rest_route=\/wp\/v2\/posts\/15358\/revisions\/15362"}],"wp:attachment":[{"href":"http:\/\/culturaliagz.com\/index.php?rest_route=%2Fwp%2Fv2%2Fmedia&parent=15358"}],"wp:term":[{"taxonomy":"category","embeddable":true,"href":"http:\/\/culturaliagz.com\/index.php?rest_route=%2Fwp%2Fv2%2Fcategories&post=15358"},{"taxonomy":"post_tag","embeddable":true,"href":"http:\/\/culturaliagz.com\/index.php?rest_route=%2Fwp%2Fv2%2Ftags&post=15358"}],"curies":[{"name":"wp","href":"https:\/\/api.w.org\/{rel}","templated":true}]}}