{"id":15323,"date":"2024-03-07T22:55:15","date_gmt":"2024-03-07T21:55:15","guid":{"rendered":"http:\/\/culturaliagz.com\/?p=15323"},"modified":"2024-03-07T22:57:52","modified_gmt":"2024-03-07T21:57:52","slug":"o-colectivo-delas-conquista-o-teatro-jofre-de-ferrol","status":"publish","type":"post","link":"http:\/\/culturaliagz.com\/?p=15323","title":{"rendered":"O Colectivo D&#8217;elas conquista o Teatro Jofre de Ferrol"},"content":{"rendered":"\n<p><\/p>\n\n\n\n<p><\/p>\n\n\n<div class=\"wp-block-image\">\n<figure class=\"aligncenter size-large is-resized\"><a href=\"http:\/\/culturaliagz.com\/wp-content\/uploads\/2024\/03\/Delas_vertical_bajaresol1-min-scaled.jpeg\" target=\"_blank\" rel=\"noreferrer noopener\"><img loading=\"lazy\" decoding=\"async\" width=\"819\" height=\"1024\" src=\"http:\/\/culturaliagz.com\/wp-content\/uploads\/2024\/03\/Delas_vertical_bajaresol1-min-819x1024.jpeg\" alt=\"\" class=\"wp-image-15324\" style=\"width:783px;height:auto\"\/><\/a><\/figure>\n<\/div>\n\n\n<p><\/p>\n\n\n\n<p><\/p>\n\n\n\n<p class=\"has-text-align-justify\"><strong>Colectivo D&#8217;elas<\/strong>, un colectivo de danza urbana baseado na Coru\u00f1a, estrear\u00e1 o seu primeiro espect\u00e1culo para teatros e auditorios o pr\u00f3ximo&nbsp;5 de Abril&nbsp;no Teatro Jofre (Ferrol, A Coru\u00f1a)&nbsp;<strong>\u00c9 Dif\u00edcil Fotografar o Baleiro.<\/strong><\/p>\n\n\n\n<p><\/p>\n\n\n\n<p><\/p>\n\n\n\n<p><\/p>\n\n\n\n<figure class=\"wp-block-gallery has-nested-images columns-default is-cropped wp-block-gallery-1 is-layout-flex wp-block-gallery-is-layout-flex\">\n<figure class=\"wp-block-image size-large\"><a href=\"http:\/\/culturaliagz.com\/wp-content\/uploads\/2024\/03\/Delas_vertical_bajaresol3-min-scaled.jpeg\" target=\"_blank\" rel=\"noreferrer noopener\"><img loading=\"lazy\" decoding=\"async\" width=\"683\" height=\"1024\" data-id=\"15327\" src=\"http:\/\/culturaliagz.com\/wp-content\/uploads\/2024\/03\/Delas_vertical_bajaresol3-min-683x1024.jpeg\" alt=\"\" class=\"wp-image-15327\"\/><\/a><\/figure>\n\n\n\n<figure class=\"wp-block-image size-large\"><a href=\"http:\/\/culturaliagz.com\/wp-content\/uploads\/2024\/03\/Copy-of-bailero_companhiadelas_03-1.jpeg\" target=\"_blank\" rel=\"noreferrer noopener\"><img loading=\"lazy\" decoding=\"async\" width=\"1024\" height=\"683\" data-id=\"15326\" src=\"http:\/\/culturaliagz.com\/wp-content\/uploads\/2024\/03\/Copy-of-bailero_companhiadelas_03-1-1024x683.jpeg\" alt=\"\" class=\"wp-image-15326\" srcset=\"http:\/\/culturaliagz.com\/wp-content\/uploads\/2024\/03\/Copy-of-bailero_companhiadelas_03-1-980x653.jpeg 980w, http:\/\/culturaliagz.com\/wp-content\/uploads\/2024\/03\/Copy-of-bailero_companhiadelas_03-1-480x320.jpeg 480w\" sizes=\"auto, (min-width: 0px) and (max-width: 480px) 480px, (min-width: 481px) and (max-width: 980px) 980px, (min-width: 981px) 1024px, 100vw\" \/><\/a><\/figure>\n\n\n\n<figure class=\"wp-block-image size-large\"><a href=\"http:\/\/culturaliagz.com\/wp-content\/uploads\/2024\/03\/Copy-of-bailero_companhiadelas_04.jpeg\" target=\"_blank\" rel=\"noreferrer noopener\"><img loading=\"lazy\" decoding=\"async\" width=\"683\" height=\"1024\" data-id=\"15325\" src=\"http:\/\/culturaliagz.com\/wp-content\/uploads\/2024\/03\/Copy-of-bailero_companhiadelas_04-683x1024.jpeg\" alt=\"\" class=\"wp-image-15325\"\/><\/a><\/figure>\n<\/figure>\n\n\n\n<p><\/p>\n\n\n\n<p><\/p>\n\n\n\n<p>Velaqu\u00ed o teaser do espect\u00e1culo:<\/p>\n\n\n\n<figure class=\"wp-block-embed is-type-video is-provider-youtube wp-block-embed-youtube wp-embed-aspect-16-9 wp-has-aspect-ratio\"><div class=\"wp-block-embed__wrapper\">\n<iframe loading=\"lazy\" title=\"\u00c9 DIFICIL FOTOGRAFAR O BALEIRO | COLECTIVO D&#039;ELAS\" width=\"1080\" height=\"608\" src=\"https:\/\/www.youtube.com\/embed\/eSglATOh5yk?feature=oembed\" frameborder=\"0\" allow=\"accelerometer; autoplay; clipboard-write; encrypted-media; gyroscope; picture-in-picture; web-share\" allowfullscreen><\/iframe>\n<\/div><\/figure>\n\n\n\n<p><\/p>\n\n\n<a href=\"http:\/\/culturaliagz.com\/wp-content\/uploads\/2024\/03\/Nota-de-prensa-EDFOB-Gal-2.pdf\" class=\"pdfemb-viewer\" style=\"\" data-width=\"max\" data-height=\"max\" data-toolbar=\"bottom\" data-toolbar-fixed=\"off\">Nota-de-prensa-EDFOB-Gal-2<\/a>\n<p class=\"wp-block-pdfemb-pdf-embedder-viewer\"><\/p>\n","protected":false},"excerpt":{"rendered":"<p>Colectivo D&#8217;elas, un colectivo de danza urbana baseado na Coru\u00f1a, estrear\u00e1 o seu primeiro espect\u00e1culo para teatros e auditorios o pr\u00f3ximo&nbsp;5 de Abril&nbsp;no Teatro Jofre (Ferrol, A Coru\u00f1a)&nbsp;\u00c9 Dif\u00edcil Fotografar [&hellip;]<\/p>\n","protected":false},"author":1,"featured_media":0,"comment_status":"open","ping_status":"open","sticky":false,"template":"","format":"standard","meta":{"_et_pb_use_builder":"","_et_pb_old_content":"","_et_gb_content_width":"","_jetpack_memberships_contains_paid_content":false,"footnotes":""},"categories":[23,7,6,57],"tags":[2097,2098,1108],"class_list":["post-15323","post","type-post","status-publish","format-standard","hentry","category-autoresas","category-creacion","category-novas","category-outras-artes","tag-colectivo-delas","tag-e-dificil-fotografar-o-baleiro","tag-teatro-jofre"],"jetpack_featured_media_url":"","jetpack_sharing_enabled":true,"_links":{"self":[{"href":"http:\/\/culturaliagz.com\/index.php?rest_route=\/wp\/v2\/posts\/15323","targetHints":{"allow":["GET"]}}],"collection":[{"href":"http:\/\/culturaliagz.com\/index.php?rest_route=\/wp\/v2\/posts"}],"about":[{"href":"http:\/\/culturaliagz.com\/index.php?rest_route=\/wp\/v2\/types\/post"}],"author":[{"embeddable":true,"href":"http:\/\/culturaliagz.com\/index.php?rest_route=\/wp\/v2\/users\/1"}],"replies":[{"embeddable":true,"href":"http:\/\/culturaliagz.com\/index.php?rest_route=%2Fwp%2Fv2%2Fcomments&post=15323"}],"version-history":[{"count":2,"href":"http:\/\/culturaliagz.com\/index.php?rest_route=\/wp\/v2\/posts\/15323\/revisions"}],"predecessor-version":[{"id":15331,"href":"http:\/\/culturaliagz.com\/index.php?rest_route=\/wp\/v2\/posts\/15323\/revisions\/15331"}],"wp:attachment":[{"href":"http:\/\/culturaliagz.com\/index.php?rest_route=%2Fwp%2Fv2%2Fmedia&parent=15323"}],"wp:term":[{"taxonomy":"category","embeddable":true,"href":"http:\/\/culturaliagz.com\/index.php?rest_route=%2Fwp%2Fv2%2Fcategories&post=15323"},{"taxonomy":"post_tag","embeddable":true,"href":"http:\/\/culturaliagz.com\/index.php?rest_route=%2Fwp%2Fv2%2Ftags&post=15323"}],"curies":[{"name":"wp","href":"https:\/\/api.w.org\/{rel}","templated":true}]}}