{"id":15317,"date":"2024-03-07T22:42:01","date_gmt":"2024-03-07T21:42:01","guid":{"rendered":"http:\/\/culturaliagz.com\/?p=15317"},"modified":"2024-03-07T22:42:05","modified_gmt":"2024-03-07T21:42:05","slug":"acto-un-pallaso-de-lugo-en-palestina-de-ivan-prado-na-casa-da-cultura-de-vilalba","status":"publish","type":"post","link":"http:\/\/culturaliagz.com\/?p=15317","title":{"rendered":"Acto &#8220;UN PALLASO DE LUGO EN PALESTINA&#8221;, de Iv\u00e1n Prado, na Casa da Cultura de Vilalba"},"content":{"rendered":"\n<p><\/p>\n\n\n<div class=\"wp-block-image\">\n<figure class=\"aligncenter size-large\"><a href=\"http:\/\/culturaliagz.com\/wp-content\/uploads\/2024\/03\/CARTAZ-PALLASOS-EN-REBELDIA.jpeg\" target=\"_blank\" rel=\"noreferrer noopener\"><img loading=\"lazy\" decoding=\"async\" width=\"724\" height=\"1024\" src=\"http:\/\/culturaliagz.com\/wp-content\/uploads\/2024\/03\/CARTAZ-PALLASOS-EN-REBELDIA-724x1024.jpeg\" alt=\"\" class=\"wp-image-15318\"\/><\/a><\/figure>\n<\/div>\n\n\n<p><\/p>\n\n\n\n<p><\/p>\n\n\n\n<p class=\"has-text-align-justify\">O <a href=\"https:\/\/estudoschairegos.gal\/\">Instituto de Estudos Chairegos<\/a> organiza, o\u00a0martes\u00a0<strong>12\u00a0 de marzo de 2024<\/strong>, \u00e1s\u00a0\u00a0<strong>20:00\u00a0horas<\/strong>, na\u00a0<em>Casa da Cultura de Vilalba<\/em>,\u00a0un acto de apoio ao pobo palestino denominado <a href=\"https:\/\/estudoschairegos.gal\/ivan-prado-un-pallaso-de-lugo-en-palestina-charla-con-material-videografico-o-martes-12-de-marzo-de-2024-as-2000-h-na-casa-da-cultura-de-vilalba\/\">\u201c<strong>UN PALLASO DE LUGO EN PALESTINA<\/strong>\u201d<\/a> no que\u00a0<strong>IV\u00c1N PRADO<\/strong>, no marco da exposici\u00f3n\u00a0<em>\u201cVOCES PALESTINAS QUE CONTAN\u201d<\/em>\u00a0montada pola\u00a0Biblioteca\u00a0<em>\u201cAgust\u00edn Fern\u00e1ndez Paz\u201d<\/em>\u00a0do IES Basanta Silva de Vilalba\u00a0e que a\u00ednda permanece aberta na propia Casa da Cultura, impartir\u00e1 unha charla sobre o tema apoi\u00e1ndose tam\u00e9n en material videogr\u00e1fico.<\/p>\n\n\n\n<p>Entrada libre ata completar aforo.<\/p>\n\n\n\n<p><\/p>\n\n\n<a href=\"http:\/\/culturaliagz.com\/wp-content\/uploads\/2024\/03\/NOTA-INFORMATIVA-22PALLASOS-EN-REBELDIA22.pdf\" class=\"pdfemb-viewer\" style=\"\" data-width=\"max\" data-height=\"max\" data-toolbar=\"bottom\" data-toolbar-fixed=\"off\">NOTA-INFORMATIVA-22PALLASOS-EN-REBELDIA22<\/a>\n<p class=\"wp-block-pdfemb-pdf-embedder-viewer\"><\/p>\n","protected":false},"excerpt":{"rendered":"<p>O Instituto de Estudos Chairegos organiza, o\u00a0martes\u00a012\u00a0 de marzo de 2024, \u00e1s\u00a0\u00a020:00\u00a0horas, na\u00a0Casa da Cultura de Vilalba,\u00a0un acto de apoio ao pobo palestino denominado \u201cUN PALLASO DE LUGO EN PALESTINA\u201d [&hellip;]<\/p>\n","protected":false},"author":1,"featured_media":0,"comment_status":"open","ping_status":"open","sticky":false,"template":"","format":"standard","meta":{"_et_pb_use_builder":"","_et_pb_old_content":"","_et_gb_content_width":"","_jetpack_memberships_contains_paid_content":false,"footnotes":""},"categories":[23,7,6,57,1],"tags":[2039,220,2038,2040,234,2096,2095],"class_list":["post-15317","post","type-post","status-publish","format-standard","hentry","category-autoresas","category-creacion","category-novas","category-outras-artes","category-xeral","tag-biblioteca-agustin-fernandez-paz","tag-casa-da-cultura-de-vilalba","tag-exposicion-voces-palestinas-que-contan","tag-ies-basanta-silva-de-vilalba","tag-iescha","tag-ivan-prado","tag-un-pallaso-de-lugo-en-palestina"],"jetpack_featured_media_url":"","jetpack_sharing_enabled":true,"_links":{"self":[{"href":"http:\/\/culturaliagz.com\/index.php?rest_route=\/wp\/v2\/posts\/15317","targetHints":{"allow":["GET"]}}],"collection":[{"href":"http:\/\/culturaliagz.com\/index.php?rest_route=\/wp\/v2\/posts"}],"about":[{"href":"http:\/\/culturaliagz.com\/index.php?rest_route=\/wp\/v2\/types\/post"}],"author":[{"embeddable":true,"href":"http:\/\/culturaliagz.com\/index.php?rest_route=\/wp\/v2\/users\/1"}],"replies":[{"embeddable":true,"href":"http:\/\/culturaliagz.com\/index.php?rest_route=%2Fwp%2Fv2%2Fcomments&post=15317"}],"version-history":[{"count":3,"href":"http:\/\/culturaliagz.com\/index.php?rest_route=\/wp\/v2\/posts\/15317\/revisions"}],"predecessor-version":[{"id":15322,"href":"http:\/\/culturaliagz.com\/index.php?rest_route=\/wp\/v2\/posts\/15317\/revisions\/15322"}],"wp:attachment":[{"href":"http:\/\/culturaliagz.com\/index.php?rest_route=%2Fwp%2Fv2%2Fmedia&parent=15317"}],"wp:term":[{"taxonomy":"category","embeddable":true,"href":"http:\/\/culturaliagz.com\/index.php?rest_route=%2Fwp%2Fv2%2Fcategories&post=15317"},{"taxonomy":"post_tag","embeddable":true,"href":"http:\/\/culturaliagz.com\/index.php?rest_route=%2Fwp%2Fv2%2Ftags&post=15317"}],"curies":[{"name":"wp","href":"https:\/\/api.w.org\/{rel}","templated":true}]}}