{"id":15287,"date":"2024-03-05T12:01:54","date_gmt":"2024-03-05T11:01:54","guid":{"rendered":"http:\/\/culturaliagz.com\/?p=15287"},"modified":"2024-03-05T12:16:03","modified_gmt":"2024-03-05T11:16:03","slug":"publicacions-dos-calendarios-do-ieu-da-finca-de-quintas-palas-de-rei-e-de-o-sorriso-de-daniel-de-vilar-de-donas","status":"publish","type":"post","link":"http:\/\/culturaliagz.com\/?p=15287","title":{"rendered":"Publicaci\u00f3ns dos calendarios do IEU da Finca de Quintas (Palas de Rei) e de O Sorriso de Daniel de Vilar de Donas"},"content":{"rendered":"\n<p><\/p>\n\n\n\n<figure class=\"wp-block-gallery has-nested-images columns-default is-cropped wp-block-gallery-1 is-layout-flex wp-block-gallery-is-layout-flex\">\n<figure class=\"wp-block-image size-large\"><a href=\"http:\/\/culturaliagz.com\/wp-content\/uploads\/2024\/03\/IMG_2030.jpeg\" target=\"_blank\" rel=\"noreferrer noopener\"><img loading=\"lazy\" decoding=\"async\" width=\"1024\" height=\"769\" data-id=\"15288\" src=\"http:\/\/culturaliagz.com\/wp-content\/uploads\/2024\/03\/IMG_2030-1024x769.jpeg\" alt=\"\" class=\"wp-image-15288\" srcset=\"http:\/\/culturaliagz.com\/wp-content\/uploads\/2024\/03\/IMG_2030-980x736.jpeg 980w, http:\/\/culturaliagz.com\/wp-content\/uploads\/2024\/03\/IMG_2030-480x360.jpeg 480w\" sizes=\"auto, (min-width: 0px) and (max-width: 480px) 480px, (min-width: 481px) and (max-width: 980px) 980px, (min-width: 981px) 1024px, 100vw\" \/><\/a><\/figure>\n\n\n\n<figure class=\"wp-block-image size-large\"><a href=\"http:\/\/culturaliagz.com\/wp-content\/uploads\/2024\/03\/IMG_2032.jpeg\" target=\"_blank\" rel=\"noreferrer noopener\"><img loading=\"lazy\" decoding=\"async\" width=\"1003\" height=\"1000\" data-id=\"15289\" src=\"http:\/\/culturaliagz.com\/wp-content\/uploads\/2024\/03\/IMG_2032.jpeg\" alt=\"\" class=\"wp-image-15289\" srcset=\"http:\/\/culturaliagz.com\/wp-content\/uploads\/2024\/03\/IMG_2032.jpeg 1003w, http:\/\/culturaliagz.com\/wp-content\/uploads\/2024\/03\/IMG_2032-980x977.jpeg 980w, http:\/\/culturaliagz.com\/wp-content\/uploads\/2024\/03\/IMG_2032-480x479.jpeg 480w\" sizes=\"auto, (min-width: 0px) and (max-width: 480px) 480px, (min-width: 481px) and (max-width: 980px) 980px, (min-width: 981px) 1003px, 100vw\" \/><\/a><\/figure>\n<\/figure>\n\n\n\n<p><\/p>\n\n\n\n<p><\/p>\n\n\n\n<p><\/p>\n\n\n<div class=\"wp-block-image\">\n<figure class=\"alignleft size-medium\"><a href=\"http:\/\/culturaliagz.com\/wp-content\/uploads\/2024\/03\/IMG_2031.jpeg\" target=\"_blank\" rel=\"noreferrer noopener\"><img loading=\"lazy\" decoding=\"async\" width=\"212\" height=\"300\" src=\"http:\/\/culturaliagz.com\/wp-content\/uploads\/2024\/03\/IMG_2031-212x300.jpeg\" alt=\"\" class=\"wp-image-15290\"\/><\/a><\/figure>\n<\/div>\n\n\n<p><\/p>\n\n\n\n<p><\/p>\n\n\n\n<p class=\"has-text-align-justify\" style=\"font-size:16px\">O <a href=\"http:\/\/ieu.gal\/\">IEU<\/a> presentou no IES do Cami\u00f1o de Palas o calendario do 2024 con textos e ilustraci\u00f3ns da fauna da finca de Quintas de Palas de Rei, na que se vai construir a f\u00e1brica de celulosa de Altri. Os textos son do noso socio Xurxo Mouri\u00f1o, os debuxos do alumnado do IES do Cami\u00f1o e a coordinaci\u00f3n de Hilda Garc\u00eda Cabanas. Imprimiremos m\u00e1is exemplares. M\u00e1is informaci\u00f3n en <a href=\"http:\/\/ieu.gal\/presentacion-calendario-de-fauna-da-finca-de-quintas-palas-de-rei\/\" target=\"_blank\" rel=\"noreferrer noopener\">http:\/\/ieu.gal\/presentacion-calendario-de-fauna-da-finca-de-quintas-palas-de-rei\/<\/a><\/p>\n\n\n\n<p><\/p>\n\n\n\n<p><\/p>\n\n\n\n<p><\/p>\n\n\n\n<p><\/p>\n\n\n\n<p><\/p>\n\n\n\n<p><\/p>\n\n\n<div class=\"wp-block-image\">\n<figure class=\"alignright size-medium\"><a href=\"http:\/\/culturaliagz.com\/wp-content\/uploads\/2024\/03\/IMG_2033.jpeg\" target=\"_blank\" rel=\"noreferrer noopener\"><img loading=\"lazy\" decoding=\"async\" width=\"300\" height=\"300\" src=\"http:\/\/culturaliagz.com\/wp-content\/uploads\/2024\/03\/IMG_2033-300x300.jpeg\" alt=\"\" class=\"wp-image-15291\"\/><\/a><\/figure>\n<\/div>\n\n\n<p><\/p>\n\n\n\n<p><\/p>\n\n\n\n<p class=\"has-text-align-justify\" style=\"font-size:16px\">Por outra parte, a asociaci\u00f3n&nbsp;<em>O Sorriso de Daniel<\/em> publicou tam\u00e9n un calendario de 2024 sobre o patrimonio de Palas de Rei, neste caso de Vilar de Donas para conmemorar o 800 aniversario da s\u00faa fundaci\u00f3n. As fotograf\u00edas, como en anos anteriores, son de Soledad Felloza. Podedes mercalos en librer\u00edas ou online. Unha informaci\u00f3n m\u00e1is completa en <a href=\"http:\/\/osorrisodedaniel.blogspot.com\/\" target=\"_blank\" rel=\"noreferrer noopener\">http:\/\/osorrisodedaniel.blogspot.com\/<\/a><\/p>\n","protected":false},"excerpt":{"rendered":"<p>O IEU presentou no IES do Cami\u00f1o de Palas o calendario do 2024 con textos e ilustraci\u00f3ns da fauna da finca de Quintas de Palas de Rei, na que se [&hellip;]<\/p>\n","protected":false},"author":1,"featured_media":0,"comment_status":"open","ping_status":"open","sticky":false,"template":"","format":"standard","meta":{"_et_pb_use_builder":"","_et_pb_old_content":"","_et_gb_content_width":"","_jetpack_memberships_contains_paid_content":false,"footnotes":""},"categories":[23,7,6,57,1],"tags":[2086,425,2087,2088],"class_list":["post-15287","post","type-post","status-publish","format-standard","hentry","category-autoresas","category-creacion","category-novas","category-outras-artes","category-xeral","tag-finca-de-quintas","tag-instituto-de-estudos-ulloans","tag-o-sorriso-de-daniel","tag-vilar-de-donas"],"jetpack_featured_media_url":"","jetpack_sharing_enabled":true,"_links":{"self":[{"href":"http:\/\/culturaliagz.com\/index.php?rest_route=\/wp\/v2\/posts\/15287","targetHints":{"allow":["GET"]}}],"collection":[{"href":"http:\/\/culturaliagz.com\/index.php?rest_route=\/wp\/v2\/posts"}],"about":[{"href":"http:\/\/culturaliagz.com\/index.php?rest_route=\/wp\/v2\/types\/post"}],"author":[{"embeddable":true,"href":"http:\/\/culturaliagz.com\/index.php?rest_route=\/wp\/v2\/users\/1"}],"replies":[{"embeddable":true,"href":"http:\/\/culturaliagz.com\/index.php?rest_route=%2Fwp%2Fv2%2Fcomments&post=15287"}],"version-history":[{"count":11,"href":"http:\/\/culturaliagz.com\/index.php?rest_route=\/wp\/v2\/posts\/15287\/revisions"}],"predecessor-version":[{"id":15305,"href":"http:\/\/culturaliagz.com\/index.php?rest_route=\/wp\/v2\/posts\/15287\/revisions\/15305"}],"wp:attachment":[{"href":"http:\/\/culturaliagz.com\/index.php?rest_route=%2Fwp%2Fv2%2Fmedia&parent=15287"}],"wp:term":[{"taxonomy":"category","embeddable":true,"href":"http:\/\/culturaliagz.com\/index.php?rest_route=%2Fwp%2Fv2%2Fcategories&post=15287"},{"taxonomy":"post_tag","embeddable":true,"href":"http:\/\/culturaliagz.com\/index.php?rest_route=%2Fwp%2Fv2%2Ftags&post=15287"}],"curies":[{"name":"wp","href":"https:\/\/api.w.org\/{rel}","templated":true}]}}