{"id":15269,"date":"2024-03-01T23:00:31","date_gmt":"2024-03-01T22:00:31","guid":{"rendered":"http:\/\/culturaliagz.com\/?p=15269"},"modified":"2024-03-01T23:00:35","modified_gmt":"2024-03-01T22:00:35","slug":"proxeccion-do-documental-as-silenciadas-de-pablo-ces-na-casa-da-cultura-de-vilalba","status":"publish","type":"post","link":"http:\/\/culturaliagz.com\/?p=15269","title":{"rendered":"Proxecci\u00f3n do documental AS SILENCIADAS, de Pablo Ces, na Casa da Cultura de Vilalba"},"content":{"rendered":"\n<p><\/p>\n\n\n\n<p><\/p>\n\n\n<div class=\"wp-block-image\">\n<figure class=\"aligncenter size-large is-resized\"><a href=\"http:\/\/culturaliagz.com\/wp-content\/uploads\/2024\/03\/CARTAZ-AS-SILENCIADAS.jpeg\" target=\"_blank\" rel=\"noreferrer noopener\"><img loading=\"lazy\" decoding=\"async\" width=\"731\" height=\"1024\" src=\"http:\/\/culturaliagz.com\/wp-content\/uploads\/2024\/03\/CARTAZ-AS-SILENCIADAS-731x1024.jpeg\" alt=\"\" class=\"wp-image-15270\" style=\"width:731px;height:auto\"\/><\/a><\/figure>\n<\/div>\n\n\n<p><\/p>\n\n\n\n<p><\/p>\n\n\n\n<p class=\"has-text-align-justify\">O <a href=\"https:\/\/estudoschairegos.gal\/\">Instituto de Estudos <\/a><a href=\"https:\/\/estudoschairegos.gal\/\" target=\"_blank\" rel=\"noreferrer noopener\">Chairegos<\/a>, continuando cos actos\u00a0programados para o primeiro trimestre do ano, organiza\u00a0<strong>o xoves\u00a07\u00a0de\u00a0marzo\u00a0de 2024<\/strong>,\u00a0\u00e1s\u00a0<strong>20:00<\/strong>\u00a0horas, na\u00a0<strong>Casa da Cultura\u00a0de Vilalba,\u00a0<\/strong>a proxecci\u00f3n do documental\u00a0<strong><a href=\"https:\/\/estudoschairegos.gal\/proxeccion-do-documental-as-silenciadas-de-pablo-ces-introducion-e-charla-coloquio-a-cargo-de-aurora-marco-guionista-do-mesmo-xoves-7-de-marzo-de-2024-as-2000-h-na-casa-da-cultura-de-vilalb\/\" target=\"_blank\" rel=\"noreferrer noopener\">\u201cAS SILENCIADAS\u201d<\/a>,\u00a0<\/strong>realizado por\u00a0<strong>PABLO CES<\/strong>,\u00a0con gui\u00f3n do propio Pablo Ces e de<strong>\u00a0AURORA MARCO<\/strong>, que levou a cabo un importante traballo de investigaci\u00f3n sobre o tema, e que estar\u00e1 presente no acto para facer a introduci\u00f3n ao documental as\u00ed como participar na charla-coloquio posterior \u00e1 s\u00faa proxecci\u00f3n. A presentaci\u00f3n correr\u00e1 a cargo de <strong>Marisa Barreiro<\/strong>, presidenta do\u00a0<strong>Iescha<\/strong>.<\/p>\n\n\n\n<p><\/p>\n\n\n\n<p><\/p>\n\n\n\n<p><\/p>\n\n\n<a href=\"http:\/\/culturaliagz.com\/wp-content\/uploads\/2024\/03\/NOTA-INFORMATIVA-22AS-SILENCIADAS22.pdf\" class=\"pdfemb-viewer\" style=\"\" data-width=\"max\" data-height=\"max\" data-toolbar=\"bottom\" data-toolbar-fixed=\"off\">NOTA-INFORMATIVA-22AS-SILENCIADAS22<\/a>\n<p class=\"wp-block-pdfemb-pdf-embedder-viewer\"><\/p>\n","protected":false},"excerpt":{"rendered":"<p>O Instituto de Estudos Chairegos, continuando cos actos\u00a0programados para o primeiro trimestre do ano, organiza\u00a0o xoves\u00a07\u00a0de\u00a0marzo\u00a0de 2024,\u00a0\u00e1s\u00a020:00\u00a0horas, na\u00a0Casa da Cultura\u00a0de Vilalba,\u00a0a proxecci\u00f3n do documental\u00a0\u201cAS SILENCIADAS\u201d,\u00a0realizado por\u00a0PABLO CES,\u00a0con gui\u00f3n do propio [&hellip;]<\/p>\n","protected":false},"author":1,"featured_media":0,"comment_status":"open","ping_status":"open","sticky":false,"template":"","format":"standard","meta":{"_et_pb_use_builder":"","_et_pb_old_content":"","_et_gb_content_width":"","_jetpack_memberships_contains_paid_content":false,"footnotes":""},"categories":[23,7,129,6,57,1],"tags":[2082,1944,220,234,2083],"class_list":["post-15269","post","type-post","status-publish","format-standard","hentry","category-autoresas","category-creacion","category-literaria","category-novas","category-outras-artes","category-xeral","tag-as-silenciadas","tag-aurora-marco","tag-casa-da-cultura-de-vilalba","tag-iescha","tag-pablo-ces"],"jetpack_featured_media_url":"","jetpack_sharing_enabled":true,"_links":{"self":[{"href":"http:\/\/culturaliagz.com\/index.php?rest_route=\/wp\/v2\/posts\/15269","targetHints":{"allow":["GET"]}}],"collection":[{"href":"http:\/\/culturaliagz.com\/index.php?rest_route=\/wp\/v2\/posts"}],"about":[{"href":"http:\/\/culturaliagz.com\/index.php?rest_route=\/wp\/v2\/types\/post"}],"author":[{"embeddable":true,"href":"http:\/\/culturaliagz.com\/index.php?rest_route=\/wp\/v2\/users\/1"}],"replies":[{"embeddable":true,"href":"http:\/\/culturaliagz.com\/index.php?rest_route=%2Fwp%2Fv2%2Fcomments&post=15269"}],"version-history":[{"count":3,"href":"http:\/\/culturaliagz.com\/index.php?rest_route=\/wp\/v2\/posts\/15269\/revisions"}],"predecessor-version":[{"id":15274,"href":"http:\/\/culturaliagz.com\/index.php?rest_route=\/wp\/v2\/posts\/15269\/revisions\/15274"}],"wp:attachment":[{"href":"http:\/\/culturaliagz.com\/index.php?rest_route=%2Fwp%2Fv2%2Fmedia&parent=15269"}],"wp:term":[{"taxonomy":"category","embeddable":true,"href":"http:\/\/culturaliagz.com\/index.php?rest_route=%2Fwp%2Fv2%2Fcategories&post=15269"},{"taxonomy":"post_tag","embeddable":true,"href":"http:\/\/culturaliagz.com\/index.php?rest_route=%2Fwp%2Fv2%2Ftags&post=15269"}],"curies":[{"name":"wp","href":"https:\/\/api.w.org\/{rel}","templated":true}]}}