{"id":15257,"date":"2024-02-27T22:54:30","date_gmt":"2024-02-27T21:54:30","guid":{"rendered":"http:\/\/culturaliagz.com\/?p=15257"},"modified":"2024-02-27T22:56:09","modified_gmt":"2024-02-27T21:56:09","slug":"elefante-elegante-presenta-kyoky-en-xixon-dentro-da-programacion-de-feten-2024","status":"publish","type":"post","link":"http:\/\/culturaliagz.com\/?p=15257","title":{"rendered":"Elefante Elegante presenta \u2018Kyoky\u2019 en Xix\u00f3n dentro da programaci\u00f3n de FETEN 2024"},"content":{"rendered":"\n<p><\/p>\n\n\n<div class=\"wp-block-image\">\n<figure class=\"aligncenter size-large\"><a href=\"http:\/\/culturaliagz.com\/wp-content\/uploads\/2024\/02\/KYOKY-_A9A4225\u00a9-Vanessa-Rabade-scaled.jpeg\" target=\"_blank\" rel=\"noreferrer noopener\"><img loading=\"lazy\" decoding=\"async\" width=\"1024\" height=\"682\" src=\"http:\/\/culturaliagz.com\/wp-content\/uploads\/2024\/02\/KYOKY-_A9A4225\u00a9-Vanessa-Rabade-1024x682.jpeg\" alt=\"\" class=\"wp-image-15258\" srcset=\"http:\/\/culturaliagz.com\/wp-content\/uploads\/2024\/02\/KYOKY-_A9A4225\u00a9-Vanessa-Rabade-1024x682.jpeg 1024w, http:\/\/culturaliagz.com\/wp-content\/uploads\/2024\/02\/KYOKY-_A9A4225\u00a9-Vanessa-Rabade-300x200.jpeg 300w, http:\/\/culturaliagz.com\/wp-content\/uploads\/2024\/02\/KYOKY-_A9A4225\u00a9-Vanessa-Rabade-768x511.jpeg 768w, http:\/\/culturaliagz.com\/wp-content\/uploads\/2024\/02\/KYOKY-_A9A4225\u00a9-Vanessa-Rabade-1536x1023.jpeg 1536w, http:\/\/culturaliagz.com\/wp-content\/uploads\/2024\/02\/KYOKY-_A9A4225\u00a9-Vanessa-Rabade-2048x1364.jpeg 2048w, http:\/\/culturaliagz.com\/wp-content\/uploads\/2024\/02\/KYOKY-_A9A4225\u00a9-Vanessa-Rabade-1080x719.jpeg 1080w, http:\/\/culturaliagz.com\/wp-content\/uploads\/2024\/02\/KYOKY-_A9A4225\u00a9-Vanessa-Rabade-1280x853.jpeg 1280w, http:\/\/culturaliagz.com\/wp-content\/uploads\/2024\/02\/KYOKY-_A9A4225\u00a9-Vanessa-Rabade-980x653.jpeg 980w, http:\/\/culturaliagz.com\/wp-content\/uploads\/2024\/02\/KYOKY-_A9A4225\u00a9-Vanessa-Rabade-480x320.jpeg 480w\" sizes=\"auto, (max-width: 1024px) 100vw, 1024px\" \/><\/a><\/figure>\n<\/div>\n\n\n<p><\/p>\n\n\n\n<p><\/p>\n\n\n\n<p class=\"has-text-align-justify\"><strong>\u00c9 a primeira vez que a compa\u00f1\u00eda de Culleredo participa en FETEN, a veterana feira de artes esc\u00e9nicas para p\u00fablico infantil que este ano celebra a s\u00faa 33\u00aa edici\u00f3n<\/strong><\/p>\n\n\n\n<p class=\"has-text-align-justify\"><strong>\u2018Kyoki\u2019 poder\u00e1 verse en sesi\u00f3n dobre o xoves 29 de febreiro no Centro de Cultura Antiguo Instituto \u00e1s 16.30 e \u00e1s 18.30 horas<\/strong><\/p>\n\n\n\n<p><\/p>\n\n\n<div class=\"wp-block-image\">\n<figure class=\"aligncenter size-large\"><a href=\"http:\/\/culturaliagz.com\/wp-content\/uploads\/2024\/02\/KYOKY-_A9A5807\u00a9-Vanessa-Rabade.jpeg\" target=\"_blank\" rel=\"noreferrer noopener\"><img loading=\"lazy\" decoding=\"async\" width=\"1024\" height=\"682\" src=\"http:\/\/culturaliagz.com\/wp-content\/uploads\/2024\/02\/KYOKY-_A9A5807\u00a9-Vanessa-Rabade-1024x682.jpeg\" alt=\"\" class=\"wp-image-15259\" srcset=\"http:\/\/culturaliagz.com\/wp-content\/uploads\/2024\/02\/KYOKY-_A9A5807\u00a9-Vanessa-Rabade-1024x682.jpeg 1024w, http:\/\/culturaliagz.com\/wp-content\/uploads\/2024\/02\/KYOKY-_A9A5807\u00a9-Vanessa-Rabade-300x200.jpeg 300w, http:\/\/culturaliagz.com\/wp-content\/uploads\/2024\/02\/KYOKY-_A9A5807\u00a9-Vanessa-Rabade-768x512.jpeg 768w, http:\/\/culturaliagz.com\/wp-content\/uploads\/2024\/02\/KYOKY-_A9A5807\u00a9-Vanessa-Rabade-1536x1024.jpeg 1536w, http:\/\/culturaliagz.com\/wp-content\/uploads\/2024\/02\/KYOKY-_A9A5807\u00a9-Vanessa-Rabade-1080x720.jpeg 1080w, http:\/\/culturaliagz.com\/wp-content\/uploads\/2024\/02\/KYOKY-_A9A5807\u00a9-Vanessa-Rabade-1280x853.jpeg 1280w, http:\/\/culturaliagz.com\/wp-content\/uploads\/2024\/02\/KYOKY-_A9A5807\u00a9-Vanessa-Rabade-980x653.jpeg 980w, http:\/\/culturaliagz.com\/wp-content\/uploads\/2024\/02\/KYOKY-_A9A5807\u00a9-Vanessa-Rabade-480x320.jpeg 480w, http:\/\/culturaliagz.com\/wp-content\/uploads\/2024\/02\/KYOKY-_A9A5807\u00a9-Vanessa-Rabade.jpeg 2000w\" sizes=\"auto, (max-width: 1024px) 100vw, 1024px\" \/><\/a><\/figure>\n<\/div>\n\n\n<p><\/p>\n\n\n\n<p><\/p>\n\n\n\n<p class=\"has-text-align-justify\">A compa\u00f1\u00eda&nbsp;<a href=\"https:\/\/elefanteelegante.net\/gl\/\">Elefante Elegante<\/a>&nbsp;est\u00e1 a ultimar os detalles antes de presentar en Xix\u00f3n o seu espect\u00e1culo&nbsp;<strong><em>Kyoki&nbsp;<\/em><\/strong>o vindeiro <strong>xoves 29 de febreiro<\/strong>. A peza dos creadores Mar\u00eda Torres e Gon\u00e7alo Guerreiro forma parte da programaci\u00f3n de&nbsp;<a href=\"https:\/\/www.gijon.es\/es\/eventos\/feten\" target=\"_blank\" rel=\"noreferrer noopener\">FETEN 2024<\/a>&nbsp;(Feria Europea de Artes Esc\u00e9nicas para Ni\u00f1os y Ni\u00f1as), un dos encontros m\u00e1is importante do sector que est\u00e1 a desenvolver a s\u00faa 33\u00aa edici\u00f3n ata o&nbsp;1 de marzo&nbsp;na cidade asturiana. O p\u00fablico poder\u00e1 gozar de&nbsp;<em>Kyoki&nbsp;<\/em>en d\u00faas funci\u00f3ns no Centro de Cultura Antiguo Instituto, \u00e1s 16.30 e \u00e1s 18.30 horas, este xoves 29.<br><br>O equipo de Elefante Elegante despr\u00e1zase a Asturias logo de se co\u00f1ecer que optan a varios galard\u00f3ns na vindeira celebraci\u00f3n dos Premios Mar\u00eda Casares polo seu labor en&nbsp;<em>Un hotel de primeira sobre o r\u00edo<\/em>, unha produci\u00f3n do Centro Dram\u00e1tico Galego (CDG). As\u00ed, Mar\u00eda Torres e Gon\u00e7alo Guerreiro optan ao premio \u00e1 mellor direcci\u00f3n de movemento, Carolina D\u00edguele ao de vestiario e Guerreiro tam\u00e9n est\u00e1 entre aos candidatos ao premio polo espazo esc\u00e9nico.<br><br><strong>UNHA OLLADA L\u00cdRICA<\/strong><br><br>O alzh\u00e9imer desde unha perspectiva po\u00e9tica e c\u00f3mplice \u00e9 o f\u00edo condutor de&nbsp;<em>Kyoki<\/em>, unha viaxe emotiva da infancia \u00e1 vellez a trav\u00e9s da memoria; unha obra de linguaxe xestual c\u00f3mica e reflexiva sobre o esquecemento e a soidade. Protagonizada por Mar\u00eda Torres, baixo a direcci\u00f3n de Gon\u00e7alo Guerreiro,&nbsp;<em>Kyoki<\/em>-palabra que significa \u201cdemencia\u201d en xapon\u00e9s- \u00e9 unha creaci\u00f3n destinada ao p\u00fablico infantil e familiar a partir dos 5 anos. Tr\u00e1tase dun espect\u00e1culo sen palabras que re\u00fane artes do movemento, artes pl\u00e1sticas e unha rigorosa sinton\u00eda dos xestos coa m\u00fasica instrumental orixinal. Na historia est\u00e1n presentes tres personaxes -a avoa, a s\u00faa filla e unha doutora-, todas elas representadas pola actriz protagonista. O espazo esc\u00e9nico est\u00e1 constru\u00eddo para evocar ao mesmo tempo unha casa, un hospital e a r\u00faa. Dese\u00f1ada para funcionar como o lenzo dun pintor, a escenograf\u00eda \u00e9 un fondo est\u00e9tico que pouco a pouco \u00e9 habitado polo corpo da int\u00e9rprete e polos obxectos por ela manipulados, co obxectivo de manter sempre viva unha composici\u00f3n pict\u00f3rica xerada por formas, cores e movementos. O fondo azul con li\u00f1as que se cruzan de xeito irregular en \u00e1ngulos rectos est\u00e1 dotado de varias aperturas camufladas, que permiten a entrada e sa\u00edda de innumerables elementos esc\u00e9nicos, o que provoca suxestivos e reveladores efectos sorpresa.<br><br><strong>SOBRE A COMPA\u00d1\u00cdA<\/strong><br><br>Elefante Elegante nace do desexo de desenvolver unha linguaxe pl\u00e1stica, po\u00e9tica e universal que non dependa exclusivamente do texto e que permita indagar sobre tem\u00e1ticas de car\u00e1cter social e existencial. As s\u00faas creaci\u00f3ns xorden do di\u00e1logo do teatro f\u00edsico coa danza, a m\u00fasica e as artes visuais. Os espect\u00e1culos de Elefante Elegante est\u00e1n baseados na relaci\u00f3n do corpo co espazo e reflicten unha rigorosa investigaci\u00f3n de xestos, movementos e imaxes.<br><br>O xogo teatral bas\u00e9ase no traballo pl\u00e1stico dos int\u00e9rpretes e na s\u00faa constante interacci\u00f3n cos elementos escenogr\u00e1ficos. A narrativa das acci\u00f3ns f\u00edsicas var\u00eda entre a abstracci\u00f3n do movemento bailado e a construci\u00f3n da trama teatral. O corpo cont\u00e9n en si mesmo todos os segredos e revelaci\u00f3ns dunha posta en escena que se fundamenta na organicidade do dispositivo esc\u00e9nico e na din\u00e1mica pict\u00f3rica da organizaci\u00f3n do espazo sonoro e literario.<br><br>A compa\u00f1\u00eda foi fundada por Mar\u00eda Torres e Gon\u00e7alo Guerreiro no 2000 e residiu os primeiros anos en B\u00e9lxica, ata instalarse en Galicia no 2007. O grupo comezou como un proxecto experimental do que fac\u00edan parte actrices e actores de diferentes pa\u00edses europeos. En escena, cada int\u00e9rprete falaba a s\u00faa propia lingua. Ese foi o motor para iniciar a s\u00faa pr\u00e1ctica arredor do xogo corporal. Actualmente, Elefante Elegante ten a s\u00faa sede no concello de Culleredo (A Coru\u00f1a), onde \u00e9 compa\u00f1\u00eda residente. Os seus espect\u00e1culos foron reco\u00f1ecidos con varios premios Mar\u00eda Casares desde o ano 2013.<\/p>\n\n\n\n<p><\/p>\n\n\n<a href=\"http:\/\/culturaliagz.com\/wp-content\/uploads\/2024\/02\/20240227-NP-KYOKI-Funcions-FETEN-2024.pdf\" class=\"pdfemb-viewer\" style=\"\" data-width=\"max\" data-height=\"max\" data-toolbar=\"bottom\" data-toolbar-fixed=\"off\">20240227-NP-KYOKI-Funcions-FETEN-2024<\/a>\n<p class=\"wp-block-pdfemb-pdf-embedder-viewer\"><\/p>\n\n\n\n<p><\/p>\n\n\n\n<p><\/p>\n\n\n\n<p><em>DOSSIER PRENSA<\/em><\/p>\n\n\n<a href=\"http:\/\/culturaliagz.com\/wp-content\/uploads\/2024\/02\/Kyoki_dossier-prensa.pdf\" class=\"pdfemb-viewer\" style=\"\" data-width=\"max\" data-height=\"max\" data-toolbar=\"bottom\" data-toolbar-fixed=\"off\">Kyoki_dossier-prensa<\/a>\n<p class=\"wp-block-pdfemb-pdf-embedder-viewer\"><\/p>\n","protected":false},"excerpt":{"rendered":"<p>\u00c9 a primeira vez que a compa\u00f1\u00eda de Culleredo participa en FETEN, a veterana feira de artes esc\u00e9nicas para p\u00fablico infantil que este ano celebra a s\u00faa 33\u00aa edici\u00f3n \u2018Kyoki\u2019 [&hellip;]<\/p>\n","protected":false},"author":1,"featured_media":0,"comment_status":"open","ping_status":"open","sticky":false,"template":"","format":"standard","meta":{"_et_pb_use_builder":"","_et_pb_old_content":"","_et_gb_content_width":"","_jetpack_memberships_contains_paid_content":false,"footnotes":""},"categories":[23,7,6,57,1],"tags":[1106,2079,2080],"class_list":["post-15257","post","type-post","status-publish","format-standard","hentry","category-autoresas","category-creacion","category-novas","category-outras-artes","category-xeral","tag-elefante-elegante","tag-feten-24","tag-kyoky"],"jetpack_featured_media_url":"","jetpack_sharing_enabled":true,"_links":{"self":[{"href":"http:\/\/culturaliagz.com\/index.php?rest_route=\/wp\/v2\/posts\/15257","targetHints":{"allow":["GET"]}}],"collection":[{"href":"http:\/\/culturaliagz.com\/index.php?rest_route=\/wp\/v2\/posts"}],"about":[{"href":"http:\/\/culturaliagz.com\/index.php?rest_route=\/wp\/v2\/types\/post"}],"author":[{"embeddable":true,"href":"http:\/\/culturaliagz.com\/index.php?rest_route=\/wp\/v2\/users\/1"}],"replies":[{"embeddable":true,"href":"http:\/\/culturaliagz.com\/index.php?rest_route=%2Fwp%2Fv2%2Fcomments&post=15257"}],"version-history":[{"count":2,"href":"http:\/\/culturaliagz.com\/index.php?rest_route=\/wp\/v2\/posts\/15257\/revisions"}],"predecessor-version":[{"id":15263,"href":"http:\/\/culturaliagz.com\/index.php?rest_route=\/wp\/v2\/posts\/15257\/revisions\/15263"}],"wp:attachment":[{"href":"http:\/\/culturaliagz.com\/index.php?rest_route=%2Fwp%2Fv2%2Fmedia&parent=15257"}],"wp:term":[{"taxonomy":"category","embeddable":true,"href":"http:\/\/culturaliagz.com\/index.php?rest_route=%2Fwp%2Fv2%2Fcategories&post=15257"},{"taxonomy":"post_tag","embeddable":true,"href":"http:\/\/culturaliagz.com\/index.php?rest_route=%2Fwp%2Fv2%2Ftags&post=15257"}],"curies":[{"name":"wp","href":"https:\/\/api.w.org\/{rel}","templated":true}]}}