{"id":15185,"date":"2024-02-21T20:07:23","date_gmt":"2024-02-21T19:07:23","guid":{"rendered":"http:\/\/culturaliagz.com\/?p=15185"},"modified":"2024-02-21T20:07:27","modified_gmt":"2024-02-21T19:07:27","slug":"iescha-actos-polos-dia-de-rosalia","status":"publish","type":"post","link":"http:\/\/culturaliagz.com\/?p=15185","title":{"rendered":"IESCHA.- Actos polos D\u00eda de Rosal\u00eda"},"content":{"rendered":"\n<p><\/p>\n\n\n\n<p><\/p>\n\n\n<div class=\"wp-block-image\">\n<figure class=\"aligncenter size-large is-resized\"><a href=\"http:\/\/culturaliagz.com\/wp-content\/uploads\/2024\/02\/cartaz-dia-de-rosalia.jpeg\" target=\"_blank\" rel=\"noreferrer noopener\"><img loading=\"lazy\" decoding=\"async\" width=\"1024\" height=\"724\" src=\"http:\/\/culturaliagz.com\/wp-content\/uploads\/2024\/02\/cartaz-dia-de-rosalia-1024x724.jpeg\" alt=\"\" class=\"wp-image-15186\" style=\"width:783px;height:auto\" srcset=\"http:\/\/culturaliagz.com\/wp-content\/uploads\/2024\/02\/cartaz-dia-de-rosalia-980x693.jpeg 980w, http:\/\/culturaliagz.com\/wp-content\/uploads\/2024\/02\/cartaz-dia-de-rosalia-480x339.jpeg 480w\" sizes=\"auto, (min-width: 0px) and (max-width: 480px) 480px, (min-width: 481px) and (max-width: 980px) 980px, (min-width: 981px) 1024px, 100vw\" \/><\/a><\/figure>\n<\/div>\n\n\n<p><\/p>\n\n\n\n<p><\/p>\n\n\n\n<p class=\"has-text-align-justify\">O <a href=\"https:\/\/estudoschairegos.gal\/\">Instituto de Estudos Chairegos<\/a>, continuando cos actos que durante os meses de febreiro e marzo ten programados en homenaxe a\u00a0Rosal\u00eda de Castro\u00a0baixo o t\u00edtulo de\u00a0QUERO VER O MAR-HOMENAXE A ROSAL\u00cdA, organiza\u00a0o venres 23 de febreiro de 2024,\u00a0\u00e1s\u00a020:00\u00a0horas, no\u00a0Vest\u00edbulo do Auditorio Municipal de Vilalba,\u00a0a PROXECCI\u00d3N DO DOCUMENTAL\u00a0<a href=\"https:\/\/estudoschairegos.gal\/quero-ver-o-mar-homenaxe-a-rosalia-proxeccion-do-documental-a-rosa-incandescente-realizado-por-david-vazquez-coa-presenza-de-anxos-garcia-e-a-actuacion-de-corredores-de-sombra-e-lambe-lambe\/\">\u201cA ROSA INCANDESCENTE\u201d<\/a>,\u00a0realizado por\u00a0DAVID V\u00c1ZQUEZ. No acto estar\u00e1 presente a guionista\u00a0ANXOS GARC\u00cdA, para conversar co p\u00fablico asistente. Contaremos tam\u00e9n coa actuaci\u00f3n dos grupos vilalbeses:\u00a0CORREDORES DE SOMBRA\u00a0e\u00a0LAMBE LAMBE. Previamente,\u00a0\u00e1s 19:30 h., levar\u00edase a cabo a\u00a0ofrenda floral no Parque Rosal\u00eda de Castro.<\/p>\n\n\n\n<p><\/p>\n\n\n<a href=\"http:\/\/culturaliagz.com\/wp-content\/uploads\/2024\/02\/NOTA-INFORMATIVA-22A-ROSA-INCANDESCENTE22.pdf\" class=\"pdfemb-viewer\" style=\"\" data-width=\"max\" data-height=\"max\" data-toolbar=\"bottom\" data-toolbar-fixed=\"off\">NOTA-INFORMATIVA-22A-ROSA-INCANDESCENTE22<\/a>\n<p class=\"wp-block-pdfemb-pdf-embedder-viewer\"><\/p>\n","protected":false},"excerpt":{"rendered":"<p>O Instituto de Estudos Chairegos, continuando cos actos que durante os meses de febreiro e marzo ten programados en homenaxe a\u00a0Rosal\u00eda de Castro\u00a0baixo o t\u00edtulo de\u00a0QUERO VER O MAR-HOMENAXE A [&hellip;]<\/p>\n","protected":false},"author":1,"featured_media":0,"comment_status":"open","ping_status":"open","sticky":false,"template":"","format":"standard","meta":{"_et_pb_use_builder":"","_et_pb_old_content":"","_et_gb_content_width":"","_jetpack_memberships_contains_paid_content":false,"footnotes":""},"categories":[23,7,129,6,57,1],"tags":[2067,449,234,2072,2042],"class_list":["post-15185","post","type-post","status-publish","format-standard","hentry","category-autoresas","category-creacion","category-literaria","category-novas","category-outras-artes","category-xeral","tag-a-rosa-incandescente","tag-corredores-de-sombra","tag-iescha","tag-lambe-lambe","tag-quero-ver-o-mar-homenaxe-a-rosalia"],"jetpack_featured_media_url":"","jetpack_sharing_enabled":true,"_links":{"self":[{"href":"http:\/\/culturaliagz.com\/index.php?rest_route=\/wp\/v2\/posts\/15185","targetHints":{"allow":["GET"]}}],"collection":[{"href":"http:\/\/culturaliagz.com\/index.php?rest_route=\/wp\/v2\/posts"}],"about":[{"href":"http:\/\/culturaliagz.com\/index.php?rest_route=\/wp\/v2\/types\/post"}],"author":[{"embeddable":true,"href":"http:\/\/culturaliagz.com\/index.php?rest_route=\/wp\/v2\/users\/1"}],"replies":[{"embeddable":true,"href":"http:\/\/culturaliagz.com\/index.php?rest_route=%2Fwp%2Fv2%2Fcomments&post=15185"}],"version-history":[{"count":3,"href":"http:\/\/culturaliagz.com\/index.php?rest_route=\/wp\/v2\/posts\/15185\/revisions"}],"predecessor-version":[{"id":15190,"href":"http:\/\/culturaliagz.com\/index.php?rest_route=\/wp\/v2\/posts\/15185\/revisions\/15190"}],"wp:attachment":[{"href":"http:\/\/culturaliagz.com\/index.php?rest_route=%2Fwp%2Fv2%2Fmedia&parent=15185"}],"wp:term":[{"taxonomy":"category","embeddable":true,"href":"http:\/\/culturaliagz.com\/index.php?rest_route=%2Fwp%2Fv2%2Fcategories&post=15185"},{"taxonomy":"post_tag","embeddable":true,"href":"http:\/\/culturaliagz.com\/index.php?rest_route=%2Fwp%2Fv2%2Ftags&post=15185"}],"curies":[{"name":"wp","href":"https:\/\/api.w.org\/{rel}","templated":true}]}}