{"id":15176,"date":"2024-02-21T19:53:22","date_gmt":"2024-02-21T18:53:22","guid":{"rendered":"http:\/\/culturaliagz.com\/?p=15176"},"modified":"2024-02-21T19:53:26","modified_gmt":"2024-02-21T18:53:26","slug":"proxeccion-da-curtametraxe-a-rosa-incandescente-na-casa-museo-manuel-maria","status":"publish","type":"post","link":"http:\/\/culturaliagz.com\/?p=15176","title":{"rendered":"Proxecci\u00f3n da curtametraxe A ROSA INCANDESCENTE na Casa-Museo Manuel Mar\u00eda"},"content":{"rendered":"\n<p><\/p>\n\n\n<div class=\"wp-block-image\">\n<figure class=\"aligncenter size-large is-resized\"><a href=\"http:\/\/culturaliagz.com\/wp-content\/uploads\/2024\/02\/IMG_1968-scaled.jpeg\" target=\"_blank\" rel=\"noreferrer noopener\"><img loading=\"lazy\" decoding=\"async\" width=\"1000\" height=\"1024\" src=\"http:\/\/culturaliagz.com\/wp-content\/uploads\/2024\/02\/IMG_1968-1000x1024.jpeg\" alt=\"\" class=\"wp-image-15177\" style=\"width:783px;height:auto\" srcset=\"http:\/\/culturaliagz.com\/wp-content\/uploads\/2024\/02\/IMG_1968-980x1004.jpeg 980w, http:\/\/culturaliagz.com\/wp-content\/uploads\/2024\/02\/IMG_1968-480x492.jpeg 480w\" sizes=\"auto, (min-width: 0px) and (max-width: 480px) 480px, (min-width: 481px) and (max-width: 980px) 980px, (min-width: 981px) 1000px, 100vw\" \/><\/a><\/figure>\n<\/div>\n\n\n<p><\/p>\n\n\n\n<p><\/p>\n\n\n\n<p class=\"has-text-align-justify\">Este venres, d\u00eda 23 de febreiro, \u00e9 o d\u00eda en que se conmemora o nacemento de ROSAL\u00cdA DE CASTRO e a <a href=\"https:\/\/www.casamuseomanuelmaria.gal\/portada.htm;jsessionid=615C76BBC0707B78526747795426D2F8\">Casa-Museo Manuel Mar\u00eda<\/a> quere festexar esta efem\u00e9ride\u00a0<strong>o s\u00e1bado, d\u00eda 24<\/strong>, cunha actividade que renda homenaxe a Rosal\u00eda e a s\u00faa obra.Comezaremos,\u00a0<strong>\u00e1s 19 horas<\/strong>.\u00a0<strong>A entrada \u00e9 libre<\/strong>\u00a0e consistir\u00e1 no seguinte:<\/p>\n\n\n\n<p class=\"has-text-align-justify\">-Lectura p\u00fablica da propia obra de Rosal\u00eda (aquelas persoas que se queiran animar a ler un pequeno texto da obra de Rosal\u00eda deben de comunicalo ao correo da Casa-Museo,\u00a0<a href=\"mailto:contacto@casamuseomanuelmaria.gal\" target=\"_blank\" rel=\"noreferrer noopener\">contacto@casamuseomanuelmaria.gal<\/a>, ou a trav\u00e9s do whatsapp, 698117621, dicindo, ao mesmo tempo, o t\u00edtulo do poema ou anaco de poema que queren ler. O momento para esta lectura p\u00fablica durar\u00e1 non m\u00e1is de 20 minutos).<\/p>\n\n\n\n<p class=\"has-text-align-justify\">-Proxecci\u00f3n de <a href=\"https:\/\/www.casamuseomanuelmaria.gal\/actividades\/a-rosa-incandescente-protagoniza-a-homenaxe-que-a-casa-museo-manuel-maria-lle-rende-a-rosalia-de-castro.htm?tipo=ACTIVIDADE\">A ROSA INCANDESCENTE<\/a>. Curtametraxe de 27 minutos, dirixida por David V\u00e1zquez, con gui\u00f3n de Anxos Garc\u00eda Fonte e protagonizada por Alba L\u00f3pez. Este filme vainos achegar unha Rosal\u00eda de Castro cercana e directa que nos conta ela mesma alg\u00fans dos aspectos fundamentais da s\u00faa obra. Rosal\u00eda \u00e9 a mesma rosa incandescente de intelixencia, sensibilidade e paix\u00f3n polo que fai.\u00a0<\/p>\n\n\n\n<p class=\"has-text-align-justify\">-Coloquio final coa guionista do filme, Anxos Garc\u00eda Fonte.Para asistir \u00e1 actividade \u00e9 necesario reservar en\u00a0<a href=\"mailto:contacto@casamuseomanuelmaria.gal\" target=\"_blank\" rel=\"noreferrer noopener\">contacto@casamuseomanuelmaria.gal<\/a>\u00a0ou no whatsapp 698177621<\/p>\n","protected":false},"excerpt":{"rendered":"<p>Este venres, d\u00eda 23 de febreiro, \u00e9 o d\u00eda en que se conmemora o nacemento de ROSAL\u00cdA DE CASTRO e a Casa-Museo Manuel Mar\u00eda quere festexar esta efem\u00e9ride\u00a0o s\u00e1bado, d\u00eda [&hellip;]<\/p>\n","protected":false},"author":1,"featured_media":0,"comment_status":"open","ping_status":"open","sticky":false,"template":"","format":"standard","meta":{"_et_pb_use_builder":"","_et_pb_old_content":"","_et_gb_content_width":"","_jetpack_memberships_contains_paid_content":false,"footnotes":""},"categories":[23,7,129,6,57,1],"tags":[2067,2069,2068,190,1698,627],"class_list":["post-15176","post","type-post","status-publish","format-standard","hentry","category-autoresas","category-creacion","category-literaria","category-novas","category-outras-artes","category-xeral","tag-a-rosa-incandescente","tag-alba-lopez","tag-anxos-garcia-fonte","tag-casa-museo-manuel-maria","tag-david-vazquez","tag-dia-de-rosalia"],"jetpack_featured_media_url":"","jetpack_sharing_enabled":true,"_links":{"self":[{"href":"http:\/\/culturaliagz.com\/index.php?rest_route=\/wp\/v2\/posts\/15176","targetHints":{"allow":["GET"]}}],"collection":[{"href":"http:\/\/culturaliagz.com\/index.php?rest_route=\/wp\/v2\/posts"}],"about":[{"href":"http:\/\/culturaliagz.com\/index.php?rest_route=\/wp\/v2\/types\/post"}],"author":[{"embeddable":true,"href":"http:\/\/culturaliagz.com\/index.php?rest_route=\/wp\/v2\/users\/1"}],"replies":[{"embeddable":true,"href":"http:\/\/culturaliagz.com\/index.php?rest_route=%2Fwp%2Fv2%2Fcomments&post=15176"}],"version-history":[{"count":3,"href":"http:\/\/culturaliagz.com\/index.php?rest_route=\/wp\/v2\/posts\/15176\/revisions"}],"predecessor-version":[{"id":15180,"href":"http:\/\/culturaliagz.com\/index.php?rest_route=\/wp\/v2\/posts\/15176\/revisions\/15180"}],"wp:attachment":[{"href":"http:\/\/culturaliagz.com\/index.php?rest_route=%2Fwp%2Fv2%2Fmedia&parent=15176"}],"wp:term":[{"taxonomy":"category","embeddable":true,"href":"http:\/\/culturaliagz.com\/index.php?rest_route=%2Fwp%2Fv2%2Fcategories&post=15176"},{"taxonomy":"post_tag","embeddable":true,"href":"http:\/\/culturaliagz.com\/index.php?rest_route=%2Fwp%2Fv2%2Ftags&post=15176"}],"curies":[{"name":"wp","href":"https:\/\/api.w.org\/{rel}","templated":true}]}}