{"id":15170,"date":"2024-02-20T23:18:50","date_gmt":"2024-02-20T22:18:50","guid":{"rendered":"http:\/\/culturaliagz.com\/?p=15170"},"modified":"2024-02-20T23:18:53","modified_gmt":"2024-02-20T22:18:53","slug":"exposicion-aves-de-galicia-de-diego-montenegro-no-auditorio-municipal-de-vilalba","status":"publish","type":"post","link":"http:\/\/culturaliagz.com\/?p=15170","title":{"rendered":"Exposici\u00f3n AVES DE GALICIA, de Diego Montenegro, no Auditorio Municipal de Vilalba"},"content":{"rendered":"\n<p><\/p>\n\n\n\n<p><\/p>\n\n\n<div class=\"wp-block-image\">\n<figure class=\"aligncenter size-large\"><a href=\"http:\/\/culturaliagz.com\/wp-content\/uploads\/2024\/02\/CARTAZ-As-Aves-de-Galicia.jpeg\" target=\"_blank\" rel=\"noreferrer noopener\"><img loading=\"lazy\" decoding=\"async\" width=\"1024\" height=\"1024\" src=\"http:\/\/culturaliagz.com\/wp-content\/uploads\/2024\/02\/CARTAZ-As-Aves-de-Galicia-1024x1024.jpeg\" alt=\"\" class=\"wp-image-15171\" srcset=\"http:\/\/culturaliagz.com\/wp-content\/uploads\/2024\/02\/CARTAZ-As-Aves-de-Galicia-1024x1024.jpeg 1024w, http:\/\/culturaliagz.com\/wp-content\/uploads\/2024\/02\/CARTAZ-As-Aves-de-Galicia-980x980.jpeg 980w, http:\/\/culturaliagz.com\/wp-content\/uploads\/2024\/02\/CARTAZ-As-Aves-de-Galicia-480x480.jpeg 480w\" sizes=\"auto, (min-width: 0px) and (max-width: 480px) 480px, (min-width: 481px) and (max-width: 980px) 980px, (min-width: 981px) 1024px, 100vw\" \/><\/a><\/figure>\n<\/div>\n\n\n<p><\/p>\n\n\n\n<p><\/p>\n\n\n\n<p class=\"has-text-align-justify\">O <a href=\"https:\/\/estudoschairegos.gal\/\">Instituto de Estudos Chairegos<\/a>, continuando cos actos que durante os meses de febreiro e marzo ten programados en homenaxe a Rosal\u00eda de Castro baixo o t\u00edtulo de QUERO VER O MAR-HOMENAXE A ROSAL\u00cdA, organiza a <a href=\"https:\/\/estudoschairegos.gal\/quero-ver-o-mar-homenaxe-a-rosalia-exposicion-as-aves-de-galicia-por-diego-montenegro-rivas-dende-o-19-02-ao-12-03-2024-no-auditorio-municipal-de-vilalba\/\">Exposici\u00f3n AS AVES DE GALICIA, de Diego Montenegro Rivas<\/a>.<\/p>\n\n\n\n<p class=\"has-text-align-justify\">Estar\u00e1 aberta ao p\u00fablico na Sala de Exposici\u00f3ns do AUDITORIO MUNICIPAL DE VILABA\u00a0<strong>dende o 19 de febreiro ata o\u00a012 de marzo de 2024.<\/strong><\/p>\n\n\n\n<p><\/p>\n\n\n<a href=\"http:\/\/culturaliagz.com\/wp-content\/uploads\/2024\/02\/NOTA-INFORMATIVA-22AVES-DE-GALICIA22.pdf\" class=\"pdfemb-viewer\" style=\"\" data-width=\"max\" data-height=\"max\" data-toolbar=\"bottom\" data-toolbar-fixed=\"off\">NOTA-INFORMATIVA-22AVES-DE-GALICIA22<\/a>\n<p class=\"wp-block-pdfemb-pdf-embedder-viewer\"><\/p>\n","protected":false},"excerpt":{"rendered":"<p>O Instituto de Estudos Chairegos, continuando cos actos que durante os meses de febreiro e marzo ten programados en homenaxe a Rosal\u00eda de Castro baixo o t\u00edtulo de QUERO VER [&hellip;]<\/p>\n","protected":false},"author":1,"featured_media":0,"comment_status":"open","ping_status":"open","sticky":false,"template":"","format":"standard","meta":{"_et_pb_use_builder":"","_et_pb_old_content":"","_et_gb_content_width":"","_jetpack_memberships_contains_paid_content":false,"footnotes":""},"categories":[23,7,129,6,57,1],"tags":[313,2066,2065,234,2042],"class_list":["post-15170","post","type-post","status-publish","format-standard","hentry","category-autoresas","category-creacion","category-literaria","category-novas","category-outras-artes","category-xeral","tag-auditorio-municipal-de-vilalba","tag-diego-montenegro-rivas","tag-exposicion-as-aves-de-galicia","tag-iescha","tag-quero-ver-o-mar-homenaxe-a-rosalia"],"jetpack_featured_media_url":"","jetpack_sharing_enabled":true,"_links":{"self":[{"href":"http:\/\/culturaliagz.com\/index.php?rest_route=\/wp\/v2\/posts\/15170","targetHints":{"allow":["GET"]}}],"collection":[{"href":"http:\/\/culturaliagz.com\/index.php?rest_route=\/wp\/v2\/posts"}],"about":[{"href":"http:\/\/culturaliagz.com\/index.php?rest_route=\/wp\/v2\/types\/post"}],"author":[{"embeddable":true,"href":"http:\/\/culturaliagz.com\/index.php?rest_route=\/wp\/v2\/users\/1"}],"replies":[{"embeddable":true,"href":"http:\/\/culturaliagz.com\/index.php?rest_route=%2Fwp%2Fv2%2Fcomments&post=15170"}],"version-history":[{"count":3,"href":"http:\/\/culturaliagz.com\/index.php?rest_route=\/wp\/v2\/posts\/15170\/revisions"}],"predecessor-version":[{"id":15175,"href":"http:\/\/culturaliagz.com\/index.php?rest_route=\/wp\/v2\/posts\/15170\/revisions\/15175"}],"wp:attachment":[{"href":"http:\/\/culturaliagz.com\/index.php?rest_route=%2Fwp%2Fv2%2Fmedia&parent=15170"}],"wp:term":[{"taxonomy":"category","embeddable":true,"href":"http:\/\/culturaliagz.com\/index.php?rest_route=%2Fwp%2Fv2%2Fcategories&post=15170"},{"taxonomy":"post_tag","embeddable":true,"href":"http:\/\/culturaliagz.com\/index.php?rest_route=%2Fwp%2Fv2%2Ftags&post=15170"}],"curies":[{"name":"wp","href":"https:\/\/api.w.org\/{rel}","templated":true}]}}