{"id":15158,"date":"2024-02-20T22:53:22","date_gmt":"2024-02-20T21:53:22","guid":{"rendered":"http:\/\/culturaliagz.com\/?p=15158"},"modified":"2024-02-20T22:54:43","modified_gmt":"2024-02-20T21:54:43","slug":"sabela-confirma-novas-datas-en-leon-salamanca-e-bueu-do-seu-ceniza-tour-2024","status":"publish","type":"post","link":"http:\/\/culturaliagz.com\/?p=15158","title":{"rendered":"Sabela confirma novas datas en Le\u00f3n, Salamanca e Bueu do seu Ceniza tour 2024"},"content":{"rendered":"\n<p><\/p>\n\n\n\n<p><\/p>\n\n\n<div class=\"wp-block-image\">\n<figure class=\"aligncenter size-full\"><a href=\"http:\/\/culturaliagz.com\/wp-content\/uploads\/2024\/02\/IMG_1963.jpeg\" target=\"_blank\" rel=\"noreferrer noopener\"><img loading=\"lazy\" decoding=\"async\" width=\"610\" height=\"610\" src=\"http:\/\/culturaliagz.com\/wp-content\/uploads\/2024\/02\/IMG_1963.jpeg\" alt=\"\" class=\"wp-image-15159\" srcset=\"http:\/\/culturaliagz.com\/wp-content\/uploads\/2024\/02\/IMG_1963.jpeg 610w, http:\/\/culturaliagz.com\/wp-content\/uploads\/2024\/02\/IMG_1963-480x480.jpeg 480w\" sizes=\"auto, (min-width: 0px) and (max-width: 480px) 480px, (min-width: 481px) 610px, 100vw\" \/><\/a><\/figure>\n<\/div>\n\n\n<p><\/p>\n\n\n\n<p><\/p>\n\n\n\n<div class=\"wp-block-group\"><div class=\"wp-block-group__inner-container is-layout-constrained wp-block-group-is-layout-constrained\">\n<div class=\"wp-block-group\"><div class=\"wp-block-group__inner-container is-layout-constrained wp-block-group-is-layout-constrained\">\n<p class=\"has-text-align-justify\">Sabela segue confirmando datas do seu&nbsp;<em>Ceniza tour<\/em>&nbsp;, unha xira que pasar\u00e1 por algunhas das grandes cidades de Espa\u00f1a nas xa 14 datas confirmadas, 6 das cales se realizar\u00e1n coa axuda de Girando Por Salas. \u00c1s 11 datas que estaban confirmadas, Sabela suma as salas de El Gran Caf\u00e9 (Le\u00f3n) o&nbsp;31 de maio&nbsp;e La Chica de Ayer (Salamanca) o 1 de xu\u00f1o, as\u00ed como o festival SonR\u00edas Baixas (Bueu), que transcorrer\u00e1 entre o 1 e o&nbsp;3 de agosto. As entradas est\u00e1n dispo\u00f1ibles xa na <a href=\"https:\/\/none.acblnk.com\/url\/ver\/549450289\/2542446\/8b8379000f78934a2e2972c7053ebe44\" target=\"_blank\" rel=\"noreferrer noopener\">p\u00e1xina web de Sabela<\/a>.<\/p>\n\n\n\n<p class=\"has-text-align-justify\">A cantante natural de Ourol l\u00e1nzase de novo \u00e1 estrada para continuar coa xira de presentaci\u00f3n do seu \u00faltimo disco <em><strong>Ceniza<\/strong><\/em>&nbsp;, que comezou na Sala Capitol de Santiago de Compostela e que xa conquistou cidades como Madrid ou grandes festivais como o Festival Noroeste da Coru\u00f1a, e onde interpretar\u00e1 os temas dos seus dous \u00e1lbums publicados, as\u00ed como novas canci\u00f3ns que ver\u00e1n a luz proximamente.<\/p>\n\n\n\n<p class=\"has-text-align-justify\">A artista galega encara as\u00ed un ano no que, ademais da s\u00faa xira por salas e festivais, tam\u00e9n publicar\u00e1 nova m\u00fasica. Todo isto se xunta ao recente anuncio da s\u00faa fichaxe por Warner Chappell Music, unha das m\u00e1is grandes da industria musical mundial, que reforza e destaca as\u00ed a s\u00faa faceta de compositora e produtora.<\/p>\n<\/div><\/div>\n\n\n\n<p><\/p>\n\n\n\n<p><\/p>\n<\/div><\/div>\n\n\n\n<p><\/p>\n\n\n\n<p><\/p>\n\n\n\n<p><strong>DATAS CONFIRMADAS DO\u00a0<em>CENIZA TOUR\u00a0<\/em>:<\/strong><\/p>\n\n\n\n<p><strong>12\/4\u30fbSala La Vaca \u30fb Ponferrada, Le\u00f3n (GPS)<\/strong><\/p>\n\n\n\n<p><strong>13\/4&nbsp;\u00b7 Caf\u00e9 Berl\u00edn \u00b7 Madrid (GPS)<\/strong><\/p>\n\n\n\n<p><strong>25\/04\u30fbPorta Caeli\u30fbValladolid<\/strong><\/p>\n\n\n\n<p><strong>26\/4&nbsp;\u00b7 Sala Informal \u00b7 Tafalla, Navarra (GPS)<\/strong><\/p>\n\n\n\n<p><strong>27\/4&nbsp;\u00b7 Sala Heliog\u00e1bal \u00b7 Barcelona (GPS)<\/strong><\/p>\n\n\n\n<p><strong>28\/4&nbsp;\u00b7 La Casa De La Mar \u00b7 Valencia<\/strong><\/p>\n\n\n\n<p><strong>3\/5 \u00b7 Universonoro \u00b7 Palencia, Castilla y Le\u00f3n<\/strong><\/p>\n\n\n\n<p><strong>4\/5 \u00b7 Sala Gong \u00b7 Oviedo, Asturias<\/strong><\/p>\n\n\n\n<p><strong>5\/5 \u00b7 Sala Fundici\u00f3n \u00b7 Logro\u00f1o, La Rioja<\/strong><\/p>\n\n\n\n<p><strong>9\/5 \u00b7 Sala X \u00b7 Sevilla (GPS)<\/strong><\/p>\n\n\n\n<p><strong>10\/5&nbsp;\u00b7 Sala Kharma \u00b7 Ja\u00e9n (GPS)<\/strong><\/p>\n\n\n\n<p><strong>31\/5&nbsp;\u00b7 El Gran Caf\u00e9 \u00b7 Le\u00f3n<\/strong><\/p>\n\n\n\n<p><strong>01\/6&nbsp;\u00b7 La Chica de Ayer \u00b7 Salamanca<\/strong><\/p>\n\n\n\n<p>\u200a<\/p>\n\n\n\n<p>\u200a<\/p>\n\n\n\n<p><\/p>\n\n\n<div class=\"wp-block-image\">\n<figure class=\"aligncenter size-large\"><a href=\"http:\/\/culturaliagz.com\/wp-content\/uploads\/2024\/02\/IMG_1964.jpeg\" target=\"_blank\" rel=\"noreferrer noopener\"><img loading=\"lazy\" decoding=\"async\" width=\"1024\" height=\"682\" src=\"http:\/\/culturaliagz.com\/wp-content\/uploads\/2024\/02\/IMG_1964-1024x682.jpeg\" alt=\"\" class=\"wp-image-15160\" srcset=\"http:\/\/culturaliagz.com\/wp-content\/uploads\/2024\/02\/IMG_1964-980x653.jpeg 980w, http:\/\/culturaliagz.com\/wp-content\/uploads\/2024\/02\/IMG_1964-480x320.jpeg 480w\" sizes=\"auto, (min-width: 0px) and (max-width: 480px) 480px, (min-width: 481px) and (max-width: 980px) 980px, (min-width: 981px) 1024px, 100vw\" \/><\/a><\/figure>\n<\/div>\n\n\n<p><\/p>\n\n\n\n<p class=\"has-text-align-justify\">Sabela Ramil \u00e9 unha das caras visibles desta nova onda de&nbsp;<strong>pop electr\u00f3nico<\/strong>&nbsp;que triunfa no panorama musical actual. Coas s\u00faas tinguiduras animadas e bailables, Sabela&nbsp;<strong>eleva a s\u00faa m\u00fasica a un aspecto m\u00e1is euf\u00f3rico<\/strong>, convert\u00e9ndose no <strong>gran alicerce deste x\u00e9nero<\/strong>&nbsp;en Galicia. As s\u00faas canci\u00f3ns acumulan xa&nbsp;<strong>centos de miles de reproduci\u00f3ns<\/strong>, conquistando en directo grandes prazas como a&nbsp;<strong>sala Capitol<\/strong>&nbsp;de Santiago de Compostela ou a&nbsp;<strong>sala El S\u00f3tano<\/strong>&nbsp;de Madrid, e festivais da talla do&nbsp;<strong>Festival Noroeste<\/strong>, o&nbsp;<strong>SonR\u00edas Baixas<\/strong>&nbsp;ou o propio&nbsp;<strong>O Son do Cami\u00f1o<\/strong>, as\u00ed como alz\u00e1ndose con premios como o&nbsp;<strong>Premio aRi[t]mar 2020 \u00e1 Mellor Canci\u00f3n<\/strong>&nbsp;en Galiza por <a href=\"https:\/\/none.acblnk.com\/url\/ver\/549450290\/2542446\/8b8379000f78934a2e2972c7053ebe44\" target=\"_blank\" rel=\"noreferrer noopener\"><strong><em>Despedida<\/em><\/strong><\/a>.<\/p>\n\n\n\n<p class=\"has-text-align-justify\">A artista de Ourol soubo madurar o seu proxecto para dotalo dunha&nbsp;<strong>sensibilidade<\/strong>&nbsp;maior, as\u00ed como dun&nbsp;<strong>estilo xa propio e identificable<\/strong>. Temas como&nbsp;<a href=\"https:\/\/none.acblnk.com\/url\/ver\/549450291\/2542446\/8b8379000f78934a2e2972c7053ebe44\"><em>Cenizas<\/em><\/a>,&nbsp;<a href=\"https:\/\/none.acblnk.com\/url\/ver\/549450292\/2542446\/8b8379000f78934a2e2972c7053ebe44\" target=\"_blank\" rel=\"noreferrer noopener\"><em>Ya No Me Quiero Ir<\/em><\/a>&nbsp;ou&nbsp;<em><a href=\"https:\/\/none.acblnk.com\/url\/ver\/549450293\/2542446\/8b8379000f78934a2e2972c7053ebe44\">Cidade <\/a><a href=\"https:\/\/none.acblnk.com\/url\/ver\/549450293\/2542446\/8b8379000f78934a2e2972c7053ebe44\" target=\"_blank\" rel=\"noreferrer noopener\">Desexo<\/a><\/em> confirman a solidez dun proxecto que ven de obter grandes n\u00fameros de escoitas nas s\u00faas canci\u00f3ns, de encandear ao p\u00fablico nos seus directos e de colaborar con grandes artistas como&nbsp;<strong>Andr\u00e9s Su\u00e1rez, Baiuca, Xoel L\u00f3pez, Tanxugueiras, Luisa Sobral ou Diogo Pi\u00e7arra&nbsp;<\/strong>.<\/p>\n\n\n\n<p class=\"has-text-align-justify\">Este 2024 prevese atarefado para Sabela. Tras o recente anuncio da s\u00faa xira por toda Espa\u00f1a, se lle suma o feito de que se atopa no estudio de gravaci\u00f3n rematando o que ser\u00e1 o seu seguinte traballo discogr\u00e1fico, polo que ser\u00e1 un ano para poder gozar moito coa artista galega.<\/p>\n\n\n\n<p><\/p>\n\n\n\n<p><\/p>\n\n\n\n<p>\u200a<\/p>\n","protected":false},"excerpt":{"rendered":"<p>Sabela segue confirmando datas do seu&nbsp;Ceniza tour&nbsp;, unha xira que pasar\u00e1 por algunhas das grandes cidades de Espa\u00f1a nas xa 14 datas confirmadas, 6 das cales se realizar\u00e1n coa axuda [&hellip;]<\/p>\n","protected":false},"author":1,"featured_media":0,"comment_status":"open","ping_status":"open","sticky":false,"template":"","format":"standard","meta":{"_et_pb_use_builder":"","_et_pb_old_content":"","_et_gb_content_width":"","_jetpack_memberships_contains_paid_content":false,"footnotes":""},"categories":[23,7,6,57,1],"tags":[2058,2057],"class_list":["post-15158","post","type-post","status-publish","format-standard","hentry","category-autoresas","category-creacion","category-novas","category-outras-artes","category-xeral","tag-ceniza-tour-2024","tag-sabela-ramil"],"jetpack_featured_media_url":"","jetpack_sharing_enabled":true,"_links":{"self":[{"href":"http:\/\/culturaliagz.com\/index.php?rest_route=\/wp\/v2\/posts\/15158","targetHints":{"allow":["GET"]}}],"collection":[{"href":"http:\/\/culturaliagz.com\/index.php?rest_route=\/wp\/v2\/posts"}],"about":[{"href":"http:\/\/culturaliagz.com\/index.php?rest_route=\/wp\/v2\/types\/post"}],"author":[{"embeddable":true,"href":"http:\/\/culturaliagz.com\/index.php?rest_route=\/wp\/v2\/users\/1"}],"replies":[{"embeddable":true,"href":"http:\/\/culturaliagz.com\/index.php?rest_route=%2Fwp%2Fv2%2Fcomments&post=15158"}],"version-history":[{"count":3,"href":"http:\/\/culturaliagz.com\/index.php?rest_route=\/wp\/v2\/posts\/15158\/revisions"}],"predecessor-version":[{"id":15163,"href":"http:\/\/culturaliagz.com\/index.php?rest_route=\/wp\/v2\/posts\/15158\/revisions\/15163"}],"wp:attachment":[{"href":"http:\/\/culturaliagz.com\/index.php?rest_route=%2Fwp%2Fv2%2Fmedia&parent=15158"}],"wp:term":[{"taxonomy":"category","embeddable":true,"href":"http:\/\/culturaliagz.com\/index.php?rest_route=%2Fwp%2Fv2%2Fcategories&post=15158"},{"taxonomy":"post_tag","embeddable":true,"href":"http:\/\/culturaliagz.com\/index.php?rest_route=%2Fwp%2Fv2%2Ftags&post=15158"}],"curies":[{"name":"wp","href":"https:\/\/api.w.org\/{rel}","templated":true}]}}