{"id":15145,"date":"2024-02-20T22:20:23","date_gmt":"2024-02-20T21:20:23","guid":{"rendered":"http:\/\/culturaliagz.com\/?p=15145"},"modified":"2024-02-20T22:20:26","modified_gmt":"2024-02-20T21:20:26","slug":"maneiro-pechara-a-xira-de-presentacion-de-un-bonito-despertar-no-teatro-principal-de-pontevedra-o-sabado-2-de-marzo","status":"publish","type":"post","link":"http:\/\/culturaliagz.com\/?p=15145","title":{"rendered":"Maneiro pechar\u00e1 a xira de presentaci\u00f3n de \u2018Un bonito despertar\u2019 no Teatro Principal de Pontevedra o s\u00e1bado 2 de marzo"},"content":{"rendered":"\n<p><\/p>\n\n\n\n<p><\/p>\n\n\n<div class=\"wp-block-image\">\n<figure class=\"aligncenter size-large\"><a href=\"http:\/\/culturaliagz.com\/wp-content\/uploads\/2024\/02\/07-Cartel-Pontevedra.jpeg\" target=\"_blank\" rel=\"noreferrer noopener\"><img loading=\"lazy\" decoding=\"async\" width=\"717\" height=\"1024\" src=\"http:\/\/culturaliagz.com\/wp-content\/uploads\/2024\/02\/07-Cartel-Pontevedra-717x1024.jpeg\" alt=\"\" class=\"wp-image-15146\" srcset=\"http:\/\/culturaliagz.com\/wp-content\/uploads\/2024\/02\/07-Cartel-Pontevedra-717x1024.jpeg 717w, http:\/\/culturaliagz.com\/wp-content\/uploads\/2024\/02\/07-Cartel-Pontevedra-480x686.jpeg 480w\" sizes=\"auto, (min-width: 0px) and (max-width: 480px) 480px, (min-width: 481px) 717px, 100vw\" \/><\/a><\/figure>\n<\/div>\n\n\n<p><\/p>\n\n\n\n<p><\/p>\n\n\n\n<p class=\"has-text-align-justify\" style=\"font-size:15px\"><strong>O m\u00fasico, tam\u00e9n vocalista de Heredeiros da Crus, actuar\u00e1 a partir das 20.00 horas e as entradas est\u00e1n dispo\u00f1ibles a trav\u00e9s da plataforma web <\/strong><a href=\"https:\/\/entradas.ataquilla.com\/ventaentradas\/es\/otras-musicas\/centro-torrente-ballester-ct\/16972--maneiro-presenta-un-bonito-despertar.html\" target=\"_blank\" rel=\"noreferrer noopener\"><strong>Ataquilla.com<\/strong><\/a><strong>\u00a0<br><\/strong><\/p>\n\n\n\n<p class=\"has-text-align-justify\">O cantante e compositor Javi Maneiro actuar\u00e1 o s\u00e1bado 2 de marzo no Teatro Principal, nunha cita que supor\u00e1 o peche da xira de inverno de presentaci\u00f3n do seu cuarto \u00e1lbum, <em>Un bonito desperta<\/em>r. As entradas para o directo, que comezar\u00e1 <strong>\u00e1s 20.00 horas<\/strong>, est\u00e1n \u00e1 venda na plataforma <a href=\"https:\/\/entradas.ataquilla.com\/ventaentradas\/es\/otras-musicas\/centro-torrente-ballester-ct\/16972--maneiro-presenta-un-bonito-despertar.html\" target=\"_blank\" rel=\"noreferrer noopener\">Ataquilla.com<\/a>.<br><br>Maneiro visita nos meses de febreiro e marzo os <strong>teatros e as salas de concertos de Galicia<\/strong> presentar o seu novo disco en solitario, no que asume tanto a autor\u00eda da m\u00fasica coma das letras. Logo do lanzamento de<em> Un bonito despertar<\/em> en maio e da estrea ao vivo na Sala Capitol en xu\u00f1o, o m\u00fasico por fin leva o seu novo directo a un total de <strong>sete localidades do pa\u00eds<\/strong> grazas ao apoio da Xunta de Galicia.<br><br>A xira <em>Un bonito despertar<\/em> chegar\u00e1 o s\u00e1bado 2 de marzo ao Teatro Principal de <strong>Pontevedra <\/strong>tras visitar <strong>Boiro, Ourense, A Coru\u00f1a, Lugo, Vigo<\/strong> e<strong> Ferrol<\/strong>. Sobre o escenario, o cantante acompa\u00f1arase dunha banda conformada para a ocasi\u00f3n, con Manu Rey (bater\u00eda), Pachi Cruz (baixo), Rub\u00e9n Cores (guitarra), Fernando Calvo (Guitarra) e Iria Iglesias (teclados).<br><\/p>\n\n\n<div class=\"wp-block-image\">\n<figure class=\"aligncenter size-large\"><a href=\"http:\/\/culturaliagz.com\/wp-content\/uploads\/2024\/02\/maneiro_1.jpeg\" target=\"_blank\" rel=\"noreferrer noopener\"><img loading=\"lazy\" decoding=\"async\" width=\"1024\" height=\"1024\" src=\"http:\/\/culturaliagz.com\/wp-content\/uploads\/2024\/02\/maneiro_1-1024x1024.jpeg\" alt=\"\" class=\"wp-image-15147\" srcset=\"http:\/\/culturaliagz.com\/wp-content\/uploads\/2024\/02\/maneiro_1-1024x1024.jpeg 1024w, http:\/\/culturaliagz.com\/wp-content\/uploads\/2024\/02\/maneiro_1-980x980.jpeg 980w, http:\/\/culturaliagz.com\/wp-content\/uploads\/2024\/02\/maneiro_1-480x480.jpeg 480w\" sizes=\"auto, (min-width: 0px) and (max-width: 480px) 480px, (min-width: 481px) and (max-width: 980px) 980px, (min-width: 981px) 1024px, 100vw\" \/><\/a><\/figure>\n<\/div>\n\n\n<p class=\"has-text-align-justify\"><br><strong>Biograf\u00eda Maneiro<\/strong><br><br>Javi Maneiro \u00e9 natural da Pobra do Carami\u00f1al, mais reside en Ribeira desde hai 25 anos. Co\u00f1ecido por ser vocalista de bandas como Heredeiros da Crus e Jab\u00f3n Blue, no 2014 inicia a s\u00faa carreira en solitario, unha traxectoria que compaxinou co seu traballo nunha f\u00e1brica de conservas. No 2017 lanza o seu primeiro LP <em>Furtivos <\/em>e, dous anos despois, o segundo, <em>Acaricia mis arrugas<\/em>. A capacidade de composici\u00f3n de Maneiro \u00e9 sorprendente: tan s\u00f3 un ano despois, no 2020, publica un disco ac\u00fastico en formato video\u00e1lbum, <em>Palabras de un desconocido<\/em>.\u00a0<\/p>\n\n\n\n<p class=\"has-text-align-justify\">No 2021, para celebrar os seus 30 anos na m\u00fasica, comeza a traballar no que ser\u00e1 o seu cuarto disco, <em>Un bonito despertar;<\/em> mais no medio da gravaci\u00f3n do disco e da xira con Heredeiros, sufre un accidente cerebrovascular. Logo do seu lanzamento o pasado mes de maio, da presentaci\u00f3n ao vivo na Sala Capitol de Santiago no mes de xu\u00f1o e dunha coidada recuperaci\u00f3n ao longo destes meses, Maneiro inicia en febreiro de 2024 unha xira de ateigada de vitalidade e entusiasmo polas salas de concertos e teatros de Galicia.<\/p>\n\n\n\n<p><\/p>\n\n\n<a href=\"http:\/\/culturaliagz.com\/wp-content\/uploads\/2024\/02\/20240220-MANEIRO-pecha-en-Pontevedra-a-xira-de-presentacion-de-Un-bonito-despertar.pdf\" class=\"pdfemb-viewer\" style=\"\" data-width=\"max\" data-height=\"max\" data-toolbar=\"bottom\" data-toolbar-fixed=\"off\">20240220-MANEIRO-pecha-en-Pontevedra-a-xira-de-presentacion-de-Un-bonito-despertar<\/a>\n<p class=\"wp-block-pdfemb-pdf-embedder-viewer\"><\/p>\n","protected":false},"excerpt":{"rendered":"<p>O m\u00fasico, tam\u00e9n vocalista de Heredeiros da Crus, actuar\u00e1 a partir das 20.00 horas e as entradas est\u00e1n dispo\u00f1ibles a trav\u00e9s da plataforma web Ataquilla.com\u00a0 O cantante e compositor Javi [&hellip;]<\/p>\n","protected":false},"author":1,"featured_media":0,"comment_status":"open","ping_status":"open","sticky":false,"template":"","format":"standard","meta":{"_et_pb_use_builder":"","_et_pb_old_content":"","_et_gb_content_width":"","_jetpack_memberships_contains_paid_content":false,"footnotes":""},"categories":[23,7,6,57,1],"tags":[2033,1984,2034],"class_list":["post-15145","post","type-post","status-publish","format-standard","hentry","category-autoresas","category-creacion","category-novas","category-outras-artes","category-xeral","tag-javi-maneiro","tag-teatro-principal-de-pontevedra","tag-un-bonito-despertar"],"jetpack_featured_media_url":"","jetpack_sharing_enabled":true,"_links":{"self":[{"href":"http:\/\/culturaliagz.com\/index.php?rest_route=\/wp\/v2\/posts\/15145","targetHints":{"allow":["GET"]}}],"collection":[{"href":"http:\/\/culturaliagz.com\/index.php?rest_route=\/wp\/v2\/posts"}],"about":[{"href":"http:\/\/culturaliagz.com\/index.php?rest_route=\/wp\/v2\/types\/post"}],"author":[{"embeddable":true,"href":"http:\/\/culturaliagz.com\/index.php?rest_route=\/wp\/v2\/users\/1"}],"replies":[{"embeddable":true,"href":"http:\/\/culturaliagz.com\/index.php?rest_route=%2Fwp%2Fv2%2Fcomments&post=15145"}],"version-history":[{"count":1,"href":"http:\/\/culturaliagz.com\/index.php?rest_route=\/wp\/v2\/posts\/15145\/revisions"}],"predecessor-version":[{"id":15149,"href":"http:\/\/culturaliagz.com\/index.php?rest_route=\/wp\/v2\/posts\/15145\/revisions\/15149"}],"wp:attachment":[{"href":"http:\/\/culturaliagz.com\/index.php?rest_route=%2Fwp%2Fv2%2Fmedia&parent=15145"}],"wp:term":[{"taxonomy":"category","embeddable":true,"href":"http:\/\/culturaliagz.com\/index.php?rest_route=%2Fwp%2Fv2%2Fcategories&post=15145"},{"taxonomy":"post_tag","embeddable":true,"href":"http:\/\/culturaliagz.com\/index.php?rest_route=%2Fwp%2Fv2%2Ftags&post=15145"}],"curies":[{"name":"wp","href":"https:\/\/api.w.org\/{rel}","templated":true}]}}