{"id":15122,"date":"2024-02-14T23:53:59","date_gmt":"2024-02-14T22:53:59","guid":{"rendered":"http:\/\/culturaliagz.com\/?p=15122"},"modified":"2024-02-14T23:55:03","modified_gmt":"2024-02-14T22:55:03","slug":"os-monicreques-de-kukas-na-casa-museo-manuel-maria","status":"publish","type":"post","link":"http:\/\/culturaliagz.com\/?p=15122","title":{"rendered":"OS MONICREQUES DE KUKAS na Casa-Museo Manuel Mar\u00eda"},"content":{"rendered":"\n<p><\/p>\n\n\n\n<p><\/p>\n\n\n<div class=\"wp-block-image\">\n<figure class=\"aligncenter size-large\"><a href=\"http:\/\/culturaliagz.com\/wp-content\/uploads\/2024\/02\/IMG_1953-scaled.jpeg\" target=\"_blank\" rel=\"noreferrer noopener\"><img loading=\"lazy\" decoding=\"async\" width=\"1000\" height=\"1024\" src=\"http:\/\/culturaliagz.com\/wp-content\/uploads\/2024\/02\/IMG_1953-1000x1024.jpeg\" alt=\"\" class=\"wp-image-15123\" srcset=\"http:\/\/culturaliagz.com\/wp-content\/uploads\/2024\/02\/IMG_1953-980x1004.jpeg 980w, http:\/\/culturaliagz.com\/wp-content\/uploads\/2024\/02\/IMG_1953-480x492.jpeg 480w\" sizes=\"auto, (min-width: 0px) and (max-width: 480px) 480px, (min-width: 481px) and (max-width: 980px) 980px, (min-width: 981px) 1000px, 100vw\" \/><\/a><\/figure>\n<\/div>\n\n\n<p><\/p>\n\n\n\n<p><\/p>\n\n\n\n<p class=\"has-text-align-justify\" style=\"font-size:14px\">Este s\u00e1bado, 17 de febreiro, \u00e1s 17 h, OS MONICREQUES DE KUKAS estar\u00e1n na Casa-Museo Manuel Mar\u00eda para representar&nbsp;<em>De trebellos, perellos e fedellos. Xan Perill\u00e1n vai \u00e1 biblioteca<\/em>. Espect\u00e1culo, este, dirixido para as crianzas de tres a oito anos, e en que o protagonista, Xan Perill\u00e1n, a trav\u00e9s da pintura, a maxia e os monicreques, representa varios poemas do libro \u201cDe trebellos, perellos e fedellos\u201d<em>,&nbsp;<\/em>do que \u00e9 autor e ilustrador o propio Kukas.<\/p>\n\n\n\n<p class=\"has-text-align-justify\" style=\"font-size:14px\">Para asistir ao espect\u00e1culo \u00e9 necesario reservar (billete 2 euros) en&nbsp;<a href=\"mailto:contacto@casamuseomanuelmaria.gal\" target=\"_blank\" rel=\"noreferrer noopener\">contacto@casamuseomanuelmaria.<wbr>gal<\/a>&nbsp;ou no whatsapp 698177621.<\/p>\n","protected":false},"excerpt":{"rendered":"<p>Este s\u00e1bado, 17 de febreiro, \u00e1s 17 h, OS MONICREQUES DE KUKAS estar\u00e1n na Casa-Museo Manuel Mar\u00eda para representar&nbsp;De trebellos, perellos e fedellos. Xan Perill\u00e1n vai \u00e1 biblioteca. Espect\u00e1culo, este, [&hellip;]<\/p>\n","protected":false},"author":1,"featured_media":0,"comment_status":"open","ping_status":"open","sticky":false,"template":"","format":"standard","meta":{"_et_pb_use_builder":"","_et_pb_old_content":"","_et_gb_content_width":"","_jetpack_memberships_contains_paid_content":false,"footnotes":""},"categories":[23,7,6,57,1],"tags":[190,631,2049],"class_list":["post-15122","post","type-post","status-publish","format-standard","hentry","category-autoresas","category-creacion","category-novas","category-outras-artes","category-xeral","tag-casa-museo-manuel-maria","tag-os-monicreques-de-kukas","tag-perellos-e-fedellos-xan-perillan-vai-a-biblioteca"],"jetpack_featured_media_url":"","jetpack_sharing_enabled":true,"_links":{"self":[{"href":"http:\/\/culturaliagz.com\/index.php?rest_route=\/wp\/v2\/posts\/15122","targetHints":{"allow":["GET"]}}],"collection":[{"href":"http:\/\/culturaliagz.com\/index.php?rest_route=\/wp\/v2\/posts"}],"about":[{"href":"http:\/\/culturaliagz.com\/index.php?rest_route=\/wp\/v2\/types\/post"}],"author":[{"embeddable":true,"href":"http:\/\/culturaliagz.com\/index.php?rest_route=\/wp\/v2\/users\/1"}],"replies":[{"embeddable":true,"href":"http:\/\/culturaliagz.com\/index.php?rest_route=%2Fwp%2Fv2%2Fcomments&post=15122"}],"version-history":[{"count":2,"href":"http:\/\/culturaliagz.com\/index.php?rest_route=\/wp\/v2\/posts\/15122\/revisions"}],"predecessor-version":[{"id":15125,"href":"http:\/\/culturaliagz.com\/index.php?rest_route=\/wp\/v2\/posts\/15122\/revisions\/15125"}],"wp:attachment":[{"href":"http:\/\/culturaliagz.com\/index.php?rest_route=%2Fwp%2Fv2%2Fmedia&parent=15122"}],"wp:term":[{"taxonomy":"category","embeddable":true,"href":"http:\/\/culturaliagz.com\/index.php?rest_route=%2Fwp%2Fv2%2Fcategories&post=15122"},{"taxonomy":"post_tag","embeddable":true,"href":"http:\/\/culturaliagz.com\/index.php?rest_route=%2Fwp%2Fv2%2Ftags&post=15122"}],"curies":[{"name":"wp","href":"https:\/\/api.w.org\/{rel}","templated":true}]}}