{"id":15095,"date":"2024-02-10T17:53:10","date_gmt":"2024-02-10T16:53:10","guid":{"rendered":"http:\/\/culturaliagz.com\/?p=15095"},"modified":"2024-02-10T17:54:27","modified_gmt":"2024-02-10T16:54:27","slug":"sinsal-publica-as-sesions-san-simon-gravacions-que-as-bandas-e-solistas-rexistraron-en-cilindro-fonografico","status":"publish","type":"post","link":"http:\/\/culturaliagz.com\/?p=15095","title":{"rendered":"SINSAL publica as &#8216;Sesi\u00f3ns San Sim\u00f3n&#8217;, gravaci\u00f3ns que as bandas e solistas rexistraron en cilindro fonogr\u00e1fico"},"content":{"rendered":"\n<p><\/p>\n\n\n\n<figure class=\"wp-block-gallery has-nested-images columns-default is-cropped wp-block-gallery-1 is-layout-flex wp-block-gallery-is-layout-flex\">\n<figure class=\"wp-block-image size-large\"><a href=\"http:\/\/culturaliagz.com\/wp-content\/uploads\/2024\/02\/20230723-Sesions-San-Simon-\u00a9-Olalla-Lojo-9.jpeg\" target=\"_blank\" rel=\"noreferrer noopener\"><img loading=\"lazy\" decoding=\"async\" width=\"1024\" height=\"683\" data-id=\"15098\" src=\"http:\/\/culturaliagz.com\/wp-content\/uploads\/2024\/02\/20230723-Sesions-San-Simon-\u00a9-Olalla-Lojo-9-1024x683.jpeg\" alt=\"\" class=\"wp-image-15098\" srcset=\"http:\/\/culturaliagz.com\/wp-content\/uploads\/2024\/02\/20230723-Sesions-San-Simon-\u00a9-Olalla-Lojo-9-1024x683.jpeg 1024w, http:\/\/culturaliagz.com\/wp-content\/uploads\/2024\/02\/20230723-Sesions-San-Simon-\u00a9-Olalla-Lojo-9-300x200.jpeg 300w, http:\/\/culturaliagz.com\/wp-content\/uploads\/2024\/02\/20230723-Sesions-San-Simon-\u00a9-Olalla-Lojo-9-768x512.jpeg 768w, http:\/\/culturaliagz.com\/wp-content\/uploads\/2024\/02\/20230723-Sesions-San-Simon-\u00a9-Olalla-Lojo-9-1080x720.jpeg 1080w, http:\/\/culturaliagz.com\/wp-content\/uploads\/2024\/02\/20230723-Sesions-San-Simon-\u00a9-Olalla-Lojo-9-980x653.jpeg 980w, http:\/\/culturaliagz.com\/wp-content\/uploads\/2024\/02\/20230723-Sesions-San-Simon-\u00a9-Olalla-Lojo-9-480x320.jpeg 480w, http:\/\/culturaliagz.com\/wp-content\/uploads\/2024\/02\/20230723-Sesions-San-Simon-\u00a9-Olalla-Lojo-9.jpeg 1200w\" sizes=\"auto, (max-width: 1024px) 100vw, 1024px\" \/><\/a><\/figure>\n\n\n\n<figure class=\"wp-block-image size-large\"><a href=\"http:\/\/culturaliagz.com\/wp-content\/uploads\/2024\/02\/20230722-Sesions-San-Simon-\u00a9-Olalla-Lojo-9.jpeg\" target=\"_blank\" rel=\"noreferrer noopener\"><img loading=\"lazy\" decoding=\"async\" width=\"1024\" height=\"683\" data-id=\"15097\" src=\"http:\/\/culturaliagz.com\/wp-content\/uploads\/2024\/02\/20230722-Sesions-San-Simon-\u00a9-Olalla-Lojo-9-1024x683.jpeg\" alt=\"\" class=\"wp-image-15097\" srcset=\"http:\/\/culturaliagz.com\/wp-content\/uploads\/2024\/02\/20230722-Sesions-San-Simon-\u00a9-Olalla-Lojo-9-1024x683.jpeg 1024w, http:\/\/culturaliagz.com\/wp-content\/uploads\/2024\/02\/20230722-Sesions-San-Simon-\u00a9-Olalla-Lojo-9-300x200.jpeg 300w, http:\/\/culturaliagz.com\/wp-content\/uploads\/2024\/02\/20230722-Sesions-San-Simon-\u00a9-Olalla-Lojo-9-768x512.jpeg 768w, http:\/\/culturaliagz.com\/wp-content\/uploads\/2024\/02\/20230722-Sesions-San-Simon-\u00a9-Olalla-Lojo-9-1080x720.jpeg 1080w, http:\/\/culturaliagz.com\/wp-content\/uploads\/2024\/02\/20230722-Sesions-San-Simon-\u00a9-Olalla-Lojo-9-980x653.jpeg 980w, http:\/\/culturaliagz.com\/wp-content\/uploads\/2024\/02\/20230722-Sesions-San-Simon-\u00a9-Olalla-Lojo-9-480x320.jpeg 480w, http:\/\/culturaliagz.com\/wp-content\/uploads\/2024\/02\/20230722-Sesions-San-Simon-\u00a9-Olalla-Lojo-9.jpeg 1200w\" sizes=\"auto, (max-width: 1024px) 100vw, 1024px\" \/><\/a><\/figure>\n<\/figure>\n\n\n\n<p><\/p>\n\n\n\n<p><\/p>\n\n\n\n<p class=\"has-text-align-justify\" style=\"font-size:16px\"><strong>Sinsal publica as \u2018Sesi\u00f3ns San Sim\u00f3n\u2019, as gravaci\u00f3ns en cilindro fonogr\u00e1fico nas que participaron as artistas da pasada edici\u00f3n do festival<\/strong><\/p>\n\n\n\n<p class=\"has-text-align-justify\"><br><strong>Os rexistros, realizados polo experto Aleks Kolkowski, p\u00f3dense escoitar&nbsp;a trav\u00e9s da p\u00e1xina web da promotora do Sinsal,&nbsp;&nbsp;<a href=\"http:\/\/www.sinsalaudio.es\/\" target=\"_blank\" rel=\"noreferrer noopener\">www.sinsalaudio.es<\/a><a href=\"http:\/\/www.sinsalaudio.es\/\">.<\/a><\/strong><a href=\"http:\/\/www.sinsalaudio.es\/\"><strong> <\/strong><\/a><strong>O cineasta vigu\u00e9s \u00c1lex Cancelo tam\u00e9n recolleu en v\u00eddeo as gravaci\u00f3ns,&nbsp;cuxas primeiras pezas amosan a participaci\u00f3n de Hatis Noit, Fillas de Cassandra&nbsp;ou Ana Lua Caiano nesta proposta, aberta ao p\u00fablico durante a celebraci\u00f3n do evento<\/strong><\/p>\n\n\n\n<p class=\"has-text-align-justify\">Xa est\u00e1n dispo\u00f1ibles en aberto as primeiras&nbsp;<strong><em>Sesi\u00f3ns San Sim\u00f3n,<\/em><\/strong>&nbsp;as gravaci\u00f3ns en cilindro fonogr\u00e1fico realizadas durante a pasada edici\u00f3n do festival Sinsal SON Estrella Galicia polo experto Aleks Kolkowski. Os primeiros audios, que se acompa\u00f1an ademais dunha peza audiovisual, p\u00f3dense escoitar&nbsp;<a href=\"https:\/\/sinsalaudio.es\/sesions-san-simon\/\" target=\"_blank\" rel=\"noreferrer noopener\">a trav\u00e9s da p\u00e1xina web da promotora do evento<\/a>, Sinsalaudio.&nbsp;As&nbsp;<strong>Sesi\u00f3ns San Sim\u00f3n&nbsp;<\/strong>forman parte das actividades paralelas do Sinsal, que cada ver\u00e1n se celebra na illa de San Sim\u00f3n. Nelas participan de xeito activo as bandas e solistas que conforman o cartel secreto do festival, e consisten&nbsp;<strong>no rexistro dunha canci\u00f3n, de dous minutos, nun cilindro de cera.<\/strong>As sesi\u00f3ns, realizadas en distintos espazos do arquip\u00e9lago, son abertas para o p\u00fablico asistente.<\/p>\n\n\n\n<p class=\"has-text-align-justify\"><strong>Ademais do rexistro da canci\u00f3n, Sinsal recolle tam\u00e9n esta gravaci\u00f3n en v\u00eddeo da man do cineasta vigu\u00e9s \u00c1lex Cancelo. As piezas audiovisuais p\u00f3dense visualizar a trav\u00e9s do web&nbsp;<a href=\"http:\/\/www.sinsaluadios.es\/\" target=\"_blank\" rel=\"noreferrer noopener\">www.sinsalaudio.es<\/a>, na que xa est\u00e1n dispo\u00f1ibles as sesi\u00f3ns nas que participaron Hatis Noit, Fillas de Cassandra, Ana Lua Caiano, Duo Ruut, Dal:um, Leenalchi ou AGD7.&nbsp;<br><\/strong><\/p>\n\n\n\n<p><strong><br>Enlaces directos \u00e1s Sesi\u00f3ns San Sim\u00f3n do Festival Sinsal SON Estrella Galicia 2023<\/strong><\/p>\n\n\n\n<p>V\u00eddeo e audio da&nbsp;<a href=\"https:\/\/sinsalaudio.es\/sesion-san-simon\/hatis-noit\/\" target=\"_blank\" rel=\"noreferrer noopener\">Sesi\u00f3n San Sim\u00f3n con Hatis Noit<\/a><br>V\u00eddeo e audio da&nbsp;<a href=\"https:\/\/sinsalaudio.es\/sesion-san-simon\/dalum\/\" target=\"_blank\" rel=\"noreferrer noopener\">Sesi\u00f3n San Sim\u00f3n con Dal:um<\/a><br>V\u00eddeo e audio da&nbsp;<a href=\"https:\/\/sinsalaudio.es\/sesion-san-simon\/adg7\/\" target=\"_blank\" rel=\"noreferrer noopener\">Sesi\u00f3n San Sim\u00f3n con AGD7<\/a><br>V\u00eddeo e audio da&nbsp;<a href=\"https:\/\/sinsalaudio.es\/sesion-san-simon\/duo-ruut\/\" target=\"_blank\" rel=\"noreferrer noopener\">Sesi\u00f3n San Sim\u00f3n con Duo Ruut<\/a><br>V\u00eddeo e audio da<a href=\"https:\/\/sinsalaudio.es\/sesion-san-simon\/leenalchi\/\" target=\"_blank\" rel=\"noreferrer noopener\">&nbsp;Sesi\u00f3n San Sim\u00f3n con Leenalchi<\/a><br>V\u00eddeo e audio da&nbsp;<a href=\"https:\/\/sinsalaudio.es\/sesion-san-simon\/ana-lua-caiano\/\" target=\"_blank\" rel=\"noreferrer noopener\">Sesi\u00f3n San Sim\u00f3n con Ana Lua Caiano<\/a><br>V\u00eddeo e audio da&nbsp;<a href=\"https:\/\/sinsalaudio.es\/sesion-san-simon\/fillas-de-cassandra\/\" target=\"_blank\" rel=\"noreferrer noopener\">Sesi\u00f3n San Sim\u00f3n con Fillas de Cassandra<\/a><\/p>\n\n\n\n<p><\/p>\n\n\n\n<p><\/p>\n\n\n\n<p class=\"has-text-align-justify\"><strong>Festival Sinsal SON Estrella Galicia 2024<br><br>O Festival Sinsal SON Estrella Galicia 2024 celebrar\u00e1 a s\u00faa nova edici\u00f3n na illa de San Sim\u00f3n os d\u00edas\u00a026, 27 e 28 de xullo. O evento cultural do cartel secreto, que o p\u00fablico s\u00f3 descubre ao desembarcar, volver\u00e1 ofrecer unha programaci\u00f3n musical caracterizada pola diversidade de estilos musicais e orixes das bandas e solistas que convivir\u00e1n no coraz\u00f3n da R\u00eda de Vigo a \u00faltima fin de semana de xullo. Al\u00e9n das actuaci\u00f3ns, durante o festival suc\u00e9dense numerosas actividades paralelas divulgativas, \u00e1 fin de dar a co\u00f1ecer\u00a0a historia e o patrimonio cultural e natural de San Sim\u00f3n; ademais de propostas vinculadas \u00e1\u00a0sostibilidade ambiental\u00a0e concienciaci\u00f3n, ou \u00e1 recuperaci\u00f3n dos\u00a0arquivos sonoros, que se traducen en iniciativas recollidas como as\u00a0<em>Sesi\u00f3ns San Sim\u00f3n<\/em>.\u00a0<\/strong><\/p>\n\n\n\n<p><\/p>\n\n\n\n<p><\/p>\n\n\n<a href=\"http:\/\/culturaliagz.com\/wp-content\/uploads\/2024\/02\/20240209-NP-Sesions-San-Simon.pdf\" class=\"pdfemb-viewer\" style=\"\" data-width=\"max\" data-height=\"max\" data-toolbar=\"bottom\" data-toolbar-fixed=\"off\">20240209-NP-Sesions-San-Simon<\/a>\n<p class=\"wp-block-pdfemb-pdf-embedder-viewer\"><\/p>\n\n\n\n<p><\/p>\n","protected":false},"excerpt":{"rendered":"<p>Sinsal publica as \u2018Sesi\u00f3ns San Sim\u00f3n\u2019, as gravaci\u00f3ns en cilindro fonogr\u00e1fico nas que participaron as artistas da pasada edici\u00f3n do festival Os rexistros, realizados polo experto Aleks Kolkowski, p\u00f3dense escoitar&nbsp;a [&hellip;]<\/p>\n","protected":false},"author":1,"featured_media":0,"comment_status":"open","ping_status":"open","sticky":false,"template":"","format":"standard","meta":{"_et_pb_use_builder":"","_et_pb_old_content":"","_et_gb_content_width":"","_jetpack_memberships_contains_paid_content":false,"footnotes":""},"categories":[23,7,6,57,1],"tags":[2041,1226],"class_list":["post-15095","post","type-post","status-publish","format-standard","hentry","category-autoresas","category-creacion","category-novas","category-outras-artes","category-xeral","tag-sesions-san-simon","tag-sinsal-son-estrella-galicia"],"jetpack_featured_media_url":"","jetpack_sharing_enabled":true,"_links":{"self":[{"href":"http:\/\/culturaliagz.com\/index.php?rest_route=\/wp\/v2\/posts\/15095","targetHints":{"allow":["GET"]}}],"collection":[{"href":"http:\/\/culturaliagz.com\/index.php?rest_route=\/wp\/v2\/posts"}],"about":[{"href":"http:\/\/culturaliagz.com\/index.php?rest_route=\/wp\/v2\/types\/post"}],"author":[{"embeddable":true,"href":"http:\/\/culturaliagz.com\/index.php?rest_route=\/wp\/v2\/users\/1"}],"replies":[{"embeddable":true,"href":"http:\/\/culturaliagz.com\/index.php?rest_route=%2Fwp%2Fv2%2Fcomments&post=15095"}],"version-history":[{"count":5,"href":"http:\/\/culturaliagz.com\/index.php?rest_route=\/wp\/v2\/posts\/15095\/revisions"}],"predecessor-version":[{"id":15104,"href":"http:\/\/culturaliagz.com\/index.php?rest_route=\/wp\/v2\/posts\/15095\/revisions\/15104"}],"wp:attachment":[{"href":"http:\/\/culturaliagz.com\/index.php?rest_route=%2Fwp%2Fv2%2Fmedia&parent=15095"}],"wp:term":[{"taxonomy":"category","embeddable":true,"href":"http:\/\/culturaliagz.com\/index.php?rest_route=%2Fwp%2Fv2%2Fcategories&post=15095"},{"taxonomy":"post_tag","embeddable":true,"href":"http:\/\/culturaliagz.com\/index.php?rest_route=%2Fwp%2Fv2%2Ftags&post=15095"}],"curies":[{"name":"wp","href":"https:\/\/api.w.org\/{rel}","templated":true}]}}