{"id":15088,"date":"2024-02-10T00:00:53","date_gmt":"2024-02-09T23:00:53","guid":{"rendered":"http:\/\/culturaliagz.com\/?p=15088"},"modified":"2024-02-10T00:00:56","modified_gmt":"2024-02-09T23:00:56","slug":"exposicion-voces-palestinas-que-contan-na-casa-da-cultura-de-vilalba","status":"publish","type":"post","link":"http:\/\/culturaliagz.com\/?p=15088","title":{"rendered":"Exposici\u00f3n VOCES PALESTINAS QUE CONTAN na Casa da Cultura de Vilalba"},"content":{"rendered":"\n<p><\/p>\n\n\n\n<p><\/p>\n\n\n<div class=\"wp-block-image\">\n<figure class=\"aligncenter size-large is-resized\"><a href=\"http:\/\/culturaliagz.com\/wp-content\/uploads\/2024\/02\/CARTAZ-EXPO-PALESTINA.jpeg\" target=\"_blank\" rel=\"noreferrer noopener\"><img loading=\"lazy\" decoding=\"async\" width=\"724\" height=\"1024\" src=\"http:\/\/culturaliagz.com\/wp-content\/uploads\/2024\/02\/CARTAZ-EXPO-PALESTINA-724x1024.jpeg\" alt=\"\" class=\"wp-image-15089\" style=\"width:724px;height:auto\"\/><\/a><\/figure>\n<\/div>\n\n\n<p><\/p>\n\n\n\n<p><\/p>\n\n\n\n<p class=\"has-text-align-center has-medium-font-size\"><strong>Exposici\u00f3n<\/strong> <strong>VOCES PALESTINAS QUE CONTAN<\/strong><\/p>\n\n\n\n<p class=\"has-text-align-center\" style=\"font-size:18px\"><strong>Da Biblioteca Agust\u00edn Fern\u00e1ndez Paz<\/strong><\/p>\n\n\n\n<p class=\"has-text-align-center\" style=\"font-size:18px\"><strong>IES BASANTA SILVA DE VILALBA<\/strong><\/p>\n\n\n\n<p class=\"has-text-align-center\" style=\"font-size:16px\"><strong>Do 13 de febreiro ao&nbsp;12 de marzo de 2024<\/strong><\/p>\n\n\n\n<p class=\"has-text-align-center\" style=\"font-size:18px\"><strong>CASA DA CULTURA DE VILALBA<\/strong><\/p>\n\n\n\n<p><\/p>\n\n\n\n<p class=\"has-text-align-justify\" style=\"font-size:15px\">O <a href=\"https:\/\/estudoschairegos.gal\/\">Instituto de Estudos Chairegos<\/a> organiza na Casa da Cultura de Vilalba a <a href=\"https:\/\/estudoschairegos.gal\/exposicion-voces-palestinas-que-contan-da-biblioteca-agustin-fernandez-paz-ies-basanta-silva-de-vilalba-do-12-02-ao-12-03-2024-na-casa-da-cultura\/\">Exposici\u00f3n VOCES PALESTINAS QUE CONTAN<\/a>, montada pola\u00a0<a href=\"https:\/\/www.facebook.com\/people\/Biblioteca-Agust%C3%ADn-Fern%C3%A1ndez-Paz\/100064851633886\/?wtsid=rdr_0r5VwRiSU6uAhl0jQ\"><em>Biblioteca Agust\u00edn Fern\u00e1ndez Paz <\/em>do<em> IES Basanta Silva<\/em><\/a><em>.\u00a0<\/em><\/p>\n\n\n\n<p style=\"font-size:15px\">Permanecer\u00e1 aberta ao p\u00fablico dende o <em>13 de febreiro ata o\u00a012 de marzo de 2024<\/em>.<\/p>\n","protected":false},"excerpt":{"rendered":"<p>Exposici\u00f3n VOCES PALESTINAS QUE CONTAN Da Biblioteca Agust\u00edn Fern\u00e1ndez Paz IES BASANTA SILVA DE VILALBA Do 13 de febreiro ao&nbsp;12 de marzo de 2024 CASA DA CULTURA DE VILALBA O [&hellip;]<\/p>\n","protected":false},"author":1,"featured_media":0,"comment_status":"open","ping_status":"open","sticky":false,"template":"","format":"standard","meta":{"_et_pb_use_builder":"","_et_pb_old_content":"","_et_gb_content_width":"","_jetpack_memberships_contains_paid_content":false,"footnotes":""},"categories":[23,7,129,6,57,1],"tags":[2039,220,2038,2040,234],"class_list":["post-15088","post","type-post","status-publish","format-standard","hentry","category-autoresas","category-creacion","category-literaria","category-novas","category-outras-artes","category-xeral","tag-biblioteca-agustin-fernandez-paz","tag-casa-da-cultura-de-vilalba","tag-exposicion-voces-palestinas-que-contan","tag-ies-basanta-silva-de-vilalba","tag-iescha"],"jetpack_featured_media_url":"","jetpack_sharing_enabled":true,"_links":{"self":[{"href":"http:\/\/culturaliagz.com\/index.php?rest_route=\/wp\/v2\/posts\/15088","targetHints":{"allow":["GET"]}}],"collection":[{"href":"http:\/\/culturaliagz.com\/index.php?rest_route=\/wp\/v2\/posts"}],"about":[{"href":"http:\/\/culturaliagz.com\/index.php?rest_route=\/wp\/v2\/types\/post"}],"author":[{"embeddable":true,"href":"http:\/\/culturaliagz.com\/index.php?rest_route=\/wp\/v2\/users\/1"}],"replies":[{"embeddable":true,"href":"http:\/\/culturaliagz.com\/index.php?rest_route=%2Fwp%2Fv2%2Fcomments&post=15088"}],"version-history":[{"count":4,"href":"http:\/\/culturaliagz.com\/index.php?rest_route=\/wp\/v2\/posts\/15088\/revisions"}],"predecessor-version":[{"id":15093,"href":"http:\/\/culturaliagz.com\/index.php?rest_route=\/wp\/v2\/posts\/15088\/revisions\/15093"}],"wp:attachment":[{"href":"http:\/\/culturaliagz.com\/index.php?rest_route=%2Fwp%2Fv2%2Fmedia&parent=15088"}],"wp:term":[{"taxonomy":"category","embeddable":true,"href":"http:\/\/culturaliagz.com\/index.php?rest_route=%2Fwp%2Fv2%2Fcategories&post=15088"},{"taxonomy":"post_tag","embeddable":true,"href":"http:\/\/culturaliagz.com\/index.php?rest_route=%2Fwp%2Fv2%2Ftags&post=15088"}],"curies":[{"name":"wp","href":"https:\/\/api.w.org\/{rel}","templated":true}]}}