{"id":15080,"date":"2024-02-19T10:01:00","date_gmt":"2024-02-19T09:01:00","guid":{"rendered":"http:\/\/culturaliagz.com\/?p=15080"},"modified":"2024-02-19T22:51:38","modified_gmt":"2024-02-19T21:51:38","slug":"entrega-de-premios-do-iii-certame-de-caligramas-constanza-de-castro-e-actos-conmemorativos-do-dia-de-rosalia-2024","status":"publish","type":"post","link":"http:\/\/culturaliagz.com\/?p=15080","title":{"rendered":"Entrega de premios do III Certame de Caligramas CONSTANZA DE CASTRO e Actos conmemorativos do D\u00eda de Rosal\u00eda 2024"},"content":{"rendered":"\n<p><\/p>\n\n\n<div class=\"wp-block-image\">\n<figure class=\"aligncenter size-full\"><a href=\"http:\/\/culturaliagz.com\/wp-content\/uploads\/2024\/02\/IMG_1945.jpeg\" target=\"_blank\" rel=\"noreferrer noopener\"><img loading=\"lazy\" decoding=\"async\" width=\"707\" height=\"1000\" src=\"http:\/\/culturaliagz.com\/wp-content\/uploads\/2024\/02\/IMG_1945.jpeg\" alt=\"\" class=\"wp-image-15081\" srcset=\"http:\/\/culturaliagz.com\/wp-content\/uploads\/2024\/02\/IMG_1945.jpeg 707w, http:\/\/culturaliagz.com\/wp-content\/uploads\/2024\/02\/IMG_1945-480x679.jpeg 480w\" sizes=\"auto, (min-width: 0px) and (max-width: 480px) 480px, (min-width: 481px) 707px, 100vw\" \/><\/a><\/figure>\n<\/div>\n\n\n<p><\/p>\n\n\n\n<p><\/p>\n\n\n\n<p class=\"has-text-align-justify\">Coincidindo coa conmemoraci\u00f3n do D\u00cdA DE ROSAL\u00cdA 2024, o vindeiro venres 23 de febreiro, \u00e1s 19 h. na <a href=\"https:\/\/m.facebook.com\/profile.php?id=100088028467726&amp;locale=id_ID&amp;dl_redirect=1\">Biblioteca Rural San Marti\u00f1o de Pino<\/a>, celebrarase o acto de entrega de premios do <em>III Certame de Caligramas CONSTANZA DE CASTRO<\/em>,  que convoca a <a href=\"https:\/\/www.facebook.com\/asoc.devecinospino\/?locale=es_ES\">Asociaci\u00f3n Recreativa e Cultural de San Marti\u00f1o de Pino<\/a>, en colaboraci\u00f3n con <a href=\"https:\/\/caldaloba.es\/#gsc.tab=0\">Caldaloba.es<\/a> e <a href=\"http:\/\/culturaliagz.com\/\">Culturalia GZ<\/a>.<\/p>\n\n\n\n<p class=\"has-text-align-justify\">No acto de entrega estar\u00e1n presentes as persoas ga\u00f1adoras da edici\u00f3n de 2023 do citado certame:<\/p>\n\n\n\n<p><em><a href=\"https:\/\/www.aelg.gal\/centro-documentacion\/autores-as\/patricia-torrado-queiruga\">Patricia Torrado Queiruga<\/a><\/em>, que acadou o primeiro premio pola obra <strong>\u00daltima noite en Caldaloba<\/strong><\/p>\n\n\n\n<p><em>Laura S\u00e1nchez Castro<\/em>, ga\u00f1adora do segundo premio coa obra <strong>Engra\u00f1axes<\/strong><\/p>\n\n\n\n<p><\/p>\n\n\n<div class=\"wp-block-image\">\n<figure class=\"aligncenter size-large\"><a href=\"http:\/\/culturaliagz.com\/wp-content\/uploads\/2024\/02\/PHOTO-2024-02-19-21-51-52.jpg\" target=\"_blank\" rel=\"noreferrer noopener\"><img loading=\"lazy\" decoding=\"async\" width=\"724\" height=\"1024\" src=\"http:\/\/culturaliagz.com\/wp-content\/uploads\/2024\/02\/PHOTO-2024-02-19-21-51-52-724x1024.jpg\" alt=\"\" class=\"wp-image-15142\"\/><\/a><\/figure>\n<\/div>\n\n\n<p>Como xa apuntamos antes, esta entrega de premios enmarcarase dentro dos <em>Actos conmemorativos do <a href=\"https:\/\/www.aelg.gal\/\">D\u00eda de Rosal\u00eda<\/a><\/em> co seguinte programa:<\/p>\n\n\n\n<ul class=\"wp-block-list\">\n<li><em>Sa\u00fada da presidenta da Asociaci\u00f3n Recreativa e Cultural de San Marti\u00f1o de Pino<\/em><\/li>\n\n\n\n<li><em>Lectura do <a href=\"https:\/\/www.aelg.gal\/\">Manifesto polo D\u00eda de Rosal\u00eda<\/a>, autor\u00eda de Carlos Call\u00f3n, en representaci\u00f3n da <a href=\"https:\/\/www.aelg.gal\/\">AELG<\/a><\/em><\/li>\n\n\n\n<li><em>Presentaci\u00f3n dos caligramas ga\u00f1adores e entrega de premio \u00e1s persoas autoras dos mesmos<\/em> <\/li>\n\n\n\n<li><em>Lectura de textos por parte dos asistentes ao evento<\/em><\/li>\n\n\n\n<li><em>Interpretaci\u00f3n dunha peza musical sobre un texto rosaliano<\/em><\/li>\n<\/ul>\n","protected":false},"excerpt":{"rendered":"<p>Coincidindo coa conmemoraci\u00f3n do D\u00cdA DE ROSAL\u00cdA 2024, o vindeiro venres 23 de febreiro, \u00e1s 19 h. na Biblioteca Rural San Marti\u00f1o de Pino, celebrarase o acto de entrega de [&hellip;]<\/p>\n","protected":false},"author":1,"featured_media":0,"comment_status":"open","ping_status":"open","sticky":false,"template":"","format":"standard","meta":{"_et_pb_use_builder":"","_et_pb_old_content":"","_et_gb_content_width":"","_jetpack_memberships_contains_paid_content":false,"footnotes":""},"categories":[7,129,6,57,1],"tags":[580,1428,919,29,1664],"class_list":["post-15080","post","type-post","status-publish","format-standard","hentry","category-creacion","category-literaria","category-novas","category-outras-artes","category-xeral","tag-asociacion-recreativo-cultural-de-san-martino-de-pino","tag-biblioteca-rural-de-san-martino-de-pino","tag-caldaloba-es","tag-culturalia-gz","tag-iii-certame-de-caligramas-constanza-de-castro"],"jetpack_featured_media_url":"","jetpack_sharing_enabled":true,"_links":{"self":[{"href":"http:\/\/culturaliagz.com\/index.php?rest_route=\/wp\/v2\/posts\/15080","targetHints":{"allow":["GET"]}}],"collection":[{"href":"http:\/\/culturaliagz.com\/index.php?rest_route=\/wp\/v2\/posts"}],"about":[{"href":"http:\/\/culturaliagz.com\/index.php?rest_route=\/wp\/v2\/types\/post"}],"author":[{"embeddable":true,"href":"http:\/\/culturaliagz.com\/index.php?rest_route=\/wp\/v2\/users\/1"}],"replies":[{"embeddable":true,"href":"http:\/\/culturaliagz.com\/index.php?rest_route=%2Fwp%2Fv2%2Fcomments&post=15080"}],"version-history":[{"count":9,"href":"http:\/\/culturaliagz.com\/index.php?rest_route=\/wp\/v2\/posts\/15080\/revisions"}],"predecessor-version":[{"id":15144,"href":"http:\/\/culturaliagz.com\/index.php?rest_route=\/wp\/v2\/posts\/15080\/revisions\/15144"}],"wp:attachment":[{"href":"http:\/\/culturaliagz.com\/index.php?rest_route=%2Fwp%2Fv2%2Fmedia&parent=15080"}],"wp:term":[{"taxonomy":"category","embeddable":true,"href":"http:\/\/culturaliagz.com\/index.php?rest_route=%2Fwp%2Fv2%2Fcategories&post=15080"},{"taxonomy":"post_tag","embeddable":true,"href":"http:\/\/culturaliagz.com\/index.php?rest_route=%2Fwp%2Fv2%2Ftags&post=15080"}],"curies":[{"name":"wp","href":"https:\/\/api.w.org\/{rel}","templated":true}]}}