{"id":15042,"date":"2024-01-16T23:07:21","date_gmt":"2024-01-16T22:07:21","guid":{"rendered":"http:\/\/culturaliagz.com\/?p=15042"},"modified":"2024-01-16T23:07:25","modified_gmt":"2024-01-16T22:07:25","slug":"o-festival-sinsal-mellor-iniciativa-cultural-musical-de-galicia-segundo-o-observatorio-de-la-cultura-fundacion-contemporanea","status":"publish","type":"post","link":"http:\/\/culturaliagz.com\/?p=15042","title":{"rendered":"O Festival Sinsal, mellor iniciativa cultural musical de Galicia segundo o Observatorio de la Cultura &#8211; Fundaci\u00f3n Contempor\u00e1nea"},"content":{"rendered":"\n<p><\/p>\n\n\n\n<p><\/p>\n\n\n<div class=\"wp-block-image\">\n<figure class=\"aligncenter size-large is-resized\"><a href=\"http:\/\/culturaliagz.com\/wp-content\/uploads\/2024\/01\/20230722-Sinsal-Sabado-1-\u00a9-Lino-Escuris.jpeg\" target=\"_blank\" rel=\"noreferrer noopener\"><img loading=\"lazy\" decoding=\"async\" src=\"http:\/\/culturaliagz.com\/wp-content\/uploads\/2024\/01\/20230722-Sinsal-Sabado-1-\u00a9-Lino-Escuris-682x1024.jpeg\" alt=\"\" class=\"wp-image-15043\" width=\"671\" height=\"1007\" srcset=\"http:\/\/culturaliagz.com\/wp-content\/uploads\/2024\/01\/20230722-Sinsal-Sabado-1-\u00a9-Lino-Escuris-682x1024.jpeg 682w, http:\/\/culturaliagz.com\/wp-content\/uploads\/2024\/01\/20230722-Sinsal-Sabado-1-\u00a9-Lino-Escuris-200x300.jpeg 200w, http:\/\/culturaliagz.com\/wp-content\/uploads\/2024\/01\/20230722-Sinsal-Sabado-1-\u00a9-Lino-Escuris-768x1152.jpeg 768w, http:\/\/culturaliagz.com\/wp-content\/uploads\/2024\/01\/20230722-Sinsal-Sabado-1-\u00a9-Lino-Escuris-480x720.jpeg 480w, http:\/\/culturaliagz.com\/wp-content\/uploads\/2024\/01\/20230722-Sinsal-Sabado-1-\u00a9-Lino-Escuris.jpeg 853w\" sizes=\"auto, (max-width: 671px) 100vw, 671px\" \/><\/a><\/figure>\n<\/div>\n\n\n<p><\/p>\n\n\n\n<p><\/p>\n\n\n\n<p class=\"has-text-align-justify\"><br>A Fundaci\u00f3n Contempor\u00e1nea, a trav\u00e9s do seu Observatorio de la Cultura, v\u00e9n de publicar\u00a0<a href=\"https:\/\/www.lafabrica.com\/observatorio-de-la-cultura\/\" target=\"_blank\" rel=\"noreferrer noopener\">o informe \u201cLo mejor de la cultura 2023\u201d<\/a>.\u00a0<\/p>\n\n\n\n<p class=\"has-text-align-justify\">O <a href=\"https:\/\/festival.sins.al\/gl\" target=\"_blank\" rel=\"noreferrer noopener\">Festival Sinsal<\/a>, que se celebra cada ver\u00e1n na illa de San Sim\u00f3n e que promove a produtora viguesa Sinsalaudio, mantense por segundo ano consecutivo como a\u00a0<strong>2\u00ba iniciativa cultural mellor valorada polos profesionais do sector en Galicia.<\/strong>\u00a0As\u00ed, Sinsal acada de novo esta posici\u00f3n mant\u00e9ndose, \u00e1 vez, como<strong>\u00a0o festival de m\u00fasica de Galicia mellor valorado\u00a0<\/strong>segundo o informe &#8220;Lo mejor de la cultura 2023&#8221; da Fundaci\u00f3n Contempor\u00e1nea. \u00a0<\/p>\n\n\n\n<p class=\"has-text-align-justify\">O Festival Sinsal apareceu por vez primeira no informe no ano 2016. Desde ent\u00f3n, sempre permaneceu entre as nove primeiras posici\u00f3ns da lista de Galicia. C\u00f3mpre destacar, ademais, que por segundo ano consecutivo \u00e9 tam\u00e9n\u00a0a<strong> iniciativa cultural m\u00e1is destacada da provincia de Pontevedra<\/strong>.<\/p>\n\n\n\n<p class=\"has-text-align-justify\">A nivel nacional, na clasificaci\u00f3n das<strong>&nbsp;iniciativas culturais mellor valoradas polo seu compromiso social e desenvolvemento sostible, o Sinsal sube do 15 ao 9\u00ba posto da lista,&nbsp;<\/strong>unha menci\u00f3n que referenda o<strong>&nbsp;compromiso que o Festival Sinsal mant\u00e9n cos ODS e o impacto positivo<\/strong>, e que reforza en cada nova edici\u00f3n<strong>.&nbsp;<\/strong>&nbsp;Precisamente, o pasado mes de outubro, o evento recolleu o Premio Fest 2023 (outorgados pola industria de festivais en Espa\u00f1a) pola Sostibilidade ambiental.&nbsp;<\/p>\n\n\n\n<p class=\"has-text-align-justify\">O informe completo p\u00f3dese consultar\u00a0<a href=\"https:\/\/www.lafabrica.com\/wp-images\/Informe_Observatorio-de-la-Cultura_2023.pdf\" target=\"_blank\" rel=\"noreferrer noopener\">neste enlace<\/a>.\u00a0Os directores do festival, Julio G\u00f3mez e Luis Campos, est\u00e1n dispo\u00f1ibles para ofrecer declaraci\u00f3ns.\u00a0<\/p>\n\n\n\n<p><\/p>\n\n\n\n<p><\/p>\n\n\n\n<p><\/p>\n\n\n\n<figure class=\"wp-block-gallery has-nested-images columns-2 wp-block-gallery-1 is-layout-flex wp-block-gallery-is-layout-flex\">\n<figure class=\"wp-block-image size-large\"><a href=\"http:\/\/culturaliagz.com\/wp-content\/uploads\/2024\/01\/20230721-Sinsal-venres-\u00a9-Olalla-Lojo.jpeg\" target=\"_blank\" rel=\"noreferrer noopener\"><img loading=\"lazy\" decoding=\"async\" width=\"1024\" height=\"682\" data-id=\"15047\" src=\"http:\/\/culturaliagz.com\/wp-content\/uploads\/2024\/01\/20230721-Sinsal-venres-\u00a9-Olalla-Lojo-1024x682.jpeg\" alt=\"\" class=\"wp-image-15047\" srcset=\"http:\/\/culturaliagz.com\/wp-content\/uploads\/2024\/01\/20230721-Sinsal-venres-\u00a9-Olalla-Lojo-1024x682.jpeg 1024w, http:\/\/culturaliagz.com\/wp-content\/uploads\/2024\/01\/20230721-Sinsal-venres-\u00a9-Olalla-Lojo-300x200.jpeg 300w, http:\/\/culturaliagz.com\/wp-content\/uploads\/2024\/01\/20230721-Sinsal-venres-\u00a9-Olalla-Lojo-768x512.jpeg 768w, http:\/\/culturaliagz.com\/wp-content\/uploads\/2024\/01\/20230721-Sinsal-venres-\u00a9-Olalla-Lojo-1080x720.jpeg 1080w, http:\/\/culturaliagz.com\/wp-content\/uploads\/2024\/01\/20230721-Sinsal-venres-\u00a9-Olalla-Lojo-980x653.jpeg 980w, http:\/\/culturaliagz.com\/wp-content\/uploads\/2024\/01\/20230721-Sinsal-venres-\u00a9-Olalla-Lojo-480x320.jpeg 480w, http:\/\/culturaliagz.com\/wp-content\/uploads\/2024\/01\/20230721-Sinsal-venres-\u00a9-Olalla-Lojo.jpeg 1280w\" sizes=\"auto, (max-width: 1024px) 100vw, 1024px\" \/><\/a><\/figure>\n\n\n\n<figure class=\"wp-block-image size-large\"><a href=\"http:\/\/culturaliagz.com\/wp-content\/uploads\/2024\/01\/20230722-Sinsal-Sabado-2-\u00a9-Lino-Escuris.jpeg\" target=\"_blank\" rel=\"noreferrer noopener\"><img loading=\"lazy\" decoding=\"async\" width=\"1024\" height=\"682\" data-id=\"15046\" src=\"http:\/\/culturaliagz.com\/wp-content\/uploads\/2024\/01\/20230722-Sinsal-Sabado-2-\u00a9-Lino-Escuris-1024x682.jpeg\" alt=\"\" class=\"wp-image-15046\" srcset=\"http:\/\/culturaliagz.com\/wp-content\/uploads\/2024\/01\/20230722-Sinsal-Sabado-2-\u00a9-Lino-Escuris-1024x682.jpeg 1024w, http:\/\/culturaliagz.com\/wp-content\/uploads\/2024\/01\/20230722-Sinsal-Sabado-2-\u00a9-Lino-Escuris-300x200.jpeg 300w, http:\/\/culturaliagz.com\/wp-content\/uploads\/2024\/01\/20230722-Sinsal-Sabado-2-\u00a9-Lino-Escuris-768x512.jpeg 768w, http:\/\/culturaliagz.com\/wp-content\/uploads\/2024\/01\/20230722-Sinsal-Sabado-2-\u00a9-Lino-Escuris-1080x720.jpeg 1080w, http:\/\/culturaliagz.com\/wp-content\/uploads\/2024\/01\/20230722-Sinsal-Sabado-2-\u00a9-Lino-Escuris-980x653.jpeg 980w, http:\/\/culturaliagz.com\/wp-content\/uploads\/2024\/01\/20230722-Sinsal-Sabado-2-\u00a9-Lino-Escuris-480x320.jpeg 480w, http:\/\/culturaliagz.com\/wp-content\/uploads\/2024\/01\/20230722-Sinsal-Sabado-2-\u00a9-Lino-Escuris.jpeg 1280w\" sizes=\"auto, (max-width: 1024px) 100vw, 1024px\" \/><\/a><\/figure>\n\n\n\n<figure class=\"wp-block-image size-large\"><a href=\"http:\/\/culturaliagz.com\/wp-content\/uploads\/2024\/01\/20230722-Orquesta-Clasica-de-Vigo-\ufffd-Olalla-Lojo-4-.jpeg\" target=\"_blank\" rel=\"noreferrer noopener\"><img loading=\"lazy\" decoding=\"async\" width=\"1024\" height=\"682\" data-id=\"15044\" src=\"http:\/\/culturaliagz.com\/wp-content\/uploads\/2024\/01\/20230722-Orquesta-Clasica-de-Vigo-\ufffd-Olalla-Lojo-4--1024x682.jpeg\" alt=\"\" class=\"wp-image-15044\" srcset=\"http:\/\/culturaliagz.com\/wp-content\/uploads\/2024\/01\/20230722-Orquesta-Clasica-de-Vigo-\ufffd-Olalla-Lojo-4--1024x682.jpeg 1024w, http:\/\/culturaliagz.com\/wp-content\/uploads\/2024\/01\/20230722-Orquesta-Clasica-de-Vigo-\ufffd-Olalla-Lojo-4--300x200.jpeg 300w, http:\/\/culturaliagz.com\/wp-content\/uploads\/2024\/01\/20230722-Orquesta-Clasica-de-Vigo-\ufffd-Olalla-Lojo-4--768x512.jpeg 768w, http:\/\/culturaliagz.com\/wp-content\/uploads\/2024\/01\/20230722-Orquesta-Clasica-de-Vigo-\ufffd-Olalla-Lojo-4--1080x720.jpeg 1080w, http:\/\/culturaliagz.com\/wp-content\/uploads\/2024\/01\/20230722-Orquesta-Clasica-de-Vigo-\ufffd-Olalla-Lojo-4--980x653.jpeg 980w, http:\/\/culturaliagz.com\/wp-content\/uploads\/2024\/01\/20230722-Orquesta-Clasica-de-Vigo-\ufffd-Olalla-Lojo-4--480x320.jpeg 480w, http:\/\/culturaliagz.com\/wp-content\/uploads\/2024\/01\/20230722-Orquesta-Clasica-de-Vigo-\ufffd-Olalla-Lojo-4-.jpeg 1280w\" sizes=\"auto, (max-width: 1024px) 100vw, 1024px\" \/><\/a><\/figure>\n\n\n\n<figure class=\"wp-block-image size-large\"><a href=\"http:\/\/culturaliagz.com\/wp-content\/uploads\/2024\/01\/20230722-Sinsal-Sabado-2-\u00a9-Olalla-Lojo-.jpeg\" target=\"_blank\" rel=\"noreferrer noopener\"><img loading=\"lazy\" decoding=\"async\" width=\"1024\" height=\"682\" data-id=\"15045\" src=\"http:\/\/culturaliagz.com\/wp-content\/uploads\/2024\/01\/20230722-Sinsal-Sabado-2-\u00a9-Olalla-Lojo--1024x682.jpeg\" alt=\"\" class=\"wp-image-15045\" srcset=\"http:\/\/culturaliagz.com\/wp-content\/uploads\/2024\/01\/20230722-Sinsal-Sabado-2-\u00a9-Olalla-Lojo--1024x682.jpeg 1024w, http:\/\/culturaliagz.com\/wp-content\/uploads\/2024\/01\/20230722-Sinsal-Sabado-2-\u00a9-Olalla-Lojo--300x200.jpeg 300w, http:\/\/culturaliagz.com\/wp-content\/uploads\/2024\/01\/20230722-Sinsal-Sabado-2-\u00a9-Olalla-Lojo--768x512.jpeg 768w, http:\/\/culturaliagz.com\/wp-content\/uploads\/2024\/01\/20230722-Sinsal-Sabado-2-\u00a9-Olalla-Lojo--1080x720.jpeg 1080w, http:\/\/culturaliagz.com\/wp-content\/uploads\/2024\/01\/20230722-Sinsal-Sabado-2-\u00a9-Olalla-Lojo--980x653.jpeg 980w, http:\/\/culturaliagz.com\/wp-content\/uploads\/2024\/01\/20230722-Sinsal-Sabado-2-\u00a9-Olalla-Lojo--480x320.jpeg 480w, http:\/\/culturaliagz.com\/wp-content\/uploads\/2024\/01\/20230722-Sinsal-Sabado-2-\u00a9-Olalla-Lojo-.jpeg 1280w\" sizes=\"auto, (max-width: 1024px) 100vw, 1024px\" \/><\/a><\/figure>\n\n\n\n<figure class=\"wp-block-image size-large\"><a href=\"http:\/\/culturaliagz.com\/wp-content\/uploads\/2024\/01\/20230723-Paseo-con-Amarturmar-\u00a9-Olalla-Lojo-4.jpeg\" target=\"_blank\" rel=\"noreferrer noopener\"><img loading=\"lazy\" decoding=\"async\" width=\"1024\" height=\"682\" data-id=\"15048\" src=\"http:\/\/culturaliagz.com\/wp-content\/uploads\/2024\/01\/20230723-Paseo-con-Amarturmar-\u00a9-Olalla-Lojo-4-1024x682.jpeg\" alt=\"\" class=\"wp-image-15048\" srcset=\"http:\/\/culturaliagz.com\/wp-content\/uploads\/2024\/01\/20230723-Paseo-con-Amarturmar-\u00a9-Olalla-Lojo-4-1024x682.jpeg 1024w, http:\/\/culturaliagz.com\/wp-content\/uploads\/2024\/01\/20230723-Paseo-con-Amarturmar-\u00a9-Olalla-Lojo-4-300x200.jpeg 300w, http:\/\/culturaliagz.com\/wp-content\/uploads\/2024\/01\/20230723-Paseo-con-Amarturmar-\u00a9-Olalla-Lojo-4-768x512.jpeg 768w, http:\/\/culturaliagz.com\/wp-content\/uploads\/2024\/01\/20230723-Paseo-con-Amarturmar-\u00a9-Olalla-Lojo-4-1080x720.jpeg 1080w, http:\/\/culturaliagz.com\/wp-content\/uploads\/2024\/01\/20230723-Paseo-con-Amarturmar-\u00a9-Olalla-Lojo-4-980x653.jpeg 980w, http:\/\/culturaliagz.com\/wp-content\/uploads\/2024\/01\/20230723-Paseo-con-Amarturmar-\u00a9-Olalla-Lojo-4-480x320.jpeg 480w, http:\/\/culturaliagz.com\/wp-content\/uploads\/2024\/01\/20230723-Paseo-con-Amarturmar-\u00a9-Olalla-Lojo-4.jpeg 1280w\" sizes=\"auto, (max-width: 1024px) 100vw, 1024px\" \/><\/a><\/figure>\n\n\n\n<figure class=\"wp-block-image size-large\"><a href=\"http:\/\/culturaliagz.com\/wp-content\/uploads\/2024\/01\/20230723-Sesions-San-Simon-\u00a9-Lino-Escuris-3.jpeg\" target=\"_blank\" rel=\"noreferrer noopener\"><img loading=\"lazy\" decoding=\"async\" width=\"1024\" height=\"682\" data-id=\"15050\" src=\"http:\/\/culturaliagz.com\/wp-content\/uploads\/2024\/01\/20230723-Sesions-San-Simon-\u00a9-Lino-Escuris-3-1024x682.jpeg\" alt=\"\" class=\"wp-image-15050\" srcset=\"http:\/\/culturaliagz.com\/wp-content\/uploads\/2024\/01\/20230723-Sesions-San-Simon-\u00a9-Lino-Escuris-3-1024x682.jpeg 1024w, http:\/\/culturaliagz.com\/wp-content\/uploads\/2024\/01\/20230723-Sesions-San-Simon-\u00a9-Lino-Escuris-3-300x200.jpeg 300w, http:\/\/culturaliagz.com\/wp-content\/uploads\/2024\/01\/20230723-Sesions-San-Simon-\u00a9-Lino-Escuris-3-768x512.jpeg 768w, http:\/\/culturaliagz.com\/wp-content\/uploads\/2024\/01\/20230723-Sesions-San-Simon-\u00a9-Lino-Escuris-3-1080x720.jpeg 1080w, http:\/\/culturaliagz.com\/wp-content\/uploads\/2024\/01\/20230723-Sesions-San-Simon-\u00a9-Lino-Escuris-3-980x653.jpeg 980w, http:\/\/culturaliagz.com\/wp-content\/uploads\/2024\/01\/20230723-Sesions-San-Simon-\u00a9-Lino-Escuris-3-480x320.jpeg 480w, http:\/\/culturaliagz.com\/wp-content\/uploads\/2024\/01\/20230723-Sesions-San-Simon-\u00a9-Lino-Escuris-3.jpeg 1280w\" sizes=\"auto, (max-width: 1024px) 100vw, 1024px\" \/><\/a><\/figure>\n\n\n\n<figure class=\"wp-block-image size-large\"><a href=\"http:\/\/culturaliagz.com\/wp-content\/uploads\/2024\/01\/20230723-Sinsal-domingo-2-\u00a9-Olalla-Lojo.jpeg\" target=\"_blank\" rel=\"noreferrer noopener\"><img loading=\"lazy\" decoding=\"async\" width=\"1024\" height=\"682\" data-id=\"15051\" src=\"http:\/\/culturaliagz.com\/wp-content\/uploads\/2024\/01\/20230723-Sinsal-domingo-2-\u00a9-Olalla-Lojo-1024x682.jpeg\" alt=\"\" class=\"wp-image-15051\" srcset=\"http:\/\/culturaliagz.com\/wp-content\/uploads\/2024\/01\/20230723-Sinsal-domingo-2-\u00a9-Olalla-Lojo-1024x682.jpeg 1024w, http:\/\/culturaliagz.com\/wp-content\/uploads\/2024\/01\/20230723-Sinsal-domingo-2-\u00a9-Olalla-Lojo-300x200.jpeg 300w, http:\/\/culturaliagz.com\/wp-content\/uploads\/2024\/01\/20230723-Sinsal-domingo-2-\u00a9-Olalla-Lojo-768x512.jpeg 768w, http:\/\/culturaliagz.com\/wp-content\/uploads\/2024\/01\/20230723-Sinsal-domingo-2-\u00a9-Olalla-Lojo-1080x720.jpeg 1080w, http:\/\/culturaliagz.com\/wp-content\/uploads\/2024\/01\/20230723-Sinsal-domingo-2-\u00a9-Olalla-Lojo-980x653.jpeg 980w, http:\/\/culturaliagz.com\/wp-content\/uploads\/2024\/01\/20230723-Sinsal-domingo-2-\u00a9-Olalla-Lojo-480x320.jpeg 480w, http:\/\/culturaliagz.com\/wp-content\/uploads\/2024\/01\/20230723-Sinsal-domingo-2-\u00a9-Olalla-Lojo.jpeg 1280w\" sizes=\"auto, (max-width: 1024px) 100vw, 1024px\" \/><\/a><\/figure>\n\n\n\n<figure class=\"wp-block-image size-large\"><a href=\"http:\/\/culturaliagz.com\/wp-content\/uploads\/2024\/01\/20230722-Sinsal-Sabado-1-\u00a9-Olalla-Lojo.jpeg\" target=\"_blank\" rel=\"noreferrer noopener\"><img loading=\"lazy\" decoding=\"async\" width=\"682\" height=\"1024\" data-id=\"15049\" src=\"http:\/\/culturaliagz.com\/wp-content\/uploads\/2024\/01\/20230722-Sinsal-Sabado-1-\u00a9-Olalla-Lojo-682x1024.jpeg\" alt=\"\" class=\"wp-image-15049\" srcset=\"http:\/\/culturaliagz.com\/wp-content\/uploads\/2024\/01\/20230722-Sinsal-Sabado-1-\u00a9-Olalla-Lojo-682x1024.jpeg 682w, http:\/\/culturaliagz.com\/wp-content\/uploads\/2024\/01\/20230722-Sinsal-Sabado-1-\u00a9-Olalla-Lojo-200x300.jpeg 200w, http:\/\/culturaliagz.com\/wp-content\/uploads\/2024\/01\/20230722-Sinsal-Sabado-1-\u00a9-Olalla-Lojo-768x1152.jpeg 768w, http:\/\/culturaliagz.com\/wp-content\/uploads\/2024\/01\/20230722-Sinsal-Sabado-1-\u00a9-Olalla-Lojo-480x720.jpeg 480w, http:\/\/culturaliagz.com\/wp-content\/uploads\/2024\/01\/20230722-Sinsal-Sabado-1-\u00a9-Olalla-Lojo.jpeg 853w\" sizes=\"auto, (max-width: 682px) 100vw, 682px\" \/><\/a><\/figure>\n<\/figure>\n","protected":false},"excerpt":{"rendered":"<p>A Fundaci\u00f3n Contempor\u00e1nea, a trav\u00e9s do seu Observatorio de la Cultura, v\u00e9n de publicar\u00a0o informe \u201cLo mejor de la cultura 2023\u201d.\u00a0 O Festival Sinsal, que se celebra cada ver\u00e1n na [&hellip;]<\/p>\n","protected":false},"author":1,"featured_media":0,"comment_status":"open","ping_status":"open","sticky":false,"template":"","format":"standard","meta":{"_et_pb_use_builder":"","_et_pb_old_content":"","_et_gb_content_width":"","_jetpack_memberships_contains_paid_content":false,"footnotes":""},"categories":[23,7,6,57,1],"tags":[1234,1463,1462],"class_list":["post-15042","post","type-post","status-publish","format-standard","hentry","category-autoresas","category-creacion","category-novas","category-outras-artes","category-xeral","tag-festival-sinsal-son-estrella-galicia","tag-fundacion-contemporanea","tag-observatorio-de-la-cultura"],"jetpack_featured_media_url":"","jetpack_sharing_enabled":true,"_links":{"self":[{"href":"http:\/\/culturaliagz.com\/index.php?rest_route=\/wp\/v2\/posts\/15042","targetHints":{"allow":["GET"]}}],"collection":[{"href":"http:\/\/culturaliagz.com\/index.php?rest_route=\/wp\/v2\/posts"}],"about":[{"href":"http:\/\/culturaliagz.com\/index.php?rest_route=\/wp\/v2\/types\/post"}],"author":[{"embeddable":true,"href":"http:\/\/culturaliagz.com\/index.php?rest_route=\/wp\/v2\/users\/1"}],"replies":[{"embeddable":true,"href":"http:\/\/culturaliagz.com\/index.php?rest_route=%2Fwp%2Fv2%2Fcomments&post=15042"}],"version-history":[{"count":2,"href":"http:\/\/culturaliagz.com\/index.php?rest_route=\/wp\/v2\/posts\/15042\/revisions"}],"predecessor-version":[{"id":15054,"href":"http:\/\/culturaliagz.com\/index.php?rest_route=\/wp\/v2\/posts\/15042\/revisions\/15054"}],"wp:attachment":[{"href":"http:\/\/culturaliagz.com\/index.php?rest_route=%2Fwp%2Fv2%2Fmedia&parent=15042"}],"wp:term":[{"taxonomy":"category","embeddable":true,"href":"http:\/\/culturaliagz.com\/index.php?rest_route=%2Fwp%2Fv2%2Fcategories&post=15042"},{"taxonomy":"post_tag","embeddable":true,"href":"http:\/\/culturaliagz.com\/index.php?rest_route=%2Fwp%2Fv2%2Ftags&post=15042"}],"curies":[{"name":"wp","href":"https:\/\/api.w.org\/{rel}","templated":true}]}}