{"id":14915,"date":"2023-12-27T23:58:37","date_gmt":"2023-12-27T22:58:37","guid":{"rendered":"http:\/\/culturaliagz.com\/?p=14915"},"modified":"2023-12-28T00:07:17","modified_gmt":"2023-12-27T23:07:17","slug":"elsa-muniz-presenta-invisible-sadness-o-seu-novo-single-que-trata-de-poner-en-valor-a-saude-mental","status":"publish","type":"post","link":"http:\/\/culturaliagz.com\/?p=14915","title":{"rendered":"Elsa Mu\u00f1iz presenta &#8220;Invisible Sadness&#8221;, o seu novo single que trata de po\u00f1er en valor a sa\u00fade mental"},"content":{"rendered":"\n<p><\/p>\n\n\n\n<p><\/p>\n\n\n<div class=\"wp-block-image\">\n<figure class=\"aligncenter size-large\"><a href=\"http:\/\/culturaliagz.com\/wp-content\/uploads\/2023\/12\/INVISIBLE-SADNESS-Elsa-Muniz.jpg\" target=\"_blank\" rel=\"noreferrer noopener\"><img loading=\"lazy\" decoding=\"async\" width=\"1024\" height=\"1024\" src=\"http:\/\/culturaliagz.com\/wp-content\/uploads\/2023\/12\/INVISIBLE-SADNESS-Elsa-Muniz-1024x1024.jpg\" alt=\"\" class=\"wp-image-14916\" srcset=\"http:\/\/culturaliagz.com\/wp-content\/uploads\/2023\/12\/INVISIBLE-SADNESS-Elsa-Muniz-980x980.jpg 980w, http:\/\/culturaliagz.com\/wp-content\/uploads\/2023\/12\/INVISIBLE-SADNESS-Elsa-Muniz-480x480.jpg 480w\" sizes=\"auto, (min-width: 0px) and (max-width: 480px) 480px, (min-width: 481px) and (max-width: 980px) 980px, (min-width: 981px) 1024px, 100vw\" \/><\/a><\/figure>\n<\/div>\n\n\n<p><\/p>\n\n\n\n<p><\/p>\n\n\n\n<p class=\"has-text-align-justify\"><a href=\"https:\/\/open.spotify.com\/intl-es\/album\/2SsvRIOvRZZ2Spe8z7GBMl?si=QzVArprURv-aPkGgA29nkQ&amp;utm_campaign=elsa_muniz_invisible_sadness_gal&amp;utm_medium=email&amp;utm_source=acumbamail&amp;nd=1&amp;dlsi=30c0cd28972a4bae\" target=\"_blank\" rel=\"noreferrer noopener\">\u201cInvisible Sadness\u201d<\/a> \u00e9 o nome que recibe o primeiro sinxelo do novo traballo de Elsa Mu\u00f1iz. A pianista galega retoma a s\u00faa carreira cunha mensaxe potente que trata de po\u00f1er un altofalante sobre a sa\u00fade mental e a falta de medios para tratala. A peza instrumental a piano est\u00e1 acompa\u00f1ada dun relato no que se narran os seus sentimentos e pensamentos con relaci\u00f3n a este tema, as\u00ed como o seu proceso compositivo. Este x\u00e9nero, do que Elsa \u00e9 precursora e m\u00e1xima expo\u00f1ente, bautizouse como \u201cpianotelling\u201d, e bas\u00e9ase na combinaci\u00f3n de pezas instrumentais cl\u00e1sicas a piano e microrrelatos, democratizando as\u00ed o acceso \u00e1 m\u00fasica cl\u00e1sica e facilitando o seu entendemento ao p\u00fablico xeral.<\/p>\n\n\n\n<p class=\"has-text-align-justify\">Este tema, xunto co seu microrrelato, foron compostos en 2021 tras a morte da actriz Ver\u00f3nica Forqu\u00e9, un feito que conmocionou ao pa\u00eds e foi obxecto de m\u00faltiples debates e coloquios nos medios cunha idea clara, a de que era necesario reforzar os medios dende a sanidade p\u00fablica para tratala eficazmente. \u201cInvisible Sadness\u201d \u00e9 unha alegaci\u00f3n de empat\u00eda cara toda esa xente que est\u00e1 a pasar por malos momentos e \u00e1 que a artista interpela para tratar de facerlles chegar que non est\u00e1n s\u00f3s, buscando que se sintan comprendidas e queridas. Para iso, o 20% da recadaci\u00f3n xerada polo single ir\u00e1 destinada a Stop Suicidios, unha plataforma de concienciaci\u00f3n sobre o suicidio que busca conseguir un plan nacional de prevenci\u00f3n e medios \u00e1 altura para o tratamento de enfermidades mentais.<\/p>\n\n\n\n<p class=\"has-text-align-justify\">O novo cami\u00f1o de Elsa Mu\u00f1iz comeza con este primeiro sinxelo, que formar\u00e1 parte dun EP que sair\u00e1 nos pr\u00f3ximos meses. Este lanzamento discogr\u00e1fico estar\u00e1 acompa\u00f1ado dunha xira de presentaci\u00f3n na que a pianista presentar\u00e1 o seu novo proxecto xunto aos grandes \u00e9xitos que a levaron a ser unha referente no seu x\u00e9nero.<\/p>\n\n\n\n<p><\/p>\n\n\n\n<p><\/p>\n\n\n<div class=\"wp-block-image\">\n<figure class=\"aligncenter size-large\"><a href=\"http:\/\/culturaliagz.com\/wp-content\/uploads\/2023\/12\/image.png\" target=\"_blank\" rel=\"noreferrer noopener\"><img loading=\"lazy\" decoding=\"async\" width=\"1024\" height=\"1024\" src=\"http:\/\/culturaliagz.com\/wp-content\/uploads\/2023\/12\/image-1024x1024.png\" alt=\"\" class=\"wp-image-14917\" srcset=\"http:\/\/culturaliagz.com\/wp-content\/uploads\/2023\/12\/image-1024x1024.png 1024w, http:\/\/culturaliagz.com\/wp-content\/uploads\/2023\/12\/image-980x980.png 980w, http:\/\/culturaliagz.com\/wp-content\/uploads\/2023\/12\/image-480x480.png 480w\" sizes=\"auto, (min-width: 0px) and (max-width: 480px) 480px, (min-width: 481px) and (max-width: 980px) 980px, (min-width: 981px) 1024px, 100vw\" \/><\/a><\/figure>\n<\/div>\n\n\n<p><\/p>\n\n\n\n<p><\/p>\n\n\n\n<p>M\u00c1IS SOBRE ELSA MU\u00d1IZ<\/p>\n\n\n\n<p class=\"has-text-align-justify\">A vida de Elsa Mu\u00f1iz \u00e9 a da pianista que cambiou as tornas, que quixo ver m\u00e1is al\u00f3 e que foi quen de reinventarse para atopar unha nova forma de facer m\u00e1is accesible a m\u00fasica cl\u00e1sica. Coas s\u00faas obras superando os dous mill\u00f3ns de escoitas, un libro publicado sobre o x\u00e9nero musical do que ela \u00e9 expo\u00f1ente e varias pezas audiovisuais achegando a m\u00fasica cl\u00e1sica a localizaci\u00f3ns ins\u00f3litas como unha batea, Elsa cons\u00e1grase como a artista polivalente que v\u00e9n revolucionar o panorama instrumental cl\u00e1sico. Creadora de atmosferas \u00fanicas, delicadas e elegantes, Elsa \u00e9 capaz de ambientar calqueira evento co seu virtuosismo.<\/p>\n\n\n\n<p class=\"has-text-align-justify\">Con m\u00e1is de seiscentos mil o\u00edntes repartidos ao redor do mundo, m\u00e1is de dous mill\u00f3ns de escoitas nas s\u00faas canci\u00f3ns e concertos en salas nacionais e internacionais, Elsa \u00e9, ademais dunha das grandes referentes do seu x\u00e9nero, unha pioneira. S\u00faa \u00e9 a autor\u00eda do x\u00e9nero \u201cpianotelling\u201d, onde combinan as instrumentais cl\u00e1sicas para piano e os microrrelatos. Desta forma, o afastamento existente entre o p\u00fablico xeral e a m\u00fasica cl\u00e1sica dis\u00edpase e faise accesible, democratizando as\u00ed o entendemento do propio x\u00e9nero.<\/p>\n\n\n\n<p><\/p>\n\n\n\n<p><\/p>\n\n\n\n<figure class=\"wp-block-embed is-type-rich is-provider-spotify wp-block-embed-spotify wp-embed-aspect-21-9 wp-has-aspect-ratio\"><div class=\"wp-block-embed__wrapper\">\n<iframe title=\"Spotify Embed: Elsa Mu\u00f1iz\" style=\"border-radius: 12px\" width=\"100%\" height=\"352\" frameborder=\"0\" allowfullscreen allow=\"autoplay; clipboard-write; encrypted-media; fullscreen; picture-in-picture\" loading=\"lazy\" src=\"https:\/\/open.spotify.com\/embed\/artist\/2koF9Tu4pjfzZr6Hl10bkO?si=Tp3zmPnzQLuRWPT28JBbcw&#038;utm_campaign=elsa_muniz_invisible_sadness_gal&#038;utm_medium=email&#038;utm_source=oembed&#038;nd=1&#038;dlsi=7dae8425338f45f0\"><\/iframe>\n<\/div><\/figure>\n\n\n\n<p><\/p>\n","protected":false},"excerpt":{"rendered":"<p>\u201cInvisible Sadness\u201d \u00e9 o nome que recibe o primeiro sinxelo do novo traballo de Elsa Mu\u00f1iz. A pianista galega retoma a s\u00faa carreira cunha mensaxe potente que trata de po\u00f1er [&hellip;]<\/p>\n","protected":false},"author":1,"featured_media":0,"comment_status":"open","ping_status":"open","sticky":false,"template":"","format":"standard","meta":{"_et_pb_use_builder":"","_et_pb_old_content":"","_et_gb_content_width":"","_jetpack_memberships_contains_paid_content":false,"footnotes":""},"categories":[23,7,6,57,1],"tags":[2009,2010],"class_list":["post-14915","post","type-post","status-publish","format-standard","hentry","category-autoresas","category-creacion","category-novas","category-outras-artes","category-xeral","tag-elsa-muniz","tag-invisible-sadness"],"jetpack_featured_media_url":"","jetpack_sharing_enabled":true,"_links":{"self":[{"href":"http:\/\/culturaliagz.com\/index.php?rest_route=\/wp\/v2\/posts\/14915","targetHints":{"allow":["GET"]}}],"collection":[{"href":"http:\/\/culturaliagz.com\/index.php?rest_route=\/wp\/v2\/posts"}],"about":[{"href":"http:\/\/culturaliagz.com\/index.php?rest_route=\/wp\/v2\/types\/post"}],"author":[{"embeddable":true,"href":"http:\/\/culturaliagz.com\/index.php?rest_route=\/wp\/v2\/users\/1"}],"replies":[{"embeddable":true,"href":"http:\/\/culturaliagz.com\/index.php?rest_route=%2Fwp%2Fv2%2Fcomments&post=14915"}],"version-history":[{"count":3,"href":"http:\/\/culturaliagz.com\/index.php?rest_route=\/wp\/v2\/posts\/14915\/revisions"}],"predecessor-version":[{"id":14921,"href":"http:\/\/culturaliagz.com\/index.php?rest_route=\/wp\/v2\/posts\/14915\/revisions\/14921"}],"wp:attachment":[{"href":"http:\/\/culturaliagz.com\/index.php?rest_route=%2Fwp%2Fv2%2Fmedia&parent=14915"}],"wp:term":[{"taxonomy":"category","embeddable":true,"href":"http:\/\/culturaliagz.com\/index.php?rest_route=%2Fwp%2Fv2%2Fcategories&post=14915"},{"taxonomy":"post_tag","embeddable":true,"href":"http:\/\/culturaliagz.com\/index.php?rest_route=%2Fwp%2Fv2%2Ftags&post=14915"}],"curies":[{"name":"wp","href":"https:\/\/api.w.org\/{rel}","templated":true}]}}