{"id":14791,"date":"2023-12-01T23:16:45","date_gmt":"2023-12-01T22:16:45","guid":{"rendered":"http:\/\/culturaliagz.com\/?p=14791"},"modified":"2023-12-01T23:18:48","modified_gmt":"2023-12-01T22:18:48","slug":"convocatoria-da-man-para-seleccion-de-emerxentes-en-danza-e-acompanamento-dos-seus-procesos","status":"publish","type":"post","link":"http:\/\/culturaliagz.com\/?p=14791","title":{"rendered":"Convocatoria DA MAN para selecci\u00f3n de emerxentes en danza e acompa\u00f1amento dos seus procesos"},"content":{"rendered":"\n<p><\/p>\n\n\n\n<p><\/p>\n\n\n<div class=\"wp-block-image\">\n<figure class=\"aligncenter size-full\"><a href=\"http:\/\/culturaliagz.com\/wp-content\/uploads\/2023\/12\/Convocatoria-DA-MAN-scaled.jpg\" target=\"_blank\" rel=\"noreferrer noopener\"><img loading=\"lazy\" decoding=\"async\" width=\"2560\" height=\"2560\" src=\"http:\/\/culturaliagz.com\/wp-content\/uploads\/2023\/12\/Convocatoria-DA-MAN-scaled.jpg\" alt=\"\" class=\"wp-image-14804\" srcset=\"http:\/\/culturaliagz.com\/wp-content\/uploads\/2023\/12\/Convocatoria-DA-MAN-scaled.jpg 2560w, http:\/\/culturaliagz.com\/wp-content\/uploads\/2023\/12\/Convocatoria-DA-MAN-1280x720.jpg 1280w, http:\/\/culturaliagz.com\/wp-content\/uploads\/2023\/12\/Convocatoria-DA-MAN-980x551.jpg 980w, http:\/\/culturaliagz.com\/wp-content\/uploads\/2023\/12\/Convocatoria-DA-MAN-480x270.jpg 480w\" sizes=\"auto, (min-width: 0px) and (max-width: 480px) 480px, (min-width: 481px) and (max-width: 980px) 980px, (min-width: 981px) and (max-width: 1280px) 1280px, (min-width: 1281px) 2560px, 100vw\" \/><\/a><\/figure>\n<\/div>\n\n\n<p><\/p>\n\n\n\n<p><\/p>\n\n\n\n<p><\/p>\n\n\n\n<p class=\"has-text-align-justify\">AMARELO Distribuci\u00f3n Esc\u00e9nica e Manu Lago convocan a&nbsp;<strong>artistas emerxentes en danza<\/strong>&nbsp;para ser acompa\u00f1adas durante un novo proceso de creaci\u00f3n durante o 2024.<\/p>\n\n\n\n<p class=\"has-text-align-justify\"><strong>Da Man<\/strong>&nbsp;nace como un proxecto colaborativo de AMARELO Distribuci\u00f3n Esc\u00e9nica e Manu Lago apoiado pola Xunta de Galicia a trav\u00e9s do Centro Coreogr\u00e1fico Galego para o acompa\u00f1amento na creaci\u00f3n de artistas emerxentes en danza seleccionadas mediante convocatoria cos obxectivos de impulsar novas artistas en danza, promover a creaci\u00f3n e dinamizar o mercado con novas linguaxes.<\/p>\n\n\n\n<p class=\"has-text-align-justify\"><strong>As artistas son acompa\u00f1adas durante o proceso de creaci\u00f3n<\/strong>&nbsp;dunha nova peza a trav\u00e9s de titor\u00edas de contido administrativo, lox\u00edstico, art\u00edstico, financieiro e de calquera outra tem\u00e1tica que o proceso en concreto requira. Durante este acompa\u00f1amento se lle trasladan os co\u00f1ecementos e informaci\u00f3ns necesarias para realizar unha produci\u00f3n profesional, b\u00fasqueda de residencias e recursos econ\u00f3micos, venda e distribuci\u00f3n do espect\u00e1culo, redes e circuitos e contactos, etc.&nbsp;<\/p>\n\n\n\n<p><\/p>\n\n\n\n<p><strong>Bases da convocatoria:&nbsp;&nbsp;<\/strong><br><br><strong>Que buscamos?<\/strong><br>-Unha artista emerxente galega.<br>-Unha artista emerxente de \u00e1mbito nacional.&nbsp;<\/p>\n\n\n\n<p class=\"has-text-align-justify\">Ambas artistas que, sen importar a s\u00faa idade, x\u00e9nero, nin datos biom\u00e9tricos, te\u00f1an creados un m\u00e1ximo de 5 espect\u00e1culos integrados en circuitos\/programaci\u00f3ns profesionais e queiran iniciar o proceso de creaci\u00f3n dunha nova peza de danza que pode ser en formato tanto de sala como de r\u00faa\/non convencional e m\u00e1ximo 2 int\u00e9rpretes\/creadoras.<br><br><strong>Que ofrecemos?<\/strong><br>1- Un acompa\u00f1amento 360: facemos un acompa\u00f1amento en todo o proceso de xesti\u00f3n de compa\u00f1\u00eda, de produci\u00f3n e creaci\u00f3n, plan de distribuci\u00f3n e calquera outra etapa que contemplen os plans das creadoras.<br>2- A inclusi\u00f3n da peza no cat\u00e1logo de AMARELO Distribuci\u00f3n Esc\u00e9nica.<br><br><strong>Que pedimos?<\/strong><br>3 documentos en pdf:<br>1- Carta de motivaci\u00f3n. M\u00e1ximo 1 p\u00e1xina.<br>2- Proxecto no que se mostren as claves da nova creaci\u00f3n (formato, equipo, calendario previsto, \u2026 e todos os datos que se consideren relevantes).&nbsp; M\u00e1ximo 3 p\u00e1xinas<br>3- CV con links a traballos anteriores (se os hai). M\u00e1ximo 2 p\u00e1xinas.<br><br><strong>Onde e cando?<\/strong><br>Prazo de recepci\u00f3n de solicitudes: Ata o 22 de decembro de 2023. Env\u00eda a documentaci\u00f3n a&nbsp;<a href=\"mailto:lilian@amarelo.es\" target=\"_blank\" rel=\"noreferrer noopener\">lilian@amarelo.es<\/a>&nbsp;co asunto Da Man Galega ou Da Man Estatal segundo corresponda.<br>O d\u00eda 15 de xaneiro de 2024 publicarase a resoluci\u00f3n en redes e web.&nbsp;<\/p>\n\n\n\n<p><strong>Quen somos:<\/strong><\/p>\n\n\n\n<p class=\"has-text-align-justify\"><strong>Lilian Portela<\/strong>&nbsp;&#8211; \u00e9 a directora de AMARELO Distribuci\u00f3n Esc\u00e9nica<br>Lilian Portela inicia o seu cami\u00f1o nas artes esc\u00e9nicas no ano 2011, traballando en produci\u00f3n, distribuci\u00f3n e xesti\u00f3n para distintas compa\u00f1\u00edas de danza, teatro e m\u00fasica.<br>En 2022 dec\u00eddese a crear a s\u00faa propia empresa e as\u00ed nace AMARELO Distribuci\u00f3n Esc\u00e9nica, un proxecto adicado \u00e1 distribuci\u00f3n nacional e internacional de artes esc\u00e9nicas coa intenci\u00f3n de servir de corrente de transmisi\u00f3n entre artistas e programadores e facer chegar ao p\u00fablico espect\u00e1culos frescos, atractivos e de calidade.<br>En AMARELO apostamos por compa\u00f1\u00edas emerxentes e novos valores que comezan a destacar no sector.&nbsp;Po\u00f1endo o foco na danza e as novas linguaxes, respaldamos espect\u00e1culos que procuren seducir a todo tipo de p\u00fablico.<br><a href=\"http:\/\/www.amarelo.es\/\" target=\"_blank\" rel=\"noreferrer noopener\">www.amarelo.es<\/a><\/p>\n\n\n\n<p class=\"has-text-align-justify\"><strong>Manu Lago<\/strong>&nbsp;&#8211; \u00e9 asesor de AMARELO Distribuci\u00f3n Esc\u00e9nica e forma parte do equipo de xesti\u00f3n de A Casa Vella e a Plataforma S\u00f3lodos.<br>M\u00e1ster en&nbsp;Xesti\u00f3n Cultural&nbsp;pola Universitat Oberta de Catalunya (2015), Licenciado en&nbsp;Historia da Arte&nbsp;pola Universidade de Santiago de Compostela (2000), T\u00e9cnico superior en&nbsp;Artes Pl\u00e1sticas&nbsp;pola Escola de Artes e Oficios Mestre Mateo (2002).<br>\u00c9 o creador do&nbsp;Arquivo Online da Danza Contempor\u00e1nea de Galicia&nbsp;e o cat\u00e1logo de distribuci\u00f3n (2017-2022) &nbsp;Galicia Danza Contempor\u00e1nea<br>Formou parte de proxectos como Festival Abanea, Festival Corpo(a)terra, 6core\u00f3grafas, Paula Quintas C\u00eda, Colectivo Glovo, Pisando Ovos, Matarile Teatro, Teatro Gal\u00e1n, En P\u00e9 de Pedra, \u2026<br>Foi o coordinador de PROPULSA Danza + Paisaxe + Patrimonio da Xunta de Galicia e Xacobeo 21-22 e coproduciu o espect\u00e1culo&nbsp;Cl\u00e1sicas Desfeitas Vol 3 ca&nbsp;Fundaci\u00f3n Cidade da Cultura e&nbsp;Centro Dram\u00e1tico Galego, 2021.<br><a href=\"http:\/\/www.manulago.com\/\" target=\"_blank\" rel=\"noreferrer noopener\">www.manulago.com<\/a><\/p>\n\n\n\n<p><strong>Xunta de Galicia<\/strong>. Da Man \u00e9 un proxecto apoiado pola Xunta de Galicia a trav\u00e9s do Centro Coreogr\u00e1fico Galego &#8211; Agadic.&nbsp;<br>www.industriasculturais.xunta.gal<\/p>\n","protected":false},"excerpt":{"rendered":"<p>AMARELO Distribuci\u00f3n Esc\u00e9nica e Manu Lago convocan a&nbsp;artistas emerxentes en danza&nbsp;para ser acompa\u00f1adas durante un novo proceso de creaci\u00f3n durante o 2024. Da Man&nbsp;nace como un proxecto colaborativo de AMARELO [&hellip;]<\/p>\n","protected":false},"author":1,"featured_media":0,"comment_status":"open","ping_status":"open","sticky":false,"template":"","format":"standard","meta":{"_et_pb_use_builder":"","_et_pb_old_content":"","_et_gb_content_width":"","_jetpack_memberships_contains_paid_content":false,"footnotes":""},"categories":[23,7,6,57,1],"tags":[1972,1974,1971,1973,150],"class_list":["post-14791","post","type-post","status-publish","format-standard","hentry","category-autoresas","category-creacion","category-novas","category-outras-artes","category-xeral","tag-amarelo-distribucion-escenica","tag-centro-coreografico-galego","tag-da-man","tag-manu-lago","tag-xunta-de-galicia"],"jetpack_featured_media_url":"","jetpack_sharing_enabled":true,"_links":{"self":[{"href":"http:\/\/culturaliagz.com\/index.php?rest_route=\/wp\/v2\/posts\/14791","targetHints":{"allow":["GET"]}}],"collection":[{"href":"http:\/\/culturaliagz.com\/index.php?rest_route=\/wp\/v2\/posts"}],"about":[{"href":"http:\/\/culturaliagz.com\/index.php?rest_route=\/wp\/v2\/types\/post"}],"author":[{"embeddable":true,"href":"http:\/\/culturaliagz.com\/index.php?rest_route=\/wp\/v2\/users\/1"}],"replies":[{"embeddable":true,"href":"http:\/\/culturaliagz.com\/index.php?rest_route=%2Fwp%2Fv2%2Fcomments&post=14791"}],"version-history":[{"count":5,"href":"http:\/\/culturaliagz.com\/index.php?rest_route=\/wp\/v2\/posts\/14791\/revisions"}],"predecessor-version":[{"id":14807,"href":"http:\/\/culturaliagz.com\/index.php?rest_route=\/wp\/v2\/posts\/14791\/revisions\/14807"}],"wp:attachment":[{"href":"http:\/\/culturaliagz.com\/index.php?rest_route=%2Fwp%2Fv2%2Fmedia&parent=14791"}],"wp:term":[{"taxonomy":"category","embeddable":true,"href":"http:\/\/culturaliagz.com\/index.php?rest_route=%2Fwp%2Fv2%2Fcategories&post=14791"},{"taxonomy":"post_tag","embeddable":true,"href":"http:\/\/culturaliagz.com\/index.php?rest_route=%2Fwp%2Fv2%2Ftags&post=14791"}],"curies":[{"name":"wp","href":"https:\/\/api.w.org\/{rel}","templated":true}]}}