{"id":14631,"date":"2023-11-11T20:32:14","date_gmt":"2023-11-11T19:32:14","guid":{"rendered":"http:\/\/culturaliagz.com\/?p=14631"},"modified":"2023-11-11T20:41:47","modified_gmt":"2023-11-11T19:41:47","slug":"xornadas-arredor-das-irmandinas-mulleres-para-a-historia-de-noso-na-casa-da-cultura-de-vilalba","status":"publish","type":"post","link":"http:\/\/culturaliagz.com\/?p=14631","title":{"rendered":"XORNADAS ARREDOR DAS IRMANDI\u00d1AS: MULLERES PARA A HISTORIA DE NOSO, na Casa da Cultura de Vilalba"},"content":{"rendered":"\n<p><\/p>\n\n\n<div class=\"wp-block-image\">\n<figure class=\"aligncenter size-large\"><a href=\"http:\/\/culturaliagz.com\/wp-content\/uploads\/2023\/11\/CARTAZ-XORNADAS.jpeg\" target=\"_blank\" rel=\"noreferrer noopener\"><img loading=\"lazy\" decoding=\"async\" width=\"724\" height=\"1024\" src=\"http:\/\/culturaliagz.com\/wp-content\/uploads\/2023\/11\/CARTAZ-XORNADAS-724x1024.jpeg\" alt=\"\" class=\"wp-image-14632\"\/><\/a><\/figure>\n<\/div>\n\n\n<p><\/p>\n\n\n\n<p><\/p>\n\n\n\n<p class=\"has-text-align-justify\" style=\"font-size:16px\">O <a rel=\"noreferrer noopener\" href=\"https:\/\/estudoschairegos.gal\/\" target=\"_blank\">Instituto de Estudos Chairegos<\/a> e o <a rel=\"noreferrer noopener\" href=\"http:\/\/consellodacultura.gal\/\" target=\"_blank\">Consello da Cultura Galega,<\/a> en colaboraci\u00f3n co <a rel=\"noreferrer noopener\" href=\"https:\/\/www.vilalba.gal\/\" target=\"_blank\">Concello de Vilalba<\/a>, organizan as<strong> <a rel=\"noreferrer noopener\" href=\"https:\/\/estudoschairegos.gal\/xornadas-2023-arrrdor-das-irmandinas-mulleres-para-a-historia-de-noso-venres-17-e-sabado-18-de-novembro-de-2023-na-casa-da-cultura-de-vilalba\/\" target=\"_blank\">XORNADAS ARREDOR DAS IRMANDI\u00d1AS: MULLERES PARA A HISTORIA DE NOSO<\/a>&nbsp;<\/strong>que se levar\u00e1n a cabo na Casa da Cultura de Vilalba, os d\u00edas&nbsp;<strong>17 e&nbsp;18 de novembro de 2023.<\/strong><\/p>\n\n\n\n<p><\/p>\n\n\n\n<p style=\"font-size:16px\">P\u00f3dese consultar toda a informaci\u00f3n ampliada no seguinte c\u00f3digo QR<\/p>\n\n\n\n<p><\/p>\n\n\n<div class=\"wp-block-image\">\n<figure class=\"aligncenter size-medium\"><img loading=\"lazy\" decoding=\"async\" width=\"300\" height=\"297\" src=\"http:\/\/culturaliagz.com\/wp-content\/uploads\/2023\/11\/image-300x297.png\" alt=\"\" class=\"wp-image-14633\"\/><\/figure>\n<\/div>\n\n\n<p><\/p>\n\n\n\n<p><\/p>\n\n\n\n<p><\/p>\n\n\n\n<p style=\"font-size:16px\"><em>TR\u00cdPTICO INFORMATIVO<\/em><\/p>\n\n\n\n<p><\/p>\n\n\n<div class=\"wp-block-image\">\n<figure class=\"aligncenter size-full\"><a href=\"http:\/\/culturaliagz.com\/wp-content\/uploads\/2023\/11\/IMG_1467-scaled.jpeg\" target=\"_blank\" rel=\"noreferrer noopener\"><img loading=\"lazy\" decoding=\"async\" width=\"2560\" height=\"1811\" src=\"http:\/\/culturaliagz.com\/wp-content\/uploads\/2023\/11\/IMG_1467-scaled.jpeg\" alt=\"\" class=\"wp-image-14645\" srcset=\"http:\/\/culturaliagz.com\/wp-content\/uploads\/2023\/11\/IMG_1467-scaled.jpeg 2560w, http:\/\/culturaliagz.com\/wp-content\/uploads\/2023\/11\/IMG_1467-1280x906.jpeg 1280w, http:\/\/culturaliagz.com\/wp-content\/uploads\/2023\/11\/IMG_1467-980x693.jpeg 980w, http:\/\/culturaliagz.com\/wp-content\/uploads\/2023\/11\/IMG_1467-480x340.jpeg 480w\" sizes=\"auto, (min-width: 0px) and (max-width: 480px) 480px, (min-width: 481px) and (max-width: 980px) 980px, (min-width: 981px) and (max-width: 1280px) 1280px, (min-width: 1281px) 2560px, 100vw\" \/><\/a><\/figure>\n<\/div>\n\n\n<p><\/p>\n\n\n\n<p><\/p>\n\n\n\n<p><\/p>\n\n\n<div class=\"wp-block-image\">\n<figure class=\"aligncenter size-full\"><a href=\"http:\/\/culturaliagz.com\/wp-content\/uploads\/2023\/11\/IMG_1466-scaled.jpeg\" target=\"_blank\" rel=\"noreferrer noopener\"><img loading=\"lazy\" decoding=\"async\" width=\"2560\" height=\"1811\" src=\"http:\/\/culturaliagz.com\/wp-content\/uploads\/2023\/11\/IMG_1466-scaled.jpeg\" alt=\"\" class=\"wp-image-14644\" srcset=\"http:\/\/culturaliagz.com\/wp-content\/uploads\/2023\/11\/IMG_1466-scaled.jpeg 2560w, http:\/\/culturaliagz.com\/wp-content\/uploads\/2023\/11\/IMG_1466-1280x906.jpeg 1280w, http:\/\/culturaliagz.com\/wp-content\/uploads\/2023\/11\/IMG_1466-980x693.jpeg 980w, http:\/\/culturaliagz.com\/wp-content\/uploads\/2023\/11\/IMG_1466-480x340.jpeg 480w\" sizes=\"auto, (min-width: 0px) and (max-width: 480px) 480px, (min-width: 481px) and (max-width: 980px) 980px, (min-width: 981px) and (max-width: 1280px) 1280px, (min-width: 1281px) 2560px, 100vw\" \/><\/a><\/figure>\n<\/div>\n\n\n<p><\/p>\n\n\n\n<p><\/p>\n\n\n\n<p><\/p>\n\n\n<a href=\"http:\/\/culturaliagz.com\/wp-content\/uploads\/2023\/11\/NOTA_INFORMATIVA_XORNADAS-2023.pdf\" class=\"pdfemb-viewer\" style=\"\" data-width=\"max\" data-height=\"max\" data-toolbar=\"bottom\" data-toolbar-fixed=\"off\">NOTA_INFORMATIVA_XORNADAS-2023<\/a>\n<p class=\"wp-block-pdfemb-pdf-embedder-viewer\"><\/p>\n\n\n\n<p><\/p>\n","protected":false},"excerpt":{"rendered":"<p>O Instituto de Estudos Chairegos e o Consello da Cultura Galega, en colaboraci\u00f3n co Concello de Vilalba, organizan as XORNADAS ARREDOR DAS IRMANDI\u00d1AS: MULLERES PARA A HISTORIA DE NOSO&nbsp;que se [&hellip;]<\/p>\n","protected":false},"author":1,"featured_media":0,"comment_status":"open","ping_status":"open","sticky":false,"template":"","format":"standard","meta":{"_et_pb_use_builder":"","_et_pb_old_content":"","_et_gb_content_width":"","_jetpack_memberships_contains_paid_content":false,"footnotes":""},"categories":[23,7,129,6,1],"tags":[1940,1945,1944,1942,220,1507,30,562,1946,1941,234,850,1541,1943,1523,1939],"class_list":["post-14631","post","type-post","status-publish","format-standard","hentry","category-autoresas","category-creacion","category-literaria","category-novas","category-xeral","tag-arredor-das-irmandinas-mulleres-para-a-historia-de-noso","tag-asociacion-cultural-andrade","tag-aurora-marco","tag-carme-adan","tag-casa-da-cultura-de-vilalba","tag-cecilia-fernandez-santome","tag-concello-de-vilalba","tag-consello-da-cultura-galega","tag-exposicion-pegadas-de-mulleres","tag-guillermina-dominguez-tourino","tag-iescha","tag-marisa-barreiro","tag-marta-rouco-seoane","tag-susana-perez-fernandez","tag-vanesa-siso","tag-xornadas-2023"],"jetpack_featured_media_url":"","jetpack_sharing_enabled":true,"_links":{"self":[{"href":"http:\/\/culturaliagz.com\/index.php?rest_route=\/wp\/v2\/posts\/14631","targetHints":{"allow":["GET"]}}],"collection":[{"href":"http:\/\/culturaliagz.com\/index.php?rest_route=\/wp\/v2\/posts"}],"about":[{"href":"http:\/\/culturaliagz.com\/index.php?rest_route=\/wp\/v2\/types\/post"}],"author":[{"embeddable":true,"href":"http:\/\/culturaliagz.com\/index.php?rest_route=\/wp\/v2\/users\/1"}],"replies":[{"embeddable":true,"href":"http:\/\/culturaliagz.com\/index.php?rest_route=%2Fwp%2Fv2%2Fcomments&post=14631"}],"version-history":[{"count":12,"href":"http:\/\/culturaliagz.com\/index.php?rest_route=\/wp\/v2\/posts\/14631\/revisions"}],"predecessor-version":[{"id":14651,"href":"http:\/\/culturaliagz.com\/index.php?rest_route=\/wp\/v2\/posts\/14631\/revisions\/14651"}],"wp:attachment":[{"href":"http:\/\/culturaliagz.com\/index.php?rest_route=%2Fwp%2Fv2%2Fmedia&parent=14631"}],"wp:term":[{"taxonomy":"category","embeddable":true,"href":"http:\/\/culturaliagz.com\/index.php?rest_route=%2Fwp%2Fv2%2Fcategories&post=14631"},{"taxonomy":"post_tag","embeddable":true,"href":"http:\/\/culturaliagz.com\/index.php?rest_route=%2Fwp%2Fv2%2Ftags&post=14631"}],"curies":[{"name":"wp","href":"https:\/\/api.w.org\/{rel}","templated":true}]}}