{"id":14623,"date":"2023-11-10T17:52:52","date_gmt":"2023-11-10T16:52:52","guid":{"rendered":"http:\/\/culturaliagz.com\/?p=14623"},"modified":"2023-11-10T17:57:22","modified_gmt":"2023-11-10T16:57:22","slug":"xisco-feijoo-despidese-da-xira-peixe-con-dous-concertos-finais-en-lugo-e-vigo","status":"publish","type":"post","link":"http:\/\/culturaliagz.com\/?p=14623","title":{"rendered":"<strong>Xisco Feijo\u00f3 desp\u00eddese da xira \u2018Peixe\u2019 con dous concertos finais en Lugo e Vigo<\/strong>"},"content":{"rendered":"\n<p><\/p>\n\n\n\n<p><\/p>\n\n\n<div class=\"wp-block-image\">\n<figure class=\"aligncenter size-large\"><a href=\"http:\/\/culturaliagz.com\/wp-content\/uploads\/2023\/11\/FIN-XIRA-PEIXE.jpeg\" target=\"_blank\" rel=\"noreferrer noopener\"><img loading=\"lazy\" decoding=\"async\" width=\"724\" height=\"1024\" src=\"http:\/\/culturaliagz.com\/wp-content\/uploads\/2023\/11\/FIN-XIRA-PEIXE-724x1024.jpeg\" alt=\"\" class=\"wp-image-14624\"\/><\/a><\/figure>\n<\/div>\n\n\n<p><\/p>\n\n\n\n<p><\/p>\n\n\n\n<p><\/p>\n\n\n\n<p class=\"has-text-align-justify\"><strong>O cantareiro e bailador ofrecer\u00e1 os derradeiros directos do proxecto o 29 de novembro no auditorio Gustavo Freire e o 1 de decembro no Teatro Afundaci\u00f3n; ser\u00e1n citas nas que se acompa\u00f1ar\u00e1 dun feixe de colaboradoras e amizades, celebrando por todo o alto a despedida do espect\u00e1culo, que mutar\u00e1 noutra proposta<br>\u201c<em>Peixe <\/em>foi un reto e un so\u00f1o. Foi un mundo de aprendizaxes, emoci\u00f3ns e vivencias. \u00c9 o fillo que nunca tiven. Levareino sempre gravado na alma e na pel\u201d, asevera Xisco<\/strong><\/p>\n\n\n\n<p><strong><\/strong><\/p>\n\n\n<div class=\"wp-block-image\">\n<figure class=\"aligncenter size-large\"><a href=\"http:\/\/culturaliagz.com\/wp-content\/uploads\/2023\/11\/XISCO-FEIJOO.jpeg\" target=\"_blank\" rel=\"noreferrer noopener\"><img loading=\"lazy\" decoding=\"async\" width=\"1024\" height=\"683\" src=\"http:\/\/culturaliagz.com\/wp-content\/uploads\/2023\/11\/XISCO-FEIJOO-1024x683.jpeg\" alt=\"\" class=\"wp-image-14625\" srcset=\"http:\/\/culturaliagz.com\/wp-content\/uploads\/2023\/11\/XISCO-FEIJOO-980x653.jpeg 980w, http:\/\/culturaliagz.com\/wp-content\/uploads\/2023\/11\/XISCO-FEIJOO-480x320.jpeg 480w\" sizes=\"auto, (min-width: 0px) and (max-width: 480px) 480px, (min-width: 481px) and (max-width: 980px) 980px, (min-width: 981px) 1024px, 100vw\" \/><\/a><\/figure>\n<\/div>\n\n\n<p><\/p>\n\n\n\n<p><\/p>\n\n\n\n<p class=\"has-text-align-justify\"><a href=\"https:\/\/www.xiscofeijoo.com\/\" target=\"_blank\" rel=\"noreferrer noopener\">Xisco Feijo\u00f3<\/a> soterra <em><strong>Peixe<\/strong> <\/em>este outono<em>. <\/em>O cantareiro, instrumentista e bailador desp\u00eddese da actual xira de presentaci\u00f3n do seu primeiro proxecto en solitario por todo o alto. Farao con dous derradeiros directos que ter\u00e1n lugar en <strong>Lugo e Vigo os d\u00edas 29 de novembro e 1 de decembro, <\/strong>respectivamente, e nos que o artista se acompa\u00f1ar\u00e1 tanto da s\u00faa banda como de numerosas creadoras e amizades sobre o escenario, entre as que se atopan Fran Sieira, Andrea Pousa, as pandeireteiras d\u2019O Fiadeiro ou mesmo a chelista estadounidense Natalie Haas.&nbsp;<\/p>\n\n\n\n<p class=\"has-text-align-justify\">Cada concerto, ateigado de m\u00fasica, danza e arte, ser\u00e1 \u00fanico e irrepetible. Ser\u00e1 a celebraci\u00f3n da vida dun proxecto que, a partir do vindeiro ano, se transformar\u00e1 con novas cores e sonoridades. As entradas para estas actuaci\u00f3ns, ou \u201cmetamorfose do <em>Peixe<\/em>\u201d, como sinala o artista, xa est\u00e1n \u00e1 venda nas platataformas <a rel=\"noreferrer noopener\" href=\"http:\/\/www.enterticket.es\/\" target=\"_blank\">www.enterticket.es<\/a> (Lugo) e <a rel=\"noreferrer noopener\" href=\"http:\/\/www.ataquilla.com\/\" target=\"_blank\">www.ataquilla.com<\/a> (Vigo).&nbsp;<\/p>\n\n\n\n<p class=\"has-text-align-justify\">Xisco Feijo\u00f3 lanzou<em> Peixe<\/em> no mes de xullo de 2021. Desde ent\u00f3n o artista, unha das figuras clave na recuperaci\u00f3n de m\u00fasica tradicional galega durante as d\u00e9cadas do 80, 90 e primeiros 2000 ofreceu <strong>case medio cento de actuaci\u00f3ns<\/strong> en localidades das catro provincias galegas, ademais doutros municipios da pen\u00ednsula, como Madrid, Bilbao, Valencia, Segovia e Plasencia; ou mesmo de Europa, na que temas como <em>Animal <\/em>ou <em>Caracoles<\/em> soaron en Xenebra, Munich, Hamburgo, Frankfurt e Varsovia.<\/p>\n\n\n\n<p class=\"has-text-align-justify\">Agora, Xisco Feijo\u00f3 regresa a d\u00faas das cidades galegas que acolleron a presentaci\u00f3n de <em>Peixe.<\/em> <strong>Volve para despedir, dun xeito \u00fanico, un proxecto que marcou todo un fito na s\u00faa carreira art\u00edstic<\/strong>a: logo de m\u00e1is de trinta anos de incesante labor de recuperaci\u00f3n etnogr\u00e1fica, nos que recolleu e deu vida a numerosas melod\u00edas e ritmos tradicionais, e de colaboraci\u00f3ns en numerosos proxectos do pa\u00eds; o artista publicou un traballo discogr\u00e1fico no que ofreceu unha <strong>novidosa mirada contempor\u00e1nea sobre a m\u00fasica tradicional.<\/strong> Dous anos despois, o creador d\u00e1 a despedida \u201ca un ilusionante proxecto que naceu no cerne da pandemia e que agora tomar\u00e1 novas formas, como parte desa metamorfose que todas e todos os artistas experimentamos grazas \u00e1s experiencias vividas\u201d.&nbsp;<\/p>\n\n\n\n<p class=\"has-text-align-justify\">\u201c<em>Peixe <\/em>representou un reto de moitos anos\u201d, sinala Xisco Feijo\u00f3, quen asevera que este album fixo que se aproximara \u201ca un mundo e <em>pantone<\/em> enteiro de emoci\u00f3ns, vivencias e aprendizaxes\u201d. \u201cA creaci\u00f3n deste disco e do espect\u00e1culo foi unha experiencia \u00fanica, un so\u00f1o<em>. Peixe <\/em>\u00e9 o fillo que nunca tiven e \u00e9 algo que vou levar gravado na alma e na pel\u201d, di, ainda que advirte que \u201cnon meter\u00e1 os temas na caixa, sen\u00f3n que se transformar\u00e1n para ter outra vida en futuros espect\u00e1culos\u201d.&nbsp;<\/p>\n\n\n\n<p class=\"has-text-align-justify\">As\u00ed, este outono Xisco Feijo\u00f3 di adeus a <em>Peixe <\/em>tal e como lle deu a benvida: acompa\u00f1ado dun bo feixe de m\u00fasicas do pa\u00eds e colaboradoras doutros recunchos do mundo. En primeiro lugar, contar\u00e1 cunha numerosa banda conformada por Miryam Gonz\u00e1lez, Pipo Alvari\u00f1o, Galen Fraser, Mar\u00eda San Miguel, Jos\u00e9 Manuel D\u00edaz, Maril\u00fa Campos, Ant\u00f3n Pombar e Sandra Costa. En segundo, en cada un dos concertos haber\u00e1 colaboraci\u00f3ns especiais de instrumentistas, cantareiras, bailadores e pandeireteiras.<\/p>\n\n\n\n<p class=\"has-text-align-justify\">As\u00ed, a primeira das citas chegar\u00e1 o <strong>m\u00e9rcores 29 de novembro<\/strong>. Ser\u00e1 no <strong>Auditorio Municipal Gustavo Freire de Lugo<\/strong>. Xisco Feijo\u00f3 acompa\u00f1arase, a partir das 20.30 horas, tanto da s\u00faa banda coma de Laura Burgu\u00e9 (gaita), Branca Villares (voz e percusi\u00f3n), David Vilares (voz), Xabi Iglesias (baile) e as pandeireteiras de C\u00e1ntigas e Frores. As entradas para esta actuaci\u00f3n est\u00e1n dispo\u00f1ibles en <a class=\"\" href=\"http:\/\/www.enterticket.es\/\">www.<\/a><a href=\"http:\/\/www.enterticket.es\/\" target=\"_blank\" rel=\"noreferrer noopener\">enterticket.es<\/a>&nbsp;<\/p>\n\n\n\n<p class=\"has-text-align-justify\">A derradeira volta para darlle a despedida ao <em>Peixe<\/em> <strong>ser\u00e1 na s\u00faa cidade, Vigo,<\/strong> e nun recinto moi especial para o creador, que visitou en numerosas ocasi\u00f3ns con O Fiadeiro. O <strong>venres 1 de decembro,<\/strong> o Teatro Afundaci\u00f3n (Garc\u00eda Barb\u00f3n) ser\u00e1 o escenario que acolla o directo, a partir das 20.30 horas. Ser\u00e1 un festivo e alegre \u201centerro\u201d do <em>Peixe<\/em>, unha singular metamorfose na que Xisco sair\u00e1 ao escenario con artistas como Natalie Haas (cello), Andrea Pousa (voz), Fran Sieira (baile), Luis Lavado (voz), Mar\u00eda e Lu\u00eds Prego (baile), Mar\u00eda Vidal (voz e percusi\u00f3n) e das pandeireteiras de O Fiadeiro. As entradas xa est\u00e1n \u00e1 venda no espazo web <a href=\"http:\/\/www.ataquilla.com\/\" target=\"_blank\" rel=\"noreferrer noopener\">www.ataquilla.com<\/a><\/p>\n\n\n\n<p><\/p>\n\n\n<a href=\"http:\/\/culturaliagz.com\/wp-content\/uploads\/2023\/11\/20231110-NP-GAL-Despedida_metamorfose-Peixe.pdf\" class=\"pdfemb-viewer\" style=\"\" data-width=\"max\" data-height=\"max\" data-toolbar=\"bottom\" data-toolbar-fixed=\"off\">20231110-NP-GAL-Despedida_metamorfose-Peixe<\/a>\n<p class=\"wp-block-pdfemb-pdf-embedder-viewer\"><\/p>\n\n\n\n<p><\/p>\n","protected":false},"excerpt":{"rendered":"<p>O cantareiro e bailador ofrecer\u00e1 os derradeiros directos do proxecto o 29 de novembro no auditorio Gustavo Freire e o 1 de decembro no Teatro Afundaci\u00f3n; ser\u00e1n citas nas que [&hellip;]<\/p>\n","protected":false},"author":1,"featured_media":0,"comment_status":"open","ping_status":"open","sticky":false,"template":"","format":"standard","meta":{"_et_pb_use_builder":"","_et_pb_old_content":"","_et_gb_content_width":"","_jetpack_memberships_contains_paid_content":false,"footnotes":""},"categories":[23,7,6,57,1],"tags":[1006,1938,1937,1556],"class_list":["post-14623","post","type-post","status-publish","format-standard","hentry","category-autoresas","category-creacion","category-novas","category-outras-artes","category-xeral","tag-auditorio-gustavo-freire","tag-peixe","tag-teatro-afundacion","tag-xisco-feijoo"],"jetpack_featured_media_url":"","jetpack_sharing_enabled":true,"_links":{"self":[{"href":"http:\/\/culturaliagz.com\/index.php?rest_route=\/wp\/v2\/posts\/14623","targetHints":{"allow":["GET"]}}],"collection":[{"href":"http:\/\/culturaliagz.com\/index.php?rest_route=\/wp\/v2\/posts"}],"about":[{"href":"http:\/\/culturaliagz.com\/index.php?rest_route=\/wp\/v2\/types\/post"}],"author":[{"embeddable":true,"href":"http:\/\/culturaliagz.com\/index.php?rest_route=\/wp\/v2\/users\/1"}],"replies":[{"embeddable":true,"href":"http:\/\/culturaliagz.com\/index.php?rest_route=%2Fwp%2Fv2%2Fcomments&post=14623"}],"version-history":[{"count":4,"href":"http:\/\/culturaliagz.com\/index.php?rest_route=\/wp\/v2\/posts\/14623\/revisions"}],"predecessor-version":[{"id":14630,"href":"http:\/\/culturaliagz.com\/index.php?rest_route=\/wp\/v2\/posts\/14623\/revisions\/14630"}],"wp:attachment":[{"href":"http:\/\/culturaliagz.com\/index.php?rest_route=%2Fwp%2Fv2%2Fmedia&parent=14623"}],"wp:term":[{"taxonomy":"category","embeddable":true,"href":"http:\/\/culturaliagz.com\/index.php?rest_route=%2Fwp%2Fv2%2Fcategories&post=14623"},{"taxonomy":"post_tag","embeddable":true,"href":"http:\/\/culturaliagz.com\/index.php?rest_route=%2Fwp%2Fv2%2Ftags&post=14623"}],"curies":[{"name":"wp","href":"https:\/\/api.w.org\/{rel}","templated":true}]}}