{"id":14597,"date":"2023-11-08T14:30:37","date_gmt":"2023-11-08T13:30:37","guid":{"rendered":"http:\/\/culturaliagz.com\/?p=14597"},"modified":"2023-11-08T14:33:30","modified_gmt":"2023-11-08T13:33:30","slug":"100-voltas-proxecto-musical-liderado-por-veronica-codesal-componente-de-ialma-soara-este-domingo-na-casa-museo-manuel-maria","status":"publish","type":"post","link":"http:\/\/culturaliagz.com\/?p=14597","title":{"rendered":"100 VOLTAS, proxecto musical liderado por Ver\u00f3nica Codesal, compo\u00f1ente de IALMA, soar\u00e1 este domingo na Casa-Museo Manuel Mar\u00eda"},"content":{"rendered":"\n<p><\/p>\n\n\n<div class=\"wp-block-image\">\n<figure class=\"aligncenter size-large\"><a href=\"http:\/\/culturaliagz.com\/wp-content\/uploads\/2023\/11\/IMG_1454-scaled.jpeg\" target=\"_blank\" rel=\"noreferrer noopener\"><img loading=\"lazy\" decoding=\"async\" width=\"1024\" height=\"681\" src=\"http:\/\/culturaliagz.com\/wp-content\/uploads\/2023\/11\/IMG_1454-1024x681.jpeg\" alt=\"\" class=\"wp-image-14598\" srcset=\"http:\/\/culturaliagz.com\/wp-content\/uploads\/2023\/11\/IMG_1454-980x652.jpeg 980w, http:\/\/culturaliagz.com\/wp-content\/uploads\/2023\/11\/IMG_1454-480x320.jpeg 480w\" sizes=\"auto, (min-width: 0px) and (max-width: 480px) 480px, (min-width: 481px) and (max-width: 980px) 980px, (min-width: 981px) 1024px, 100vw\" \/><\/a><\/figure>\n<\/div>\n\n\n<p><\/p>\n\n\n\n<p><\/p>\n\n\n\n<p class=\"has-text-align-justify\"><strong><a rel=\"noreferrer noopener\" href=\"http:\/\/www.casamuseomanuelmaria.gal\/actividades\/veronica-codesal-componente-de-ialma-presenta-o-domingo-12-de-novembro-o-seu-proxecto-100-voltas.htm?tipo=ACTIVIDADE\" target=\"_blank\">100 VOLTAS<\/a><\/strong>, proxecto musical liderardo por Ver\u00f3nica Codesal, soar\u00e1 este domingo, d\u00eda 12 de novembro, \u00e1s 12.30 h, na <a rel=\"noreferrer noopener\" href=\"http:\/\/www.casamuseomanuelmaria.gal\/portada.htm;jsessionid=C8D06FA41AD926A76CB19557072D50DC\" target=\"_blank\">Casa-Museo Manuel Mar\u00eda<\/a>. A m\u00fasica galaico-belga, que ten as s\u00faas orixes familiares en Guitiriz, estar\u00e1 acompa\u00f1ada polo acordeonista belga Didier Laloy e o violinista italiano Damien Chierici. O concerto da Casa-Museo Manuel Mar\u00eda ser\u00e1 o \u00fanico concerto, desta nova xira do grupo por Galiza, que se leve a cabo na provincia de Lugo.&nbsp;<\/p>\n\n\n\n<p><\/p>\n\n\n\n<p><\/p>\n\n\n\n<figure class=\"wp-block-embed is-type-video is-provider-youtube wp-block-embed-youtube wp-embed-aspect-16-9 wp-has-aspect-ratio\"><div class=\"wp-block-embed__wrapper\">\n<iframe loading=\"lazy\" title=\"Ver\u00f3nica Codesal, Didier Laloy &amp; Damien Chierici - 100 Voltas - Promo teaser\" width=\"1080\" height=\"608\" src=\"https:\/\/www.youtube.com\/embed\/cHaWDurcsOA?feature=oembed\" frameborder=\"0\" allow=\"accelerometer; autoplay; clipboard-write; encrypted-media; gyroscope; picture-in-picture; web-share\" allowfullscreen><\/iframe>\n<\/div><\/figure>\n\n\n\n<p><\/p>\n\n\n\n<p><\/p>\n\n\n\n<p class=\"has-text-align-justify\">Para asistir ao concerto \u00e9 necesario facer reserva (billete 5 euros) no whatsapp 698177621 ou en&nbsp;<a rel=\"noreferrer noopener\" href=\"mailto:contacto@casamuseomanuelmaria.gal\" target=\"_blank\">contacto@casamuseomanuelmaria.gal<\/a>.<\/p>\n\n\n\n<p><\/p>\n","protected":false},"excerpt":{"rendered":"<p>100 VOLTAS, proxecto musical liderardo por Ver\u00f3nica Codesal, soar\u00e1 este domingo, d\u00eda 12 de novembro, \u00e1s 12.30 h, na Casa-Museo Manuel Mar\u00eda. A m\u00fasica galaico-belga, que ten as s\u00faas orixes [&hellip;]<\/p>\n","protected":false},"author":1,"featured_media":0,"comment_status":"open","ping_status":"open","sticky":false,"template":"","format":"standard","meta":{"_et_pb_use_builder":"","_et_pb_old_content":"","_et_gb_content_width":"","_jetpack_memberships_contains_paid_content":false,"footnotes":""},"categories":[23,7,6,57,1],"tags":[1919,190,1918],"class_list":["post-14597","post","type-post","status-publish","format-standard","hentry","category-autoresas","category-creacion","category-novas","category-outras-artes","category-xeral","tag-100-voltas","tag-casa-museo-manuel-maria","tag-ialma"],"jetpack_featured_media_url":"","jetpack_sharing_enabled":true,"_links":{"self":[{"href":"http:\/\/culturaliagz.com\/index.php?rest_route=\/wp\/v2\/posts\/14597","targetHints":{"allow":["GET"]}}],"collection":[{"href":"http:\/\/culturaliagz.com\/index.php?rest_route=\/wp\/v2\/posts"}],"about":[{"href":"http:\/\/culturaliagz.com\/index.php?rest_route=\/wp\/v2\/types\/post"}],"author":[{"embeddable":true,"href":"http:\/\/culturaliagz.com\/index.php?rest_route=\/wp\/v2\/users\/1"}],"replies":[{"embeddable":true,"href":"http:\/\/culturaliagz.com\/index.php?rest_route=%2Fwp%2Fv2%2Fcomments&post=14597"}],"version-history":[{"count":5,"href":"http:\/\/culturaliagz.com\/index.php?rest_route=\/wp\/v2\/posts\/14597\/revisions"}],"predecessor-version":[{"id":14603,"href":"http:\/\/culturaliagz.com\/index.php?rest_route=\/wp\/v2\/posts\/14597\/revisions\/14603"}],"wp:attachment":[{"href":"http:\/\/culturaliagz.com\/index.php?rest_route=%2Fwp%2Fv2%2Fmedia&parent=14597"}],"wp:term":[{"taxonomy":"category","embeddable":true,"href":"http:\/\/culturaliagz.com\/index.php?rest_route=%2Fwp%2Fv2%2Fcategories&post=14597"},{"taxonomy":"post_tag","embeddable":true,"href":"http:\/\/culturaliagz.com\/index.php?rest_route=%2Fwp%2Fv2%2Ftags&post=14597"}],"curies":[{"name":"wp","href":"https:\/\/api.w.org\/{rel}","templated":true}]}}