{"id":14535,"date":"2023-11-02T22:09:54","date_gmt":"2023-11-02T21:09:54","guid":{"rendered":"http:\/\/culturaliagz.com\/?p=14535"},"modified":"2023-11-02T22:09:57","modified_gmt":"2023-11-02T21:09:57","slug":"veronica-codesal-componente-de-ialma-presenta-na-casa-museo-manuel-maria-o-seu-proxecto-100-voltas","status":"publish","type":"post","link":"http:\/\/culturaliagz.com\/?p=14535","title":{"rendered":"Ver\u00f3nica Codesal, compo\u00f1ente de IALMA, presenta na Casa-Museo Manuel Mar\u00eda o seu proxecto \u201c100 Voltas\u201d"},"content":{"rendered":"\n<p><\/p>\n\n\n<div class=\"wp-block-image\">\n<figure class=\"aligncenter size-large\"><a href=\"http:\/\/culturaliagz.com\/wp-content\/uploads\/2023\/11\/IMG_1443-scaled.jpeg\" target=\"_blank\" rel=\"noreferrer noopener\"><img loading=\"lazy\" decoding=\"async\" width=\"1000\" height=\"1024\" src=\"http:\/\/culturaliagz.com\/wp-content\/uploads\/2023\/11\/IMG_1443-1000x1024.jpeg\" alt=\"\" class=\"wp-image-14536\" srcset=\"http:\/\/culturaliagz.com\/wp-content\/uploads\/2023\/11\/IMG_1443-980x1004.jpeg 980w, http:\/\/culturaliagz.com\/wp-content\/uploads\/2023\/11\/IMG_1443-480x492.jpeg 480w\" sizes=\"auto, (min-width: 0px) and (max-width: 480px) 480px, (min-width: 481px) and (max-width: 980px) 980px, (min-width: 981px) 1000px, 100vw\" \/><\/a><\/figure>\n<\/div>\n\n\n<p><\/p>\n\n\n\n<p class=\"has-text-align-justify\"><strong>VER\u00d3NICA CODESAL, COMPO\u00d1ENTE DE&nbsp;<em>IALMA<\/em>, PRESENTA, O DOMINGO 12 DE NOVEMBRO, NA CASA-MUSEO MANUEL MAR\u00cdA O SEU PROXECTO,&nbsp;<em>100 VOLTAS<\/em><\/strong><\/p>\n\n\n\n<p class=\"has-text-align-justify\"><strong>Faino acompa\u00f1ada do acordeonista belga Didier Laloy e o violinista italiano Damien Chierici<\/strong><\/p>\n\n\n\n<p><\/p>\n\n\n\n<p class=\"has-text-align-justify\"><strong>Ver\u00f3nica Codesal<\/strong>\u00a0presentar\u00e1 o pr\u00f3ximo\u00a0domingo d\u00eda 12, \u00e1s 12:30h, na <a href=\"http:\/\/www.casamuseomanuelmaria.gal\/portada.htm;jsessionid=BCA50214ED9D2F67C675B7818FEFCEB8\" target=\"_blank\" rel=\"noreferrer noopener\">Casa-Museo Manuel Mar\u00eda<\/a>, o seu recente traballo musical\u00a0<em><a href=\"http:\/\/www.casamuseomanuelmaria.gal\/actividades\/veronica-codesal-componente-de-ialma-presenta-o-domingo-12-de-novembro-o-seu-proxecto-100-voltas.htm?tipo=ACTIVIDADE\" target=\"_blank\" rel=\"noreferrer noopener\">100 VOLTAS<\/a><\/em>. Estar\u00e1 acompa\u00f1ada polo acordeonista belga Didier Laloy e o violinista italiano Damien Chierici.<br>Ver\u00f3nica Codesal (voz e pandeireta) \u00e9 compo\u00f1ente do co\u00f1ecido grupo galego-belga\u00a0<em>Ialma<\/em>, que conta con sete traballos publicados e que est\u00e1 formado por catro mulleres nacidas e residentes en Bruxelas, mais que son de orixe galega e conforman o seu repertorio con m\u00fasica do noso pa\u00eds. Ademais, Ver\u00f3nica Codesal representou a B\u00e9lxica no Festival de Eurovisi\u00f3n no ano 2003 formando parte do grupo Urban Trad. F\u00edxoo coa canci\u00f3n \u201cSanomi\u201d quedando na segunda posici\u00f3n.<br>Nesta ocasi\u00f3n, dous m\u00fasicos de proxecci\u00f3n internacional acompa\u00f1ar\u00e1n a Ver\u00f3nica Codesal. Por unha parte Didier Laloy (acorde\u00f3n diat\u00f3nico e stompbox), \u00e9 un dos mellores instrumentistas de acorde\u00f3n diat\u00f3nico do mundo e solista en orquestras sinf\u00f3nicas de Alema\u00f1a, Italia, Cuba e B\u00e9lxica. Pola outra, Damien Chierici\u00a0 (violino e instrumentos electr\u00f3nicos), int\u00e9rprete, compositor e arranxista polifac\u00e9tico (m\u00fasica cl\u00e1sica, folk, composici\u00f3ns para cinema&#8230;), o que o levou a compartir escenario con artistas internacionais como Glen Hansard ou Lisa Hannigan, a crear bandas sonoras cinematogr\u00e1ficas como a serie belga PANDORE ou \u00e1 realizaci\u00f3n de xiras con moitos grupos belgas por Europa.<br>\u201c100 VOLTAS\u201d \u00e9 un traballo cheo de cultura e tradici\u00f3n galega que conta cun repertorio que preserva a esencia do pasado ao mesmo tempo que incorpora elementos contempor\u00e1neos e diferentes instrumentos. Nel rec\u00f3llese o compromiso de Ver\u00f3nica Codesal como muller feminista, de maneira que moitas das s\u00faas composici\u00f3ns realiz\u00e1ronse sobre textos de distintas poetas galegas (Rosal\u00eda de Castro, Xohana Torres, Andrea Nunes, Mar\u00eda Lado, Luc\u00eda Aldao, Yolanda Casta\u00f1o, Mar\u00eda do Cebreiro, Brais Fern\u00e1ndez, Rosal\u00eda Fern\u00e1ndez Rial, Xavier Queipo) a trav\u00e9s dos que contan, xunto a textos tradicionais, as s\u00faas historias de mulleres, compa\u00f1eiras, nais, fillas, amigas, traballadoras, artistas, activistas&#8230;<br>O concerto da Casa-Museo Manuel Mar\u00eda forma parte da xira por Galiza para a a presentaci\u00f3n de \u201c100 VOLTAS\u201d en que o grupo realizar\u00e1 seis concertos entre os d\u00edas 11 e 16 de novembro, sendo o \u00fanico na provincia de Lugo.<br><br>Para asistir ao concerto \u00e9 necesario facer reserva (billete 5 euros) no whatsapp 698177621 ou en\u00a0<a rel=\"noreferrer noopener\" href=\"mailto:contacto@casamuseomanuelmaria.gal\" target=\"_blank\">contacto@casamuseomanuelmaria.gal<\/a>.<\/p>\n\n\n\n<p><\/p>\n\n\n\n<figure class=\"wp-block-embed is-type-video is-provider-youtube wp-block-embed-youtube wp-embed-aspect-16-9 wp-has-aspect-ratio\"><div class=\"wp-block-embed__wrapper\">\n<iframe loading=\"lazy\" title=\"100 VOLTAS - Ver\u00f3nica Codesal, Didier Laloy &amp; Damien Chierici \/ Additional musician : Boris Tchango\" width=\"1080\" height=\"608\" src=\"https:\/\/www.youtube.com\/embed\/JmR9730foUk?feature=oembed\" frameborder=\"0\" allow=\"accelerometer; autoplay; clipboard-write; encrypted-media; gyroscope; picture-in-picture; web-share\" allowfullscreen><\/iframe>\n<\/div><\/figure>\n\n\n\n<p class=\"has-text-align-justify\"><\/p>\n","protected":false},"excerpt":{"rendered":"<p>VER\u00d3NICA CODESAL, COMPO\u00d1ENTE DE&nbsp;IALMA, PRESENTA, O DOMINGO 12 DE NOVEMBRO, NA CASA-MUSEO MANUEL MAR\u00cdA O SEU PROXECTO,&nbsp;100 VOLTAS Faino acompa\u00f1ada do acordeonista belga Didier Laloy e o violinista italiano Damien [&hellip;]<\/p>\n","protected":false},"author":1,"featured_media":0,"comment_status":"open","ping_status":"open","sticky":false,"template":"","format":"standard","meta":{"_et_pb_use_builder":"","_et_pb_old_content":"","_et_gb_content_width":"","_jetpack_memberships_contains_paid_content":false,"footnotes":""},"categories":[23,7,6,57,1],"tags":[1919,190,1918,1917],"class_list":["post-14535","post","type-post","status-publish","format-standard","hentry","category-autoresas","category-creacion","category-novas","category-outras-artes","category-xeral","tag-100-voltas","tag-casa-museo-manuel-maria","tag-ialma","tag-veronica-codesal"],"jetpack_featured_media_url":"","jetpack_sharing_enabled":true,"_links":{"self":[{"href":"http:\/\/culturaliagz.com\/index.php?rest_route=\/wp\/v2\/posts\/14535","targetHints":{"allow":["GET"]}}],"collection":[{"href":"http:\/\/culturaliagz.com\/index.php?rest_route=\/wp\/v2\/posts"}],"about":[{"href":"http:\/\/culturaliagz.com\/index.php?rest_route=\/wp\/v2\/types\/post"}],"author":[{"embeddable":true,"href":"http:\/\/culturaliagz.com\/index.php?rest_route=\/wp\/v2\/users\/1"}],"replies":[{"embeddable":true,"href":"http:\/\/culturaliagz.com\/index.php?rest_route=%2Fwp%2Fv2%2Fcomments&post=14535"}],"version-history":[{"count":3,"href":"http:\/\/culturaliagz.com\/index.php?rest_route=\/wp\/v2\/posts\/14535\/revisions"}],"predecessor-version":[{"id":14539,"href":"http:\/\/culturaliagz.com\/index.php?rest_route=\/wp\/v2\/posts\/14535\/revisions\/14539"}],"wp:attachment":[{"href":"http:\/\/culturaliagz.com\/index.php?rest_route=%2Fwp%2Fv2%2Fmedia&parent=14535"}],"wp:term":[{"taxonomy":"category","embeddable":true,"href":"http:\/\/culturaliagz.com\/index.php?rest_route=%2Fwp%2Fv2%2Fcategories&post=14535"},{"taxonomy":"post_tag","embeddable":true,"href":"http:\/\/culturaliagz.com\/index.php?rest_route=%2Fwp%2Fv2%2Ftags&post=14535"}],"curies":[{"name":"wp","href":"https:\/\/api.w.org\/{rel}","templated":true}]}}