{"id":14442,"date":"2023-10-22T19:22:15","date_gmt":"2023-10-22T18:22:15","guid":{"rendered":"http:\/\/culturaliagz.com\/?p=14442"},"modified":"2023-10-22T20:47:04","modified_gmt":"2023-10-22T19:47:04","slug":"andrea-barreira-freije-gana-o-vii-premio-agustin-fernandez-paz-de-literatura-infantil-e-xuvenil-pola-igualdade-coa-obra-quen-precisa-unha-avoa","status":"publish","type":"post","link":"http:\/\/culturaliagz.com\/?p=14442","title":{"rendered":"Andrea Barreira Freije ga\u00f1a o VII Premio AGUST\u00cdN FERN\u00c1NDEZ PAZ de Literatura Infantil e Xuvenil pola Igualdade coa obra \u201cQuen precisa unha avoa?\u201d"},"content":{"rendered":"\n<p><\/p>\n\n\n\n<p><\/p>\n\n\n<div class=\"wp-block-image\">\n<figure class=\"aligncenter size-large\"><a href=\"http:\/\/culturaliagz.com\/wp-content\/uploads\/2023\/10\/IMG_1420.jpeg\" target=\"_blank\" rel=\"noreferrer noopener\"><img loading=\"lazy\" decoding=\"async\" width=\"1024\" height=\"683\" src=\"http:\/\/culturaliagz.com\/wp-content\/uploads\/2023\/10\/IMG_1420-1024x683.jpeg\" alt=\"\" class=\"wp-image-14446\" srcset=\"http:\/\/culturaliagz.com\/wp-content\/uploads\/2023\/10\/IMG_1420-980x653.jpeg 980w, http:\/\/culturaliagz.com\/wp-content\/uploads\/2023\/10\/IMG_1420-480x320.jpeg 480w\" sizes=\"auto, (min-width: 0px) and (max-width: 480px) 480px, (min-width: 481px) and (max-width: 980px) 980px, (min-width: 981px) 1024px, 100vw\" \/><\/a><\/figure>\n<\/div>\n\n\n<p><\/p>\n\n\n\n<p><\/p>\n\n\n\n<p class=\"has-text-align-justify\" style=\"font-size:16px\">O Xurado do VII Premio Agust\u00edn Fern\u00e1ndez Paz de narrativa infantil e xuvenil pola Igualdade, convocado polo <a href=\"https:\/\/estudoschairegos.gal\/\" target=\"_blank\" rel=\"noreferrer noopener\">Instituto de Estudos Chairegos<\/a>, o Concello de Vilalba e Edici\u00f3ns Xerais de Galicia, e formado por  Manuel Bragado Rodr\u00edguez, Beatriz Maceda Abeleira e Pablo Nogueira Campo acordou, por unanimidade, outorgar o&nbsp;<a href=\"https:\/\/estudoschairegos.gal\/andrea-barreira-freije-e-a-ganadora-do-vii-premio-agustin-fernandez-paz-de-narrativa-infantil-e-xuvenil-pola-igualdade\/\" target=\"_blank\" rel=\"noreferrer noopener\"><strong>VII Premio Agust\u00edn Fern\u00e1ndez Paz de narrativa infantil e xuvenil pola igualdade<\/strong>&nbsp;\u00e1 obra titulada&nbsp;<strong>QUEN PRECISA UNHA AVOA?<\/strong><\/a>, de Andrea Barreira Freije.<\/p>\n\n\n\n<p><\/p>\n\n\n\n<p><\/p>\n\n\n<a href=\"http:\/\/culturaliagz.com\/wp-content\/uploads\/2023\/10\/COMUNICADO-ditame-XURADO-VII-PREMIO-AFP-copia.pdf\" class=\"pdfemb-viewer\" style=\"\" data-width=\"max\" data-height=\"max\" data-toolbar=\"bottom\" data-toolbar-fixed=\"off\">COMUNICADO-ditame-XURADO-VII-PREMIO-AFP-copia<\/a>\n<p class=\"wp-block-pdfemb-pdf-embedder-viewer\"><\/p>\n\n\n\n<p><\/p>\n\n\n\n<p><\/p>\n\n\n\n<p><em>*<\/em>Autor\u00eda da imaxe:<em> Distrito Xermar (2022) <\/em>Fototeca da autora no Arquivo da AELG<\/p>\n\n\n\n<p><\/p>\n\n\n\n<p><br><\/p>\n\n\n\n<p><\/p>\n","protected":false},"excerpt":{"rendered":"<p>O Xurado do VII Premio Agust\u00edn Fern\u00e1ndez Paz de narrativa infantil e xuvenil pola Igualdade, convocado polo Instituto de Estudos Chairegos, o Concello de Vilalba e Edici\u00f3ns Xerais de Galicia, [&hellip;]<\/p>\n","protected":false},"author":1,"featured_media":0,"comment_status":"open","ping_status":"open","sticky":false,"template":"","format":"standard","meta":{"_et_pb_use_builder":"","_et_pb_old_content":"","_et_gb_content_width":"","_jetpack_memberships_contains_paid_content":false,"footnotes":""},"categories":[23,7,129,6,1],"tags":[1899,1900,1898],"class_list":["post-14442","post","type-post","status-publish","format-standard","hentry","category-autoresas","category-creacion","category-literaria","category-novas","category-xeral","tag-andrea-barreira-freije","tag-quen-precisa-unha-avoa","tag-vii-premio-agustin-fernandez-paz-de-literatura-infantil-e-xuvenil-pola-igualdade"],"jetpack_featured_media_url":"","jetpack_sharing_enabled":true,"_links":{"self":[{"href":"http:\/\/culturaliagz.com\/index.php?rest_route=\/wp\/v2\/posts\/14442","targetHints":{"allow":["GET"]}}],"collection":[{"href":"http:\/\/culturaliagz.com\/index.php?rest_route=\/wp\/v2\/posts"}],"about":[{"href":"http:\/\/culturaliagz.com\/index.php?rest_route=\/wp\/v2\/types\/post"}],"author":[{"embeddable":true,"href":"http:\/\/culturaliagz.com\/index.php?rest_route=\/wp\/v2\/users\/1"}],"replies":[{"embeddable":true,"href":"http:\/\/culturaliagz.com\/index.php?rest_route=%2Fwp%2Fv2%2Fcomments&post=14442"}],"version-history":[{"count":10,"href":"http:\/\/culturaliagz.com\/index.php?rest_route=\/wp\/v2\/posts\/14442\/revisions"}],"predecessor-version":[{"id":14463,"href":"http:\/\/culturaliagz.com\/index.php?rest_route=\/wp\/v2\/posts\/14442\/revisions\/14463"}],"wp:attachment":[{"href":"http:\/\/culturaliagz.com\/index.php?rest_route=%2Fwp%2Fv2%2Fmedia&parent=14442"}],"wp:term":[{"taxonomy":"category","embeddable":true,"href":"http:\/\/culturaliagz.com\/index.php?rest_route=%2Fwp%2Fv2%2Fcategories&post=14442"},{"taxonomy":"post_tag","embeddable":true,"href":"http:\/\/culturaliagz.com\/index.php?rest_route=%2Fwp%2Fv2%2Ftags&post=14442"}],"curies":[{"name":"wp","href":"https:\/\/api.w.org\/{rel}","templated":true}]}}