{"id":14420,"date":"2023-10-20T22:17:16","date_gmt":"2023-10-20T21:17:16","guid":{"rendered":"http:\/\/culturaliagz.com\/?p=14420"},"modified":"2023-10-20T22:17:19","modified_gmt":"2023-10-20T21:17:19","slug":"fronterizas-pecha-este-domingo-en-santiago-a-quinta-edicion-de-camino-escena-norte","status":"publish","type":"post","link":"http:\/\/culturaliagz.com\/?p=14420","title":{"rendered":"\u2018Fronterizas&#8217; pecha este domingo en Santiago a quinta edici\u00f3n de Cami\u00f1o Escena Norte"},"content":{"rendered":"\n<p><\/p>\n\n\n\n<p><\/p>\n\n\n<div class=\"wp-block-image\">\n<figure class=\"aligncenter size-large\"><a href=\"http:\/\/culturaliagz.com\/wp-content\/uploads\/2023\/10\/Fronterizas-\u00a9-Aureo-Gomez-1.jpeg\" target=\"_blank\" rel=\"noreferrer noopener\"><img loading=\"lazy\" decoding=\"async\" width=\"1024\" height=\"576\" src=\"http:\/\/culturaliagz.com\/wp-content\/uploads\/2023\/10\/Fronterizas-\u00a9-Aureo-Gomez-1-1024x576.jpeg\" alt=\"\" class=\"wp-image-14421\" srcset=\"http:\/\/culturaliagz.com\/wp-content\/uploads\/2023\/10\/Fronterizas-\u00a9-Aureo-Gomez-1-1024x576.jpeg 1024w, http:\/\/culturaliagz.com\/wp-content\/uploads\/2023\/10\/Fronterizas-\u00a9-Aureo-Gomez-1-300x169.jpeg 300w, http:\/\/culturaliagz.com\/wp-content\/uploads\/2023\/10\/Fronterizas-\u00a9-Aureo-Gomez-1-768x432.jpeg 768w, http:\/\/culturaliagz.com\/wp-content\/uploads\/2023\/10\/Fronterizas-\u00a9-Aureo-Gomez-1-1080x608.jpeg 1080w, http:\/\/culturaliagz.com\/wp-content\/uploads\/2023\/10\/Fronterizas-\u00a9-Aureo-Gomez-1-1280x720.jpeg 1280w, http:\/\/culturaliagz.com\/wp-content\/uploads\/2023\/10\/Fronterizas-\u00a9-Aureo-Gomez-1-980x551.jpeg 980w, http:\/\/culturaliagz.com\/wp-content\/uploads\/2023\/10\/Fronterizas-\u00a9-Aureo-Gomez-1-480x270.jpeg 480w, http:\/\/culturaliagz.com\/wp-content\/uploads\/2023\/10\/Fronterizas-\u00a9-Aureo-Gomez-1.jpeg 1500w\" sizes=\"auto, (max-width: 1024px) 100vw, 1024px\" \/><\/a><\/figure>\n<\/div>\n\n\n<p><\/p>\n\n\n\n<p><\/p>\n\n\n\n<p class=\"has-text-align-justify\"><strong><em>Fronterizas,<\/em>\u00a0da premiada bailarina e core\u00f3grafa brasileira Mari Paula, despide\u00a0este domingo 22\u00a0no Gai\u00e1s a quinta edici\u00f3n de Cami\u00f1o Escena Norte<\/strong><br><strong>A compa\u00f1\u00eda c\u00e1ntabra Mari Paula Danza &amp; Performance actuar\u00e1\u00a0este domingo 22, a partir das 19.00 horas, na Cidade da Cultura e, ao remate\u00a0da funci\u00f3n, celebrar\u00e1 un encontro co p\u00fablico da man de VACAburra\u00a0<\/strong><br><strong>As entradas para o espect\u00e1culo ser\u00e1n gratu\u00edtas, previa retirada\u00a0das mesmas a trav\u00e9s do portal en li\u00f1a\u00a0<a href=\"http:\/\/ataquilla.com\/\" target=\"_blank\" rel=\"noreferrer noopener\">ataquilla.com<\/a>\u00a0<\/strong><br><\/p>\n\n\n\n<p><\/p>\n\n\n<div class=\"wp-block-image\">\n<figure class=\"aligncenter size-large\"><a href=\"http:\/\/culturaliagz.com\/wp-content\/uploads\/2023\/10\/Fronterizas-\u00a9-Aureo-Gomez-2.jpeg\" target=\"_blank\" rel=\"noreferrer noopener\"><img loading=\"lazy\" decoding=\"async\" width=\"1024\" height=\"771\" src=\"http:\/\/culturaliagz.com\/wp-content\/uploads\/2023\/10\/Fronterizas-\u00a9-Aureo-Gomez-2-1024x771.jpeg\" alt=\"\" class=\"wp-image-14423\" srcset=\"http:\/\/culturaliagz.com\/wp-content\/uploads\/2023\/10\/Fronterizas-\u00a9-Aureo-Gomez-2-1024x771.jpeg 1024w, http:\/\/culturaliagz.com\/wp-content\/uploads\/2023\/10\/Fronterizas-\u00a9-Aureo-Gomez-2-300x226.jpeg 300w, http:\/\/culturaliagz.com\/wp-content\/uploads\/2023\/10\/Fronterizas-\u00a9-Aureo-Gomez-2-768x578.jpeg 768w, http:\/\/culturaliagz.com\/wp-content\/uploads\/2023\/10\/Fronterizas-\u00a9-Aureo-Gomez-2-1080x813.jpeg 1080w, http:\/\/culturaliagz.com\/wp-content\/uploads\/2023\/10\/Fronterizas-\u00a9-Aureo-Gomez-2-980x738.jpeg 980w, http:\/\/culturaliagz.com\/wp-content\/uploads\/2023\/10\/Fronterizas-\u00a9-Aureo-Gomez-2-480x361.jpeg 480w, http:\/\/culturaliagz.com\/wp-content\/uploads\/2023\/10\/Fronterizas-\u00a9-Aureo-Gomez-2.jpeg 1230w\" sizes=\"auto, (max-width: 1024px) 100vw, 1024px\" \/><\/a><\/figure>\n<\/div>\n\n\n<p><\/p>\n\n\n\n<p class=\"has-text-align-justify\"><a href=\"https:\/\/escenanorte.com\/gl\/\" target=\"_blank\" rel=\"noreferrer noopener\">Cami\u00f1o Escena Norte<\/a>, o programa de intercambio cultural a trav\u00e9s das artes esc\u00e9nicas entre Galicia, Asturias, Cantabria, Euskadi e Navarra, despedirase do p\u00fablico esta fin de semana. Ser\u00e1 co espect\u00e1culo<strong><em>\u00a0Fronterizas,<\/em>\u00a0da compa\u00f1\u00eda c\u00e1ntabra Mari Paula Danza &amp; Performance,\u00a0\u00e1s 19.00 horas deste\u00a0domingo, 22 de outubro<\/strong>, no Museo do Gai\u00e1s.\u00a0Os convites, gratu\u00edtos, p\u00f3dense retirar na plataforma\u00a0<a href=\"http:\/\/ataquilla.com\/\" target=\"_blank\" rel=\"noreferrer noopener\">ataquilla.com<\/a><br><br><strong><em>Fronterizas\u00a0<\/em><\/strong>\u00e9 unha obra autoficcional da bailarina, core\u00f3grafa e xestora cultural brasileira Mari Paula (Mariana de Paula Ferreira) na que se abordan temas como a loita, o cansancio ou a aceptaci\u00f3n do fracaso. Cunha estrutura narrativa non lineal,<em>\u00a0Fronterizas\u00a0<\/em>vislumbra un futuro a partir de anacos rotos do pasado e pecha, deste xeito, a trilox\u00eda integrada por<em> Retr\u00f3pic<\/em>a\u00a0(2017), peza coa que acadou en Brasil o Premio Nacional de Danza &#8211; Funarte Klauss Vianna, e\u00a0<em>Dev\u00f3rate<\/em>\u00a0(2019).\u00a0<\/p>\n\n\n\n<p class=\"has-text-align-justify\">A construci\u00f3n dramat\u00farxica rompe coa linguaxe e o corpo da artista para transportar ao p\u00fablico a unha experiencia na que a danza se fusiona co texto, coa luz e coa experimentaci\u00f3n sonora, creando imaxes dunha beleza cativadora ateigadas de simbolismos e reflexi\u00f3ns. \u201c<em>Fronterizas\u00a0<\/em>\u00e9 unha obra decolonial, non polo seu discurso, mais si porque pon en escena un corpo transmundano que desexa desestabilizar as l\u00f3xicas da produci\u00f3n\u201d, exp\u00f3n Mari Paula.\u00a0<br><br>Ao finalizar a funci\u00f3n,<strong>\u00a0Andrea Quintana e Gena Baamonde, da compa\u00f1\u00eda galega VACAburra, acompa\u00f1ar\u00e1n a Mari Paula nun encontro co p\u00fablic<\/strong>o. Previamente, a core\u00f3grafa participar\u00e1 nun encontro co alumnado da ESAD de Galicia, como parte da programaci\u00f3n expandida do CEN, nunha iniciativa que permite por en contacto ao alumnado das ensinanzas art\u00edsticas coas compa\u00f1\u00edas profesionais en xira.<\/p>\n\n\n\n<p><\/p>\n\n\n<a href=\"http:\/\/culturaliagz.com\/wp-content\/uploads\/2023\/10\/20231020-Camino-Escena-Norte-en-Santiago.pdf\" class=\"pdfemb-viewer\" style=\"\" data-width=\"max\" data-height=\"max\" data-toolbar=\"bottom\" data-toolbar-fixed=\"off\">20231020-Camino-Escena-Norte-en-Santiago<\/a>\n<p class=\"wp-block-pdfemb-pdf-embedder-viewer\"><\/p>\n\n\n\n<p><\/p>\n","protected":false},"excerpt":{"rendered":"<p>Fronterizas,\u00a0da premiada bailarina e core\u00f3grafa brasileira Mari Paula, despide\u00a0este domingo 22\u00a0no Gai\u00e1s a quinta edici\u00f3n de Cami\u00f1o Escena NorteA compa\u00f1\u00eda c\u00e1ntabra Mari Paula Danza &amp; Performance actuar\u00e1\u00a0este domingo 22, a [&hellip;]<\/p>\n","protected":false},"author":1,"featured_media":0,"comment_status":"open","ping_status":"open","sticky":false,"template":"","format":"standard","meta":{"_et_pb_use_builder":"","_et_pb_old_content":"","_et_gb_content_width":"","_jetpack_memberships_contains_paid_content":false,"footnotes":""},"categories":[23,7,6,57,1],"tags":[1282,1884,1895,1896],"class_list":["post-14420","post","type-post","status-publish","format-standard","hentry","category-autoresas","category-creacion","category-novas","category-outras-artes","category-xeral","tag-camino-escena-norte","tag-fronterizas","tag-mari-paulaperformance","tag-vacaburra"],"jetpack_featured_media_url":"","jetpack_sharing_enabled":true,"_links":{"self":[{"href":"http:\/\/culturaliagz.com\/index.php?rest_route=\/wp\/v2\/posts\/14420","targetHints":{"allow":["GET"]}}],"collection":[{"href":"http:\/\/culturaliagz.com\/index.php?rest_route=\/wp\/v2\/posts"}],"about":[{"href":"http:\/\/culturaliagz.com\/index.php?rest_route=\/wp\/v2\/types\/post"}],"author":[{"embeddable":true,"href":"http:\/\/culturaliagz.com\/index.php?rest_route=\/wp\/v2\/users\/1"}],"replies":[{"embeddable":true,"href":"http:\/\/culturaliagz.com\/index.php?rest_route=%2Fwp%2Fv2%2Fcomments&post=14420"}],"version-history":[{"count":2,"href":"http:\/\/culturaliagz.com\/index.php?rest_route=\/wp\/v2\/posts\/14420\/revisions"}],"predecessor-version":[{"id":14425,"href":"http:\/\/culturaliagz.com\/index.php?rest_route=\/wp\/v2\/posts\/14420\/revisions\/14425"}],"wp:attachment":[{"href":"http:\/\/culturaliagz.com\/index.php?rest_route=%2Fwp%2Fv2%2Fmedia&parent=14420"}],"wp:term":[{"taxonomy":"category","embeddable":true,"href":"http:\/\/culturaliagz.com\/index.php?rest_route=%2Fwp%2Fv2%2Fcategories&post=14420"},{"taxonomy":"post_tag","embeddable":true,"href":"http:\/\/culturaliagz.com\/index.php?rest_route=%2Fwp%2Fv2%2Ftags&post=14420"}],"curies":[{"name":"wp","href":"https:\/\/api.w.org\/{rel}","templated":true}]}}