{"id":14403,"date":"2023-10-18T21:39:09","date_gmt":"2023-10-18T20:39:09","guid":{"rendered":"http:\/\/culturaliagz.com\/?p=14403"},"modified":"2023-10-18T21:39:12","modified_gmt":"2023-10-18T20:39:12","slug":"vicky-luengo-kulunka-teatro-e-diego-anido-pratos-fortes-na-cuarta-fin-de-semana-do-fiot","status":"publish","type":"post","link":"http:\/\/culturaliagz.com\/?p=14403","title":{"rendered":"Vicky Luengo, Kulunka Teatro e Diego Anido, pratos fortes na cuarta fin de semana do FIOT"},"content":{"rendered":"\n<p><\/p>\n\n\n<div class=\"wp-block-image\">\n<figure class=\"aligncenter size-large\"><a href=\"http:\/\/culturaliagz.com\/wp-content\/uploads\/2023\/10\/Forever_1.jpeg\" target=\"_blank\" rel=\"noreferrer noopener\"><img loading=\"lazy\" decoding=\"async\" width=\"683\" height=\"1024\" src=\"http:\/\/culturaliagz.com\/wp-content\/uploads\/2023\/10\/Forever_1-683x1024.jpeg\" alt=\"\" class=\"wp-image-14404\"\/><\/a><\/figure>\n<\/div>\n\n\n<p><\/p>\n\n\n\n<p class=\"has-text-align-justify\"><strong>O Programa de Sala do 32\u00ba Festival Internacional Outono de Teatro acolle as estreas en Galicia de&nbsp;<em>Forever<\/em>&nbsp;o&nbsp;s\u00e1bado 21&nbsp;e de<em>&nbsp;Prima Facie<\/em>, o fen\u00f3meno esc\u00e9nico da tempada, o&nbsp;domingo 22<\/strong><\/p>\n\n\n\n<p class=\"has-text-align-justify\"><strong>A funci\u00f3n de&nbsp;<em>O deus do pop<\/em>, creaci\u00f3n de Anido (<em>As Bestas, O Corno<\/em>) galardoada con dous premios Mar\u00eda Casares, ter\u00e1 lugar o xoves 19, \u00e1s 21.00 horas, no Auditorio do Pazo da Cultura<\/strong><\/p>\n\n\n\n<p class=\"has-text-align-justify\"><strong>A R\u00faa dos Contos acolle o&nbsp;s\u00e1bado 21&nbsp;a estrea galega de&nbsp;<em>La maja y la mona (o viceversa<\/em>), con Maribel Salas e Susana Soleto, mentres que o Metro Cadrado ser\u00e1 o marco no que te\u00f1an lugar as estreas absolutas de&nbsp;<em>Ningu\u00e9n tira fotos nos enterros<\/em>, de Carlota Mosquera, e&nbsp;<em>DestilaPracer,<\/em>de Espazo Vac\u00edo<\/strong><\/p>\n\n\n\n<p class=\"has-text-align-justify\"><strong>A programaci\u00f3n do FIOT en Ruta levar\u00e1&nbsp;<em>Iphixenia na porta do super,<\/em>&nbsp;unha versi\u00f3n contempor\u00e1nea do mito de Eur\u00edpides, ao Centro social de Sof\u00e1n o vindeiro&nbsp;domingo 22&nbsp;<\/strong><\/p>\n\n\n\n<p><br><\/p>\n\n\n\n<figure class=\"wp-block-gallery has-nested-images columns-default is-cropped wp-block-gallery-1 is-layout-flex wp-block-gallery-is-layout-flex\">\n<figure class=\"wp-block-image size-large\"><a href=\"http:\/\/culturaliagz.com\/wp-content\/uploads\/2023\/10\/MAS_5173.jpeg\" target=\"_blank\" rel=\"noreferrer noopener\"><img loading=\"lazy\" decoding=\"async\" width=\"1024\" height=\"683\" data-id=\"14408\" src=\"http:\/\/culturaliagz.com\/wp-content\/uploads\/2023\/10\/MAS_5173-1024x683.jpeg\" alt=\"\" class=\"wp-image-14408\" srcset=\"http:\/\/culturaliagz.com\/wp-content\/uploads\/2023\/10\/MAS_5173-1024x683.jpeg 1024w, http:\/\/culturaliagz.com\/wp-content\/uploads\/2023\/10\/MAS_5173-980x653.jpeg 980w, http:\/\/culturaliagz.com\/wp-content\/uploads\/2023\/10\/MAS_5173-480x320.jpeg 480w\" sizes=\"auto, (min-width: 0px) and (max-width: 480px) 480px, (min-width: 481px) and (max-width: 980px) 980px, (min-width: 981px) 1024px, 100vw\" \/><\/a><\/figure>\n\n\n\n<figure class=\"wp-block-image size-large\"><a href=\"http:\/\/culturaliagz.com\/wp-content\/uploads\/2023\/10\/O-deus-do-pop_3.jpeg\" target=\"_blank\" rel=\"noreferrer noopener\"><img loading=\"lazy\" decoding=\"async\" width=\"570\" height=\"707\" data-id=\"14406\" src=\"http:\/\/culturaliagz.com\/wp-content\/uploads\/2023\/10\/O-deus-do-pop_3.jpeg\" alt=\"\" class=\"wp-image-14406\" srcset=\"http:\/\/culturaliagz.com\/wp-content\/uploads\/2023\/10\/O-deus-do-pop_3.jpeg 570w, http:\/\/culturaliagz.com\/wp-content\/uploads\/2023\/10\/O-deus-do-pop_3-480x595.jpeg 480w\" sizes=\"auto, (min-width: 0px) and (max-width: 480px) 480px, (min-width: 481px) 570px, 100vw\" \/><\/a><\/figure>\n\n\n\n<figure class=\"wp-block-image size-large\"><a href=\"http:\/\/culturaliagz.com\/wp-content\/uploads\/2023\/10\/prima_facie_promo_03.jpeg\" target=\"_blank\" rel=\"noreferrer noopener\"><img loading=\"lazy\" decoding=\"async\" width=\"751\" height=\"1024\" data-id=\"14407\" src=\"http:\/\/culturaliagz.com\/wp-content\/uploads\/2023\/10\/prima_facie_promo_03-751x1024.jpeg\" alt=\"\" class=\"wp-image-14407\"\/><\/a><\/figure>\n<\/figure>\n\n\n\n<p><\/p>\n\n\n\n<p><\/p>\n\n\n\n<p class=\"has-text-align-justify\">O <a href=\"https:\/\/fiot.gal\/\" target=\"_blank\" rel=\"noreferrer noopener\">32\u00ba Festival Internacional Outono de Teatro de Carballo<\/a> dar\u00e1 conta, na s\u00faa cuarta fin de semana, da s\u00faa aposta polas voces singulares e o compromiso social, as\u00ed como\u00a0\u00a0pola apertura de x\u00e9neros e linguaxes diversas, coa programaci\u00f3n, entre este xoves 19 e o\u00a0domingo 22, de varios dos pratos fortes desta edici\u00f3n:\u00a0<strong>Vicky Luengo,<\/strong>\u00a0co multipremiado texto de Suzie Miller\u00a0<strong><em>Prima Facie<\/em><\/strong>;\u00a0\u00a0a compa\u00f1\u00eda vasca\u00a0<strong>Kulunka Teatro\u00a0<\/strong>e a s\u00faa nova creaci\u00f3n,<em>\u00a0Forever<\/em>; a \u00faltima peza de<strong>\u00a0Diego Anido<\/strong>\u00a0(<em>As Bestas, O Corno<\/em>), que foi premiada con dous premios Mar\u00eda Casares 2023; o regreso do mito de Iphixenia ao festival, entre outras propostas, ser\u00e1n algunhas das citas imprescindibles destes d\u00edas.\u00a0<\/p>\n\n\n\n<p class=\"has-text-align-justify\">A semana comezar\u00e1 o xoves 19 coa presentaci\u00f3n, en Carballo, de<strong>\u00a0<em>O Deus do Pop,<\/em>\u00a0a quinta creaci\u00f3n de Diego Anido,<\/strong> actor galego de plena actualidade polo seu \u00e9xito en filmes como\u00a0<em>As bestas\u00a0<\/em>(finalista nos Premios Goya e ga\u00f1ador do Premio da Uni\u00f3n de Actores ao actor revelaci\u00f3n) ou a recente\u00a0<em>O corno\u00a0<\/em>(ga\u00f1adora da Cuncha de Ouro en San Sebasti\u00e1n). Nesta proposta, e desde o humor absurdo e a tenrura, Diego Anido presenta unha autobiograf\u00eda inventada, entre a Galicia dos 80 e unha estrela do pop americana. O texto, a danza a m\u00fasica e o clown conviven cunha depurada dramaturxia froito dun longo proceso de creaci\u00f3n persoal, no que estivo acompa\u00f1ado por un amplo equipo (V\u00edctor Dupl\u00e1, Carmen Tri\u00f1anes, Montse Pinheiro ou Guillermo Weickert, entre outros nomes), e cuxo traballo tanto en iluminaci\u00f3n coma en movemento foi reco\u00f1ecido con dous premios Mar\u00eda Casares.\u00a0<strong><em>O deus do pop,<\/em><\/strong>\u00a0enmarcado no ciclo OTNI, presentarase no Auditorio do Pazo da Cultura o xoves 19, \u00e1s\u00a021.00h.\u00a0<\/p>\n\n\n\n<p class=\"has-text-align-justify\">O&nbsp;s\u00e1bado 21&nbsp;ser\u00e1 a quenda de&nbsp;<strong>Kulunka Teatro<\/strong>. Baixo a direcci\u00f3n de&nbsp;<strong>I\u00f1aki Rekarte<\/strong>&nbsp;(galardoado nos Premios Max 2023 polo seu traballo en&nbsp;<em>Supernormales<\/em>, e quen tam\u00e9n asume a dramaturxia desta peza xunto cos int\u00e9rpretes Garbi\u00f1e Insausti, Jos\u00e9 Dault e Edu C\u00e1rcamo), a compa\u00f1\u00eda vasca regresa ao FIOT dando boa conta do seu virtuosismo coa linguaxe das m\u00e1scaras. Combinando tenrura e crueza, Kulunka presenta&nbsp;<strong><em>Forever,<\/em><\/strong>&nbsp;unha fermosa e profunda traxicomedia, coproducida polo Centro Dram\u00e1tico Nacional, que reflicte con humor, iron\u00eda e emoci\u00f3n as contradicci\u00f3ns do amor.&nbsp;<strong><em>Forever&nbsp;<\/em><\/strong>pon o foco sobre cuesti\u00f3ns como a maternidade, a educaci\u00f3n, a sexualidade ou a violencia, e reflexiona ata onde a incomunicaci\u00f3n pode arrastrar e afondar na dor dunha familia.&nbsp;<\/p>\n\n\n\n<p class=\"has-text-align-justify\">Outra das estreas en territorio galego, mais xa no marco da R\u00faa dos Contos, ter\u00e1 lugar na noite do mesmo&nbsp;s\u00e1bado 21. Chegadas desde Euskadi, as mestras do humor&nbsp;<strong>Maribel Salas e Susana Soleto<\/strong>presentar\u00e1n&nbsp;<strong><em>La maja y la mona (o vicecersa)<\/em>,<\/strong>&nbsp;creaci\u00f3n que nace a partir de textos de Yolanda Garc\u00eda Serrano. A partir das 23.00 horas, o mercado municipal vivir\u00e1 unha catarse colectiva na que, desde a risa, o p\u00fablico reflexionar\u00e1 sobre a condici\u00f3n da muller na sociedade actual. A amizade, a hipocris\u00eda, a imaxe est\u00e9tica ou o feminismo son alg\u00fans dos temas que aflorar\u00e1n ao longo desta comedia \u00e1xil e de humor garantido.&nbsp;<\/p>\n\n\n\n<p class=\"has-text-align-justify\">O&nbsp;domingo 22&nbsp;chegar\u00e1 un dos pratos fortes deste FIOT32: a estrea en Galicia do fen\u00f3meno esc\u00e9nico da tempada madrile\u00f1a,&nbsp;<strong><em>Prima Facie<\/em><\/strong>. O director peruano Juan Carlos Fischer adapta o exitoso texto de&nbsp;<strong>Suzie Miller&nbsp;<\/strong>na versi\u00f3n en espa\u00f1ol deste texto, logo do seu grande \u00e9xito en Londres e Broadway. Unha adaptaci\u00f3n na que sobresae a interpretaci\u00f3n de<strong>&nbsp;Vicky Luengo<\/strong>, unha das actrices m\u00e1is reco\u00f1ecidas na actualidade, quen se pon na pel de Tessa, a brillante avogada a quen lle cambia a vida para sempre logo dun impactante acontecemento. A protagonista enfrentarase a todo aquilo no que m\u00e1is cre para encontrar xustiza e sacar do cami\u00f1o o que non lle permite ver e descubrir a verdade. Vertixinosa, intelixente e conmovedora,&nbsp;<strong><em>Prima Facie&nbsp;<\/em><\/strong>reta ao p\u00fablico a cuestionar os seus paradigmas. As entradas para a funci\u00f3n, que comezar\u00e1 \u00e1s 20.30 horas, est\u00e1n xa esgotadas.&nbsp;<\/p>\n\n\n\n<p><strong>Novas estreas absolutas en Metro Cadrado<\/strong><\/p>\n\n\n\n<p class=\"has-text-align-justify\">O&nbsp;s\u00e1bado 21&nbsp;ter\u00e1 lugar a segunda xornada do VII Certame de Micro-Escenas Metro Cadrado. Desta quenda, o microteatro ofrecer\u00e1&nbsp;<strong>d\u00faas estreas absolutas<\/strong>&nbsp;noutras tantas localizaci\u00f3ns singulares e pouco habituais para as representaci\u00f3ns esc\u00e9nicas, como o son a sala com\u00fan do Balneario de Carballo ou na tenda especializada en produtos gourmet Adega O\u2019Lagar.&nbsp;<\/p>\n\n\n\n<p class=\"has-text-align-justify\">No balneario da r\u00faa Estrela, a creadora e int\u00e9rprete Carlota Mosquera presentar\u00e1\u00a0<strong><em>Ningu\u00e9n tira fotos nos enterros<\/em>,<\/strong>\u00a0un conto interactivo que reflexiona arredor do imaxinario colectivo da morte e que pon no centro aquelas miradas que, se cadra, desde o mundo adulto protexemos: as miradas da infancia. Pola s\u00faa banda, a compa\u00f1\u00eda Espazo Vac\u00edo representar\u00e1 na tenda da r\u00faa Valle Incl\u00e1n, por vez primeira,\u00a0<strong><em>DestilaPracer,<\/em><\/strong>\u00a0unha proposta que nos convida a comprender o mundo desde a aceptaci\u00f3n do corpo coma elemento puro e est\u00e9tico, e non coma un mero obxecto. Ambos espect\u00e1culos, cuxo acceso ser\u00e1 gratu\u00edto previa reserva de praza en\u00a0<a href=\"mailto:fiot.microteatroentrada@gmail.com\" target=\"_blank\" rel=\"noreferrer noopener\">fiot.microteatroentrada@gmail.com<\/a>, contar\u00e1n con catro pases no d\u00eda:\u00a0\u00e1s 12h,\u00a0\u00e1s 13h,\u00a0\u00e1s 18h\u00a0e\u00a0\u00e1s 19h.\u00a0<\/p>\n\n\n\n<p><strong>Iphixenia chega a Sof\u00e1n<\/strong><\/p>\n\n\n\n<p class=\"has-text-align-justify\">O&nbsp;domingo 22, \u00e1s 19.00 horas, o Centro Social de Sof\u00e1n acoller\u00e1 a representaci\u00f3n&nbsp;<strong><em>Iphixenia na porta do super,<\/em>&nbsp;da Compa\u00f1\u00eda Humana<\/strong>, que trae o mito de Eur\u00edpides aos nosos d\u00edas a trav\u00e9s dunha moza, interpretada por Alba Canedo, que pasa os seus d\u00edas inmersa nun bucle de alcohol e apat\u00eda mentres que deambula polas r\u00faas da s\u00faa vila. Esta Iphixenia presentar\u00e1 un conmovedor mon\u00f3lgo sobre as consecuencias dos recortes sociais. Unha historia de sacrificio, dignidade e esperanza que chega ao FIOT coa colaboraci\u00f3n das ascoaciaci\u00f3ns de veci\u00f1os San Salvador e Mulleres Rurais de Sof\u00e1n.&nbsp;<\/p>\n\n\n\n<p class=\"has-text-align-justify\">O mito de Iphixenia, adaptado ao galego a partir do texto do ingl\u00e9s Gary Owen -co\u00f1ecido polo p\u00fablico do festival, quen outorgou o Premio do P\u00fablico 2018 \u00e1 peza Iphigenia en Vallecas, interpretada por aquel ent\u00f3n por Mar\u00eda Herv\u00e1s-, regresa as\u00ed \u00e1 s\u00faa programaci\u00f3n, desta quenda da man do&nbsp;<strong>FIOT en Ruta,<\/strong>&nbsp;a li\u00f1a do programa que leva as artes esc\u00e9nicas \u00e1s parroquias da comarca de Berganti\u00f1os.&nbsp;<\/p>\n\n\n\n<p><strong>AXENDA #FIOT32 | DO 19 AO&nbsp;22 DE OUTUBRO<\/strong><\/p>\n\n\n\n<p><br><strong>Todos os d\u00edas, de 16.00 a 21.00 horas. Sala de exposici\u00f3ns do Pazo da Cultura (andar -1)<br><\/strong><em>Vida e legado de Carlos \u2018O Xestal\u2019<\/em><\/p>\n\n\n\n<p class=\"has-text-align-justify\"><strong>Xoves 19,&nbsp;20.30h. Pazo da Cultura (andar 0)<br><\/strong>Foto cos participantes da exposici\u00f3n Zoom FIOT 2022, coa presenza da concelleira de Cultura, Maruxa Su\u00e1rez, e o director do FIOT, Alberto Sueiro<\/p>\n\n\n\n<p><strong>Xoves 19, 21.00 horas. Auditorio do Pazo da Cultura<br><\/strong><em>O deus do pop,<\/em>&nbsp;de Diego Anido<\/p>\n\n\n\n<p><strong>S\u00e1bado 21, 12.00, 13.00, 18.00 e 19.00 horas. Balneario de Carballo<br><\/strong><em>Ningu\u00e9n tira fotos nos enterros,<\/em>&nbsp;de Carlota Mosquera |&nbsp;<em>Estrea absoluta<br><br><\/em><strong>S\u00e1bado 21, 12.00, 13.00, 18.00 e 19.00 horas. Adega O\u2019Lagar<br><\/strong><em>DestilaPracer,&nbsp;<\/em>de Espazo Vac\u00edo |&nbsp;<em>Estrea absoluta<br><br><\/em><strong>S\u00e1bado 21, 20.30 horas. Auditorio do Pazo da Cultura<br><\/strong><em>Forever<\/em>, de Kulunka Teatro |&nbsp;<em>Estrea en Galicia<\/em><\/p>\n\n\n\n<p><strong>S\u00e1bado 21, 23.00 horas. Mercado municipal<br><\/strong><em>La maja y la mona (o viceversa)<\/em>, de Maribel Salas e Susana Soleto |&nbsp;<em>Estrea en Galicia<\/em><\/p>\n\n\n\n<p><strong>Domingo 22, 19.00 horas. Centro social de Sof\u00e1n<br><\/strong><em>Iphixenia na porta do s\u00faper,<\/em>\u00a0de Compa\u00f1\u00eda Humana<br><br><strong>Domingo 22, 20.30 horas. Pazo da Cultura<br><\/strong><em>Prima Facie,<\/em>\u00a0de P. T. Contempor\u00e1neas |\u00a0<em>Estrea en Galicia<\/em><\/p>\n\n\n\n<p><\/p>\n\n\n<a href=\"http:\/\/culturaliagz.com\/wp-content\/uploads\/2023\/10\/20231018-NP-FIOT32-Vicky-Luengo-Kulunka-e-Diego-Anido-no-FIOT.pdf\" class=\"pdfemb-viewer\" style=\"\" data-width=\"max\" data-height=\"max\" data-toolbar=\"bottom\" data-toolbar-fixed=\"off\">20231018-NP-FIOT32-Vicky-Luengo-Kulunka-e-Diego-Anido-no-FIOT<\/a>\n<p class=\"wp-block-pdfemb-pdf-embedder-viewer\"><\/p>\n\n\n\n<p><\/p>\n","protected":false},"excerpt":{"rendered":"<p>O Programa de Sala do 32\u00ba Festival Internacional Outono de Teatro acolle as estreas en Galicia de&nbsp;Forever&nbsp;o&nbsp;s\u00e1bado 21&nbsp;e de&nbsp;Prima Facie, o fen\u00f3meno esc\u00e9nico da tempada, o&nbsp;domingo 22 A funci\u00f3n de&nbsp;O [&hellip;]<\/p>\n","protected":false},"author":1,"featured_media":0,"comment_status":"open","ping_status":"open","sticky":false,"template":"","format":"standard","meta":{"_et_pb_use_builder":"","_et_pb_old_content":"","_et_gb_content_width":"","_jetpack_memberships_contains_paid_content":false,"footnotes":""},"categories":[23,7,6,57,1],"tags":[1892,1801,1887,1893,1890,1889,1888],"class_list":["post-14403","post","type-post","status-publish","format-standard","hentry","category-autoresas","category-creacion","category-novas","category-outras-artes","category-xeral","tag-destilapracer","tag-fiot32","tag-forever","tag-iphixenia-na-porta-do-super","tag-la-maja-o-la-mona-o-viceversa","tag-o-deus-do-pop","tag-prima-facie"],"jetpack_featured_media_url":"","jetpack_sharing_enabled":true,"_links":{"self":[{"href":"http:\/\/culturaliagz.com\/index.php?rest_route=\/wp\/v2\/posts\/14403","targetHints":{"allow":["GET"]}}],"collection":[{"href":"http:\/\/culturaliagz.com\/index.php?rest_route=\/wp\/v2\/posts"}],"about":[{"href":"http:\/\/culturaliagz.com\/index.php?rest_route=\/wp\/v2\/types\/post"}],"author":[{"embeddable":true,"href":"http:\/\/culturaliagz.com\/index.php?rest_route=\/wp\/v2\/users\/1"}],"replies":[{"embeddable":true,"href":"http:\/\/culturaliagz.com\/index.php?rest_route=%2Fwp%2Fv2%2Fcomments&post=14403"}],"version-history":[{"count":2,"href":"http:\/\/culturaliagz.com\/index.php?rest_route=\/wp\/v2\/posts\/14403\/revisions"}],"predecessor-version":[{"id":14410,"href":"http:\/\/culturaliagz.com\/index.php?rest_route=\/wp\/v2\/posts\/14403\/revisions\/14410"}],"wp:attachment":[{"href":"http:\/\/culturaliagz.com\/index.php?rest_route=%2Fwp%2Fv2%2Fmedia&parent=14403"}],"wp:term":[{"taxonomy":"category","embeddable":true,"href":"http:\/\/culturaliagz.com\/index.php?rest_route=%2Fwp%2Fv2%2Fcategories&post=14403"},{"taxonomy":"post_tag","embeddable":true,"href":"http:\/\/culturaliagz.com\/index.php?rest_route=%2Fwp%2Fv2%2Ftags&post=14403"}],"curies":[{"name":"wp","href":"https:\/\/api.w.org\/{rel}","templated":true}]}}