{"id":14264,"date":"2023-10-03T21:51:42","date_gmt":"2023-10-03T20:51:42","guid":{"rendered":"http:\/\/culturaliagz.com\/?p=14264"},"modified":"2023-10-03T22:25:15","modified_gmt":"2023-10-03T21:25:15","slug":"programa-conece-a-tua-provincia-ruta-a-sober-organizada-polo-iescha","status":"publish","type":"post","link":"http:\/\/culturaliagz.com\/?p=14264","title":{"rendered":"Programa &#8220;Co\u00f1oce a t\u00faa provincia: Ruta a Sober&#8221; organizada polo IESCHA"},"content":{"rendered":"\n<p><\/p>\n\n\n\n<p><\/p>\n\n\n<div class=\"wp-block-image\">\n<figure class=\"aligncenter size-large\"><a href=\"http:\/\/culturaliagz.com\/wp-content\/uploads\/2023\/10\/CARTAZ-copia.jpg\" target=\"_blank\" rel=\"noreferrer noopener\"><img loading=\"lazy\" decoding=\"async\" width=\"1024\" height=\"1024\" src=\"http:\/\/culturaliagz.com\/wp-content\/uploads\/2023\/10\/CARTAZ-copia-1024x1024.jpg\" alt=\"\" class=\"wp-image-14265\" srcset=\"http:\/\/culturaliagz.com\/wp-content\/uploads\/2023\/10\/CARTAZ-copia-980x980.jpg 980w, http:\/\/culturaliagz.com\/wp-content\/uploads\/2023\/10\/CARTAZ-copia-480x480.jpg 480w\" sizes=\"auto, (min-width: 0px) and (max-width: 480px) 480px, (min-width: 481px) and (max-width: 980px) 980px, (min-width: 981px) 1024px, 100vw\" \/><\/a><\/figure>\n<\/div>\n\n\n<p><\/p>\n\n\n\n<p><\/p>\n\n\n\n<p class=\"has-text-align-justify\" style=\"font-size:15px\">O <a rel=\"noreferrer noopener\" href=\"https:\/\/estudoschairegos.gal\/\" target=\"_blank\">IESCHA <\/a>organiza a realizaci\u00f3n da <em>Ruta a Sober<\/em>, dentro do programa <strong><a rel=\"noreferrer noopener\" href=\"https:\/\/estudoschairegos.gal\/conece-a-tua-provincia-ruta-10-sober-programa-convocado-pola-deputacion-de-lugo-martes-24-de-outubro-de-2023-saida-as-900-horas-da-casa-da-cultura-de-vilalba\/\" target=\"_blank\">Co\u00f1ece a t\u00faa provincia<\/a><\/strong>, convocado pola Deputaci\u00f3n de Lugo, prevista para o d\u00eda 24 de outubro de 2023. E o prazo  para apuntarse permanecer\u00e1 aberto ata o 16-10-2023.<\/p>\n","protected":false},"excerpt":{"rendered":"<p>O IESCHA organiza a realizaci\u00f3n da Ruta a Sober, dentro do programa Co\u00f1ece a t\u00faa provincia, convocado pola Deputaci\u00f3n de Lugo, prevista para o d\u00eda 24 de outubro de 2023. [&hellip;]<\/p>\n","protected":false},"author":1,"featured_media":0,"comment_status":"open","ping_status":"open","sticky":false,"template":"","format":"standard","meta":{"_et_pb_use_builder":"","_et_pb_old_content":"","_et_gb_content_width":"","_jetpack_memberships_contains_paid_content":false,"footnotes":""},"categories":[23,7,6,57,1],"tags":[75,234,1855,1856],"class_list":["post-14264","post","type-post","status-publish","format-standard","hentry","category-autoresas","category-creacion","category-novas","category-outras-artes","category-xeral","tag-deputacion-de-lugo","tag-iescha","tag-programa-conece-a-tua-provincia","tag-ruta-a-sober"],"jetpack_featured_media_url":"","jetpack_sharing_enabled":true,"_links":{"self":[{"href":"http:\/\/culturaliagz.com\/index.php?rest_route=\/wp\/v2\/posts\/14264","targetHints":{"allow":["GET"]}}],"collection":[{"href":"http:\/\/culturaliagz.com\/index.php?rest_route=\/wp\/v2\/posts"}],"about":[{"href":"http:\/\/culturaliagz.com\/index.php?rest_route=\/wp\/v2\/types\/post"}],"author":[{"embeddable":true,"href":"http:\/\/culturaliagz.com\/index.php?rest_route=\/wp\/v2\/users\/1"}],"replies":[{"embeddable":true,"href":"http:\/\/culturaliagz.com\/index.php?rest_route=%2Fwp%2Fv2%2Fcomments&post=14264"}],"version-history":[{"count":5,"href":"http:\/\/culturaliagz.com\/index.php?rest_route=\/wp\/v2\/posts\/14264\/revisions"}],"predecessor-version":[{"id":14271,"href":"http:\/\/culturaliagz.com\/index.php?rest_route=\/wp\/v2\/posts\/14264\/revisions\/14271"}],"wp:attachment":[{"href":"http:\/\/culturaliagz.com\/index.php?rest_route=%2Fwp%2Fv2%2Fmedia&parent=14264"}],"wp:term":[{"taxonomy":"category","embeddable":true,"href":"http:\/\/culturaliagz.com\/index.php?rest_route=%2Fwp%2Fv2%2Fcategories&post=14264"},{"taxonomy":"post_tag","embeddable":true,"href":"http:\/\/culturaliagz.com\/index.php?rest_route=%2Fwp%2Fv2%2Ftags&post=14264"}],"curies":[{"name":"wp","href":"https:\/\/api.w.org\/{rel}","templated":true}]}}