{"id":14186,"date":"2023-09-24T01:55:09","date_gmt":"2023-09-24T00:55:09","guid":{"rendered":"http:\/\/culturaliagz.com\/?p=14186"},"modified":"2023-09-24T02:01:09","modified_gmt":"2023-09-24T01:01:09","slug":"alex-pernas-publica-o-seu-novo-libro-de-entre-as-tebras","status":"publish","type":"post","link":"http:\/\/culturaliagz.com\/?p=14186","title":{"rendered":"Alex Pernas publica o seu novo libro \u2018De entre as tebras\u2019"},"content":{"rendered":"\n<p><\/p>\n\n\n<div class=\"wp-block-image\">\n<figure class=\"aligncenter size-large\"><a href=\"http:\/\/culturaliagz.com\/wp-content\/uploads\/2023\/09\/DeEntreAsTebrasPortada-scaled.jpg\" target=\"_blank\" rel=\"noreferrer noopener\"><img loading=\"lazy\" decoding=\"async\" width=\"661\" height=\"1024\" src=\"http:\/\/culturaliagz.com\/wp-content\/uploads\/2023\/09\/DeEntreAsTebrasPortada-661x1024.jpg\" alt=\"\" class=\"wp-image-14187\"\/><\/a><\/figure>\n<\/div>\n\n\n<p><\/p>\n\n\n\n<p><\/p>\n\n\n\n<p class=\"has-text-align-justify\" style=\"font-size:16px\"><em>Ao longo de 19 relatos, o autor fai un percorrido por toda a xeograf\u00eda galega tendo coma punto de uni\u00f3n as diferentes lendas da nosa mitolox\u00eda.<\/em><\/p>\n\n\n\n<p class=\"has-text-align-justify\">Trala publicaci\u00f3n da novela&nbsp;<em>Xarfas<\/em>&nbsp;no ano 2018 e do libro de relatos&nbsp;<em>A&nbsp;<\/em><em>Paga<\/em>&nbsp;no 2022, o autor volve editar un conxunto de relatos de cara ao pr\u00f3ximo Sama\u00edn, constru\u00eddos desta volta arredor da mitolox\u00eda galega. En cada un dos textos poder\u00e9monos atopar con seres tan co\u00f1ecidos coma a Compa\u00f1a ou as meigas, coa particularidade de que, neste caso, o autor aprox\u00edmase aos mesmos dende un punto realista en lugar dun fantasioso.<\/p>\n\n\n\n<p class=\"has-text-align-justify\">As p\u00e1xinas do libro far\u00e1n un percorrido a trav\u00e9s do tempo por toda a xeograf\u00eda galega, lev\u00e1ndonos por diversas vilas e cidades, dende os Ancares ata A Guarda, e con relatos ambientados tanto na actualidade coma no pasado. Ao percorrido xeogr\u00e1fico \u00fanese un ling\u00fc\u00edstico: cada unha das personaxes fala no dialecto propio da s\u00faa zona, convert\u00e9ndose o seseo, a gheada, ou o che\u00edsmo nunha constante nos textos.<\/p>\n\n\n\n<p class=\"has-text-align-justify\">A diferenza das s\u00faas obras anteriores, que centraban a s\u00faa tem\u00e1tica na cr\u00edtica social, o autor abandona por primeira vez esta f\u00f3rmula literaria coma tema principal. A\u00ednda as\u00ed, esta contin\u00faa a ter cabida nalg\u00fans dos relatos, onde se tratan problem\u00e1ticas sociais coma o acoso escolar, a gordofobia, o estigma das enfermidades mentais, ou o machismo.<\/p>\n\n\n\n<p><\/p>\n\n\n\n<p><\/p>\n\n\n<a href=\"http:\/\/culturaliagz.com\/wp-content\/uploads\/2023\/09\/De-entre-as-tebras-Alex-Pernas-Dossier-de-prensa.pdf\" class=\"pdfemb-viewer\" style=\"\" data-width=\"max\" data-height=\"max\" data-toolbar=\"bottom\" data-toolbar-fixed=\"off\">De-entre-as-tebras-Alex-Pernas-Dossier-de-prensa<\/a>\n<p class=\"wp-block-pdfemb-pdf-embedder-viewer\"><\/p>\n\n\n\n<p><\/p>\n\n\n\n<p><\/p>\n","protected":false},"excerpt":{"rendered":"<p>Ao longo de 19 relatos, o autor fai un percorrido por toda a xeograf\u00eda galega tendo coma punto de uni\u00f3n as diferentes lendas da nosa mitolox\u00eda. Trala publicaci\u00f3n da novela&nbsp;Xarfas&nbsp;no [&hellip;]<\/p>\n","protected":false},"author":1,"featured_media":0,"comment_status":"open","ping_status":"open","sticky":false,"template":"","format":"standard","meta":{"_et_pb_use_builder":"","_et_pb_old_content":"","_et_gb_content_width":"","_jetpack_memberships_contains_paid_content":false,"footnotes":""},"categories":[23,7,129,6,1],"tags":[1117,1834],"class_list":["post-14186","post","type-post","status-publish","format-standard","hentry","category-autoresas","category-creacion","category-literaria","category-novas","category-xeral","tag-alex-pernas","tag-de-entre-as-tebras"],"jetpack_featured_media_url":"","jetpack_sharing_enabled":true,"_links":{"self":[{"href":"http:\/\/culturaliagz.com\/index.php?rest_route=\/wp\/v2\/posts\/14186","targetHints":{"allow":["GET"]}}],"collection":[{"href":"http:\/\/culturaliagz.com\/index.php?rest_route=\/wp\/v2\/posts"}],"about":[{"href":"http:\/\/culturaliagz.com\/index.php?rest_route=\/wp\/v2\/types\/post"}],"author":[{"embeddable":true,"href":"http:\/\/culturaliagz.com\/index.php?rest_route=\/wp\/v2\/users\/1"}],"replies":[{"embeddable":true,"href":"http:\/\/culturaliagz.com\/index.php?rest_route=%2Fwp%2Fv2%2Fcomments&post=14186"}],"version-history":[{"count":2,"href":"http:\/\/culturaliagz.com\/index.php?rest_route=\/wp\/v2\/posts\/14186\/revisions"}],"predecessor-version":[{"id":14190,"href":"http:\/\/culturaliagz.com\/index.php?rest_route=\/wp\/v2\/posts\/14186\/revisions\/14190"}],"wp:attachment":[{"href":"http:\/\/culturaliagz.com\/index.php?rest_route=%2Fwp%2Fv2%2Fmedia&parent=14186"}],"wp:term":[{"taxonomy":"category","embeddable":true,"href":"http:\/\/culturaliagz.com\/index.php?rest_route=%2Fwp%2Fv2%2Fcategories&post=14186"},{"taxonomy":"post_tag","embeddable":true,"href":"http:\/\/culturaliagz.com\/index.php?rest_route=%2Fwp%2Fv2%2Ftags&post=14186"}],"curies":[{"name":"wp","href":"https:\/\/api.w.org\/{rel}","templated":true}]}}