{"id":14177,"date":"2023-09-24T01:24:58","date_gmt":"2023-09-24T00:24:58","guid":{"rendered":"http:\/\/culturaliagz.com\/?p=14177"},"modified":"2023-09-24T01:30:17","modified_gmt":"2023-09-24T00:30:17","slug":"quico-cadaval-celebra-trinta-anos-de-conto-cun-espectaculo-especial-no-teatro-principal-de-santiago","status":"publish","type":"post","link":"http:\/\/culturaliagz.com\/?p=14177","title":{"rendered":"Quico Cadaval celebra trinta anos de conto cun espect\u00e1culo especial no Teatro Principal de Santiago"},"content":{"rendered":"\n<p><\/p>\n\n\n\n<p><\/p>\n\n\n<div class=\"wp-block-image\">\n<figure class=\"aligncenter size-large\"><a href=\"http:\/\/culturaliagz.com\/wp-content\/uploads\/2023\/09\/30anos_cadaval_baixa-scaled.jpeg\" target=\"_blank\" rel=\"noreferrer noopener\"><img loading=\"lazy\" decoding=\"async\" width=\"724\" height=\"1024\" src=\"http:\/\/culturaliagz.com\/wp-content\/uploads\/2023\/09\/30anos_cadaval_baixa-724x1024.jpeg\" alt=\"\" class=\"wp-image-14178\"\/><\/a><\/figure>\n<\/div>\n\n\n<p><\/p>\n\n\n\n<p><\/p>\n\n\n\n<p class=\"has-text-align-justify\"><strong>A funci\u00f3n ser\u00e1 ao mesmo tempo unha homenaxe ao mestre de mestres e unha festa das boas historias<\/strong><\/p>\n\n\n\n<p class=\"has-text-align-justify\"><strong>O p\u00fablico est\u00e1 convidado a preparar preguntas para Cadaval que vai respondelas durante o espect\u00e1culo<\/strong><\/p>\n\n\n\n<p class=\"has-text-align-justify\"><strong>A cita ser\u00e1 o&nbsp;martes 26&nbsp;de setembro, \u00e1s 20:30 horas, e os convites poder\u00e1n retirarse d\u00faas antes do comezo do espect\u00e1culo<\/strong><br><br><\/p>\n\n\n\n<figure class=\"wp-block-gallery has-nested-images columns-default is-cropped wp-block-gallery-1 is-layout-flex wp-block-gallery-is-layout-flex\">\n<figure class=\"wp-block-image size-large\"><a href=\"http:\/\/culturaliagz.com\/wp-content\/uploads\/2023\/09\/Cadaval-Foto-Miguel-Muniz-1.jpeg\" target=\"_blank\" rel=\"noreferrer noopener\"><img loading=\"lazy\" decoding=\"async\" width=\"1024\" height=\"683\" data-id=\"14179\" src=\"http:\/\/culturaliagz.com\/wp-content\/uploads\/2023\/09\/Cadaval-Foto-Miguel-Muniz-1-1024x683.jpeg\" alt=\"\" class=\"wp-image-14179\" srcset=\"http:\/\/culturaliagz.com\/wp-content\/uploads\/2023\/09\/Cadaval-Foto-Miguel-Muniz-1-980x653.jpeg 980w, http:\/\/culturaliagz.com\/wp-content\/uploads\/2023\/09\/Cadaval-Foto-Miguel-Muniz-1-480x320.jpeg 480w\" sizes=\"auto, (min-width: 0px) and (max-width: 480px) 480px, (min-width: 481px) and (max-width: 980px) 980px, (min-width: 981px) 1024px, 100vw\" \/><\/a><\/figure>\n\n\n\n<figure class=\"wp-block-image size-large\"><a href=\"http:\/\/culturaliagz.com\/wp-content\/uploads\/2023\/09\/Cadaval-Foto-Miguel-Muniz-2.jpeg\" target=\"_blank\" rel=\"noreferrer noopener\"><img loading=\"lazy\" decoding=\"async\" width=\"683\" height=\"1024\" data-id=\"14180\" src=\"http:\/\/culturaliagz.com\/wp-content\/uploads\/2023\/09\/Cadaval-Foto-Miguel-Muniz-2-683x1024.jpeg\" alt=\"\" class=\"wp-image-14180\"\/><\/a><\/figure>\n<\/figure>\n\n\n\n<p><\/p>\n\n\n\n<p><\/p>\n\n\n\n<p class=\"has-text-align-justify\"><strong>Quico Cadaval<\/strong>, referente internacional da narraci\u00f3n oral, comeza a celebraci\u00f3n dos seus trinta anos contando historias cun espect\u00e1culo especial o vindeiro martes,\u00a0<strong>26 de setembro, no Teatro Principal de Santiago\u00a0\u00e1s 20:30\u00a0horas<\/strong>. A Asociaci\u00f3n Memoria Atl\u00e1ntica, organizadora do Festival Atl\u00e1ntica, argalla coa colaboraci\u00f3n da Agrupaci\u00f3n Cultural O Galo e o patrocinio do Concello de Santiago unha funci\u00f3n \u00fanica que aspira a ser unha homenaxe, un agradecemento e unha celebraci\u00f3n das boas historias. A entrada ser\u00e1 gratu\u00edta e os convites, que estar\u00e1n limitados a dous por persoa, poderanse retirar d\u00faas horas antes do comezo do espect\u00e1culo.<\/p>\n\n\n\n<p><\/p>\n\n\n<div class=\"wp-block-image\">\n<figure class=\"aligncenter size-full\"><a href=\"http:\/\/culturaliagz.com\/wp-content\/uploads\/2023\/09\/pantalla_30anos_cadaval.jpeg\" target=\"_blank\" rel=\"noreferrer noopener\"><img loading=\"lazy\" decoding=\"async\" width=\"1920\" height=\"1080\" src=\"http:\/\/culturaliagz.com\/wp-content\/uploads\/2023\/09\/pantalla_30anos_cadaval.jpeg\" alt=\"\" class=\"wp-image-14182\" srcset=\"http:\/\/culturaliagz.com\/wp-content\/uploads\/2023\/09\/pantalla_30anos_cadaval.jpeg 1920w, http:\/\/culturaliagz.com\/wp-content\/uploads\/2023\/09\/pantalla_30anos_cadaval-1280x720.jpeg 1280w, http:\/\/culturaliagz.com\/wp-content\/uploads\/2023\/09\/pantalla_30anos_cadaval-980x551.jpeg 980w, http:\/\/culturaliagz.com\/wp-content\/uploads\/2023\/09\/pantalla_30anos_cadaval-480x270.jpeg 480w\" sizes=\"auto, (min-width: 0px) and (max-width: 480px) 480px, (min-width: 481px) and (max-width: 980px) 980px, (min-width: 981px) and (max-width: 1280px) 1280px, (min-width: 1281px) 1920px, 100vw\" \/><\/a><\/figure>\n<\/div>\n\n\n<p class=\"has-text-align-justify\"><br><br>En&nbsp;<em><strong>30 anos a contar historias. Notas de rodap\u00e9<\/strong><\/em>, al\u00e9n de agasallar aos asistentes cun feixe dos seus mellores contos, Cadaval vai deixar aberta a porta \u00e1 participaci\u00f3n do p\u00fablico, que est\u00e1 convidado a depositar na entrada do Teatro as preguntas que desexen. No transcurso da noite, algunhas delas ser\u00e1n seleccionadas ao chou e respondidas sobre a marcha por Cadaval. As\u00ed pois, o que aconteza no escenario vai ser unha mestura da habilidade improvisadora do artista e das caracter\u00edsticas da propia pregunta. Todo pode pasar nesta noite \u00fanica e moito do que ocorra depender\u00e1 da capacidade creativa do p\u00fablico.<br><br><strong>Mestre de mestres<\/strong><\/p>\n\n\n\n<p class=\"has-text-align-justify\">Quico Cadaval \u00e9 contador de historias, director de escena e dramaturgo. Comezou o seu traballo a mediados dos anos 80 baixo o mestrado de Xo\u00e1n Cejudo, que estimulou o seu autodidactismo. Como contador de historias sa\u00edu do caf\u00e9 Atl\u00e1ntico e dende aquela espallou a narrativa galega por festivais tan importantes como o Iberoamericano de Bogot\u00e1, o FILBA de Bos Aires e as Palavras Andarilhas de Beja.<br><br>Cadaval leva desenvolvendo desde os anos noventa un tipo de espect\u00e1culo unipersoal a medio cami\u00f1o entre a narraci\u00f3n tradicional, a \u00e9pica esc\u00e9nica e o cabar\u00e9 literario. Un espect\u00e1culo de narraci\u00f3n oral que se foi transformando nos \u00faltimos quince anos para se ir acomodando \u00e1s circunstancias ambientais, \u00e1s inclemencias do clima, \u00e1s experiencias persoais do artista e aos terrores mais \u00edntimos do p\u00fablico.<br><br>A&nbsp;<strong>Asociaci\u00f3n Memoria Atl\u00e1ntica<\/strong>&nbsp;\u00e9 a impulsora do Festival Atl\u00e1ntica e da celebraci\u00f3n do D\u00eda Internacional da Narraci\u00f3n Oral en Galicia. Con esta festa das historias pretende retomar os ciclos de contacontos que antes da pandemia ti\u00f1an lugar ao longo do ano e nos que participaban artistas non s\u00f3 galegos, sen\u00f3n tam\u00e9n do resto da Pen\u00ednsula e da outra beira do mar. Fiel ao seu esp\u00edrito colaborativo, nesta primeira funci\u00f3n do Ciclo de Outono xunta esforzos coa <strong>Agrupaci\u00f3n Cultural O Galo<\/strong>.<br><br><strong>QUICO CADAVAL | 30 ANOS A CONTAR HISTORIAS. NOTAS DE RODAP\u00c9<\/strong><br>Martes 26&nbsp;de setembro |&nbsp;20:30 h<br>Teatro Principal (Santiago de Compostela) | Entrada gratu\u00edta (2 convites por persoa)<br>P\u00fablico adulto | Galego<br>Convites: Retirada 2 horas antes do espect\u00e1culo na taquilla do Teatro Principal<br><br><strong>M\u00e1is fotos de Quico Cadaval:<\/strong>&nbsp;<a href=\"https:\/\/flic.kr\/s\/aHBqjAMSUn\" target=\"_blank\" rel=\"noreferrer noopener\">https:\/\/flic.kr\/s\/aHBqjAMSUn<\/a>&nbsp;(Cr\u00e9ditos: Miguel Mu\u00f1iz)<\/p>\n","protected":false},"excerpt":{"rendered":"<p>A funci\u00f3n ser\u00e1 ao mesmo tempo unha homenaxe ao mestre de mestres e unha festa das boas historias O p\u00fablico est\u00e1 convidado a preparar preguntas para Cadaval que vai respondelas [&hellip;]<\/p>\n","protected":false},"author":1,"featured_media":0,"comment_status":"open","ping_status":"open","sticky":false,"template":"","format":"standard","meta":{"_et_pb_use_builder":"","_et_pb_old_content":"","_et_gb_content_width":"","_jetpack_memberships_contains_paid_content":false,"footnotes":""},"categories":[23,7,6,57,1],"tags":[1831,1833,1832,629,682,1685],"class_list":["post-14177","post","type-post","status-publish","format-standard","hentry","category-autoresas","category-creacion","category-novas","category-outras-artes","category-xeral","tag-30-anos-a-contar-historias-notas-de-rodape","tag-agrupacion-cultural-o-galo","tag-asociacion-memoria-atlantica","tag-festival-atlantica","tag-quico-cadaval","tag-teatro-principal-de-santiago"],"jetpack_featured_media_url":"","jetpack_sharing_enabled":true,"_links":{"self":[{"href":"http:\/\/culturaliagz.com\/index.php?rest_route=\/wp\/v2\/posts\/14177","targetHints":{"allow":["GET"]}}],"collection":[{"href":"http:\/\/culturaliagz.com\/index.php?rest_route=\/wp\/v2\/posts"}],"about":[{"href":"http:\/\/culturaliagz.com\/index.php?rest_route=\/wp\/v2\/types\/post"}],"author":[{"embeddable":true,"href":"http:\/\/culturaliagz.com\/index.php?rest_route=\/wp\/v2\/users\/1"}],"replies":[{"embeddable":true,"href":"http:\/\/culturaliagz.com\/index.php?rest_route=%2Fwp%2Fv2%2Fcomments&post=14177"}],"version-history":[{"count":3,"href":"http:\/\/culturaliagz.com\/index.php?rest_route=\/wp\/v2\/posts\/14177\/revisions"}],"predecessor-version":[{"id":14185,"href":"http:\/\/culturaliagz.com\/index.php?rest_route=\/wp\/v2\/posts\/14177\/revisions\/14185"}],"wp:attachment":[{"href":"http:\/\/culturaliagz.com\/index.php?rest_route=%2Fwp%2Fv2%2Fmedia&parent=14177"}],"wp:term":[{"taxonomy":"category","embeddable":true,"href":"http:\/\/culturaliagz.com\/index.php?rest_route=%2Fwp%2Fv2%2Fcategories&post=14177"},{"taxonomy":"post_tag","embeddable":true,"href":"http:\/\/culturaliagz.com\/index.php?rest_route=%2Fwp%2Fv2%2Ftags&post=14177"}],"curies":[{"name":"wp","href":"https:\/\/api.w.org\/{rel}","templated":true}]}}