{"id":14151,"date":"2023-09-20T16:29:00","date_gmt":"2023-09-20T15:29:00","guid":{"rendered":"http:\/\/culturaliagz.com\/?p=14151"},"modified":"2023-09-20T16:31:20","modified_gmt":"2023-09-20T15:31:20","slug":"mondra-lanza-arden-o-seu-album-debut-este-20-de-setembro","status":"publish","type":"post","link":"http:\/\/culturaliagz.com\/?p=14151","title":{"rendered":"Mondra lanza ARD\u0112N, o seu \u00e1lbum debut, este 20 de setembro"},"content":{"rendered":"\n<p><\/p>\n\n\n<div class=\"wp-block-image\">\n<figure class=\"aligncenter size-large\"><a href=\"http:\/\/culturaliagz.com\/wp-content\/uploads\/2023\/09\/Mondra-\u00a9-Zeltia-Iglesias_01-scaled.jpg\" target=\"_blank\" rel=\"noreferrer noopener\"><img loading=\"lazy\" decoding=\"async\" width=\"819\" height=\"1024\" src=\"http:\/\/culturaliagz.com\/wp-content\/uploads\/2023\/09\/Mondra-\u00a9-Zeltia-Iglesias_01-819x1024.jpg\" alt=\"\" class=\"wp-image-14152\" srcset=\"http:\/\/culturaliagz.com\/wp-content\/uploads\/2023\/09\/Mondra-\u00a9-Zeltia-Iglesias_01-819x1024.jpg 819w, http:\/\/culturaliagz.com\/wp-content\/uploads\/2023\/09\/Mondra-\u00a9-Zeltia-Iglesias_01-240x300.jpg 240w, http:\/\/culturaliagz.com\/wp-content\/uploads\/2023\/09\/Mondra-\u00a9-Zeltia-Iglesias_01-768x960.jpg 768w, http:\/\/culturaliagz.com\/wp-content\/uploads\/2023\/09\/Mondra-\u00a9-Zeltia-Iglesias_01-1229x1536.jpg 1229w, http:\/\/culturaliagz.com\/wp-content\/uploads\/2023\/09\/Mondra-\u00a9-Zeltia-Iglesias_01-1639x2048.jpg 1639w, http:\/\/culturaliagz.com\/wp-content\/uploads\/2023\/09\/Mondra-\u00a9-Zeltia-Iglesias_01-1080x1350.jpg 1080w, http:\/\/culturaliagz.com\/wp-content\/uploads\/2023\/09\/Mondra-\u00a9-Zeltia-Iglesias_01-1280x1600.jpg 1280w, http:\/\/culturaliagz.com\/wp-content\/uploads\/2023\/09\/Mondra-\u00a9-Zeltia-Iglesias_01-980x1225.jpg 980w, http:\/\/culturaliagz.com\/wp-content\/uploads\/2023\/09\/Mondra-\u00a9-Zeltia-Iglesias_01-480x600.jpg 480w, http:\/\/culturaliagz.com\/wp-content\/uploads\/2023\/09\/Mondra-\u00a9-Zeltia-Iglesias_01-scaled.jpg 2048w\" sizes=\"auto, (max-width: 819px) 100vw, 819px\" \/><\/a><\/figure>\n<\/div>\n\n\n<p><\/p>\n\n\n\n<p><\/p>\n\n\n\n<p class=\"has-text-align-justify\" style=\"font-size:15px\"><strong>O primeiro traballo discogr\u00e1fico do cantareiro e bailador, producido&nbsp;por Berto e editado por Altafonte, publicarase este m\u00e9rcores nas principais&nbsp;plataformas dixitais e tam\u00e9n estar\u00e1&nbsp;dispo\u00f1ible en tendas f\u00edsicas&nbsp;en formato CD de edici\u00f3n limitada e&nbsp;\u00fanica&nbsp;<\/strong><\/p>\n\n\n\n<p class=\"has-text-align-justify\" style=\"font-size:15px\"><strong>A posta de largo do LP ARD\u0112N&nbsp;ser\u00e1 o&nbsp;29 de setembro en Santiago de Compostela e&nbsp;as&nbsp;\u00faltimas entradas para o directo&nbsp;est\u00e1n dispo\u00f1ibles a trav\u00e9s de&nbsp;<a rel=\"noreferrer noopener\" href=\"https:\/\/www.woutick.es\/evento\/25538\/entradas-mondra\" target=\"_blank\">www.salacapitol.com<\/a><\/strong><\/p>\n\n\n\n<p><\/p>\n\n\n\n<p><\/p>\n\n\n\n<p class=\"has-text-align-justify\"><strong>Mondra,<\/strong>&nbsp;unha das voces m\u00e1is singulares e prometedoras da nova escena musical galega, publica&nbsp;ma\u00f1\u00e1, 20 de setembro, o seu primeiro LP:&nbsp;<strong>ARD\u0112N<\/strong>&nbsp;(Altafonte Music Spain, 2023). Producido por Berto&nbsp;e editado por Altafonte,&nbsp;o traballo estar\u00e1 dispo\u00f1ible&nbsp;<a href=\"https:\/\/links.altafonte.com\/y1njg1o\" target=\"_blank\" rel=\"noreferrer noopener\">nas principais&nbsp;plataformas dixitais<\/a>&nbsp;e en formato CD de edici\u00f3n limitada e&nbsp;\u00fanica.&nbsp;<\/p>\n\n\n\n<p class=\"has-text-align-justify\">Cantareiro, bailador, instrumentista e compositor,&nbsp;<strong>Mondra&nbsp;<\/strong>\u00e9 o cocreador, xunto con Berto, dalg\u00fans dos temas m\u00e1is coreados e escoitados este ver\u00e1n en Galicia, como \u00e9&nbsp;o caso de&nbsp;<strong>PUNHETA!<\/strong>, no que tam\u00e9n participa Fillas de Cassandra,&nbsp;<strong>RUMBAMB<\/strong><strong>\u0100&nbsp;<\/strong>ou o m\u00e1is recente<strong>&nbsp;RUANDO<\/strong>, o novo sinxelo do artista xunto a Aida,&nbsp;de Tanxugueiras, que viu a luz o pasado 1&nbsp;de setembro. Todos estes temas formar\u00e1n parte de&nbsp;<strong>ARD<\/strong><strong>\u0112<\/strong><strong>N,<\/strong>&nbsp;o&nbsp;\u00e1lbum debut de Mondra, unha proposta ambiciosa, luminosa e reflexiva ao tempo; que salienta pola s\u00faa marcada identidade as\u00ed&nbsp;como pola rebordante dimensi\u00f3n electr\u00f3nica dun proxecto que dialoga coa m\u00fasica tradicional galega.<\/p>\n\n\n\n<p class=\"has-text-align-justify\"><strong>ARD<\/strong><strong>\u0112<\/strong><strong>N&nbsp;<\/strong>\u00e9&nbsp;unha celebraci\u00f3n, un apoderamento da liberdade, un traballo conceptual no que Mondra introduce&nbsp;\u00e1s ouvintes nunha terra que sa\u00fada a liberdade, os afectos e o amor.&nbsp;O cantareiro expr\u00e9sao as\u00ed no Manifesto ARDENTE que acompa\u00f1a a publicaci\u00f3n do LP:<\/p>\n\n\n\n<p class=\"has-text-align-justify\"><em>En&nbsp;<\/em><em>ARD\u0112N h<\/em><em>\u014dnranoso resistir na terra.H\u014dnranoso orgullo de ser e a valent\u00eda de estar ARDENTES. Porque, por enriba de quen non nos quere libres, a&nbsp;FOL\u012aA segue a ser o noso espazo libertario.<\/em><\/p>\n\n\n\n<p class=\"has-text-align-justify\"><em>Fomos sepultadas, para furar dende o chan. Para, despois de todo, volver facer da FOL\u012aA un espazo onde troupelear. Onde rir as penas e chorar as alegr<\/em><em>\u012bas. Porque hai en&nbsp;ARD\u0112N unha rosa seca e espi\u00f1ada que, na&nbsp;FOL\u012aA, reverdece.<\/em><\/p>\n\n\n\n<p class=\"has-text-align-justify\"><em>Resoe o berro ardente tanto, tanto como as chocas na Picota. Reluza tanto coma o sat<\/em><em>\u0113n de Carmela.<\/em><\/p>\n\n\n\n<p><em>Estes cantares van por ti, ARDENTE. Porque ARD\u0112N \u00e9 un apoderamento da nosa liberdade.<\/em><\/p>\n\n\n\n<p><em>ARDENTES, a ruare!<\/em><\/p>\n\n\n\n<p><strong>O REPERTORIO DE ARD\u0112N&nbsp;<\/strong><\/p>\n\n\n\n<p class=\"has-text-align-justify\">O disco debut de Mondra estar\u00e1 composto por dez temas, nos que destacan as colaboraci\u00f3ns de Fillas de Cassandra, Aida e Brassica Rapa, ademais da producci\u00f3n de Berto.<\/p>\n\n\n\n<p>ARD\u0112N<\/p>\n\n\n\n<p>TR\u014dUPELE<\/p>\n\n\n\n<p>Sepultura (TICOT\u012a)<\/p>\n\n\n\n<p>PUNHETA! (con Fillas de Cassandra)<\/p>\n\n\n\n<p>SACOdePULGAS<\/p>\n\n\n\n<p>Berce<\/p>\n\n\n\n<p>RUANDO (con Aida)<\/p>\n\n\n\n<p>beijos de LK<\/p>\n\n\n\n<p>RUMBAMB\u0100<\/p>\n\n\n\n<p>CARMELA (con Brassica Rapa)<\/p>\n\n\n\n<p><strong>DISCO EN DIXITAL E NAS TENDAS F<\/strong><strong>\u00cd<\/strong><strong>SICAS<\/strong><\/p>\n\n\n\n<p class=\"has-text-align-justify\">Ademais de poder conseguir o LP&nbsp;<a href=\"https:\/\/links.altafonte.com\/y1njg1o\" target=\"_blank\" rel=\"noreferrer noopener\">nas plataformas dixitais<\/a>,&nbsp;ARD\u0112N poder\u00e1 degustarse tam\u00e9n en formato f\u00edsico. Cada copia ser\u00e1 \u00fanica e irrepetible. A dese\u00f1adora Zeltia Iglesias, xunto a Mondra, interviu persoalmente cada unha das portadas dos discos. As copias f\u00edsicas poderanse&nbsp;adquirir&nbsp;nos directos e nas tendas f\u00edsicas, onde o p\u00fablico pode facer xa a pre-reserva do seu disco en espazos seleccionados como&nbsp;<a href=\"https:\/\/www.fnac.es\/a10406363\/ARDEN-Mondra-Ed-Especial-Disco#omnsearchpos=2\">Fnac<\/a>,&nbsp;<a href=\"https:\/\/www.elcorteingles.es\/musica\/A49136317-arden-edicion-limitada-cd\/?parentCategoryId=999.54175013\" target=\"_blank\" rel=\"noreferrer noopener\">El Corte Ingl\u00e9s<\/a>&nbsp;e&nbsp;<a href=\"https:\/\/www.amazon.es\/dp\/B0CH1HG36J\" target=\"_blank\" rel=\"noreferrer noopener\">Amazon<\/a>.<\/p>\n\n\n\n<p><strong>A CAPITOL ACOLLE O CONCERTO DE PRESENTACI<\/strong><strong>\u00d3N DE ARD\u0112N O 29 DE SETEMBRO<\/strong><\/p>\n\n\n\n<p class=\"has-text-align-justify\">ARD\u0112N\u00e9 unha celebraci\u00f3n, un apoderamento da liberdade.&nbsp;Este espazo libertario de Mondra alcanza a s\u00faa m\u00e1xima expresi\u00f3n na FOL\u012aA das ARDENTES, o vibrante directo do artista que chegar\u00e1 o venres 29 de setembro \u00e1 Sala Capitol na que ser\u00e1 a primera -e singular- presentaci\u00f3n p\u00fablica de ARD\u0112N. Ser\u00e1 unha noite na que Mondra despregar\u00e1 unha proposta contundente, din\u00e1mica e liberadora. \u201cPreparamos unha actuaci\u00f3n \u00fanica, con m\u00e1is forza que nunca\u201d, avanza o artista.&nbsp;As \u00faltimas entradas para a cita est\u00e1n dispo\u00f1ibles na web oficial&nbsp;<a href=\"https:\/\/www.woutick.es\/evento\/25538\/entradas-mondra\" target=\"_blank\" rel=\"noreferrer noopener\">www.salacapitol.com<\/a>.<\/p>\n\n\n\n<p class=\"has-text-align-justify\"><br><strong>MONDRA<\/strong><br>Artista, cantareiro e bailador, Mondra&nbsp;\u00e9&nbsp;un dos nomes m\u00e1is frescos e prometedores da nova escena musical galega. Este outono presenta&nbsp;<strong>ARD\u0112N<\/strong>&nbsp;(Altafonte Music Spain, 2023) o seu primeiro traballo discogr\u00e1fico. Producido por Berto,&nbsp;<strong>ARD\u0112N&nbsp;<\/strong>\u00e9&nbsp;unha experiencia musical, visual e performativa que dialoga coa m\u00fasica tradicional galega. Unha proposta electr\u00f3nica, luminosa e reflexiva, que celebra e reclama, que coida e berra, e abre a porta a unha terra diversa ateigada de liberdade, afectos e apoderamento. Os primeiros cortes que xa se co\u00f1ecen de ARD\u0112N&nbsp;son SACOdePULGAS, Beijos de LK, PUNHETA! (con Fillas de Cassandra), RUMBAMB\u0100&nbsp;e RUANDO (con Aida).<\/p>\n\n\n\n<p><\/p>\n\n\n\n<p><\/p>\n\n\n<a href=\"http:\/\/culturaliagz.com\/wp-content\/uploads\/2023\/09\/20230919-NP-Mondra-publica-ARDEN.pdf\" class=\"pdfemb-viewer\" style=\"\" data-width=\"max\" data-height=\"max\" data-toolbar=\"bottom\" data-toolbar-fixed=\"off\">20230919-NP-Mondra-publica-ARDEN<\/a>\n<p class=\"wp-block-pdfemb-pdf-embedder-viewer\"><\/p>\n","protected":false},"excerpt":{"rendered":"<p>O primeiro traballo discogr\u00e1fico do cantareiro e bailador, producido&nbsp;por Berto e editado por Altafonte, publicarase este m\u00e9rcores nas principais&nbsp;plataformas dixitais e tam\u00e9n estar\u00e1&nbsp;dispo\u00f1ible en tendas f\u00edsicas&nbsp;en formato CD de edici\u00f3n [&hellip;]<\/p>\n","protected":false},"author":1,"featured_media":0,"comment_status":"open","ping_status":"open","sticky":false,"template":"","format":"standard","meta":{"_et_pb_use_builder":"","_et_pb_old_content":"","_et_gb_content_width":"","_jetpack_memberships_contains_paid_content":false,"footnotes":""},"categories":[23,7,6,57,1],"tags":[1784,1785],"class_list":["post-14151","post","type-post","status-publish","format-standard","hentry","category-autoresas","category-creacion","category-novas","category-outras-artes","category-xeral","tag-arden","tag-mondra"],"jetpack_featured_media_url":"","jetpack_sharing_enabled":true,"_links":{"self":[{"href":"http:\/\/culturaliagz.com\/index.php?rest_route=\/wp\/v2\/posts\/14151","targetHints":{"allow":["GET"]}}],"collection":[{"href":"http:\/\/culturaliagz.com\/index.php?rest_route=\/wp\/v2\/posts"}],"about":[{"href":"http:\/\/culturaliagz.com\/index.php?rest_route=\/wp\/v2\/types\/post"}],"author":[{"embeddable":true,"href":"http:\/\/culturaliagz.com\/index.php?rest_route=\/wp\/v2\/users\/1"}],"replies":[{"embeddable":true,"href":"http:\/\/culturaliagz.com\/index.php?rest_route=%2Fwp%2Fv2%2Fcomments&post=14151"}],"version-history":[{"count":4,"href":"http:\/\/culturaliagz.com\/index.php?rest_route=\/wp\/v2\/posts\/14151\/revisions"}],"predecessor-version":[{"id":14157,"href":"http:\/\/culturaliagz.com\/index.php?rest_route=\/wp\/v2\/posts\/14151\/revisions\/14157"}],"wp:attachment":[{"href":"http:\/\/culturaliagz.com\/index.php?rest_route=%2Fwp%2Fv2%2Fmedia&parent=14151"}],"wp:term":[{"taxonomy":"category","embeddable":true,"href":"http:\/\/culturaliagz.com\/index.php?rest_route=%2Fwp%2Fv2%2Fcategories&post=14151"},{"taxonomy":"post_tag","embeddable":true,"href":"http:\/\/culturaliagz.com\/index.php?rest_route=%2Fwp%2Fv2%2Ftags&post=14151"}],"curies":[{"name":"wp","href":"https:\/\/api.w.org\/{rel}","templated":true}]}}