{"id":14145,"date":"2023-09-18T23:58:00","date_gmt":"2023-09-18T22:58:00","guid":{"rendered":"http:\/\/culturaliagz.com\/?p=14145"},"modified":"2023-09-18T23:58:04","modified_gmt":"2023-09-18T22:58:04","slug":"proxeccion-da-pelicula-live-is-life-no-auditorio-municipal-de-vilalba","status":"publish","type":"post","link":"http:\/\/culturaliagz.com\/?p=14145","title":{"rendered":"Proxecci\u00f3n da pel\u00edcula LIVE IS LIFE no Auditorio Municipal de Vilalba"},"content":{"rendered":"\n<p><\/p>\n\n\n<div class=\"wp-block-image\">\n<figure class=\"aligncenter size-large\"><a href=\"http:\/\/culturaliagz.com\/wp-content\/uploads\/2023\/09\/Cartel-A3-Depu-Lugo-1-scaled.jpeg\" target=\"_blank\" rel=\"noreferrer noopener\"><img loading=\"lazy\" decoding=\"async\" width=\"724\" height=\"1024\" src=\"http:\/\/culturaliagz.com\/wp-content\/uploads\/2023\/09\/Cartel-A3-Depu-Lugo-1-724x1024.jpeg\" alt=\"\" class=\"wp-image-14147\"\/><\/a><\/figure>\n<\/div>\n\n\n<p><\/p>\n\n\n\n<p class=\"has-text-align-justify\">O <a href=\"https:\/\/estudoschairegos.gal\/\" target=\"_blank\" rel=\"noreferrer noopener\">Instituto de Estudos Chairegos (IESCHA),<\/a> en colaboraci\u00f3n coa Academia Galega do Audiovisual, coa \u00c1rea de Cultura Vicepresidencia da Deputaci\u00f3n de Lugo e co Concello de Vilalba, organiza a proxecci\u00f3n da pel\u00edcula\u00a0<a href=\"https:\/\/estudoschairegos.gal\/ciclo-mestre-mateo-proxeccion-da-pelicula-finalista-live-is-life-de-dani-de-la-torre-domingo-24-de-setembro-de-2023-as-2000-horas-no-auditorio-municipal-de-vilalba\/\" target=\"_blank\" rel=\"noreferrer noopener\"><strong>LIVE IS LIFE,<\/strong>\u00a0de\u00a0<strong><em>Dani de la Torre<\/em><\/strong><\/a><strong><em>,<\/em><\/strong>\u00a0continuando as\u00ed coa programaci\u00f3n do\u00a0<strong>CICLO MESTRE MATEO\u00a0<\/strong>que durante o ano\u00a0<strong>2023<\/strong>\u00a0br\u00edndanos a oportunidade de poder disfrutar das pel\u00edculas finalistas (documentais e longametraxes) dos<strong>\u00a0XXI PREMIOS MESTRE MATEO.\u00a0<\/strong><\/p>\n\n\n\n<p class=\"has-text-align-justify\">Esta cuarta proxecci\u00f3n ter\u00e1 lugar no\u00a0<strong><em>Auditorio Municipal de Vilalba<\/em><\/strong>\u00a0o\u00a0<strong>DOMINGO 24 DE SETEMBRO DE 2023<\/strong>, \u00e1s\u00a0<strong>20:00H.<\/strong>\u00a0<\/p>\n\n\n\n<p><\/p>\n\n\n<a href=\"http:\/\/culturaliagz.com\/wp-content\/uploads\/2023\/09\/NOTA_INFORMATIVA_LIVE-IS-LIFE-copia.pdf\" class=\"pdfemb-viewer\" style=\"\" data-width=\"max\" data-height=\"max\" data-toolbar=\"bottom\" data-toolbar-fixed=\"off\">NOTA_INFORMATIVA_LIVE-IS-LIFE-copia<\/a>\n<p class=\"wp-block-pdfemb-pdf-embedder-viewer\"><\/p>\n\n\n\n<p><\/p>\n","protected":false},"excerpt":{"rendered":"<p>O Instituto de Estudos Chairegos (IESCHA), en colaboraci\u00f3n coa Academia Galega do Audiovisual, coa \u00c1rea de Cultura Vicepresidencia da Deputaci\u00f3n de Lugo e co Concello de Vilalba, organiza a proxecci\u00f3n [&hellip;]<\/p>\n","protected":false},"author":1,"featured_media":0,"comment_status":"open","ping_status":"open","sticky":false,"template":"","format":"standard","meta":{"_et_pb_use_builder":"","_et_pb_old_content":"","_et_gb_content_width":"","_jetpack_memberships_contains_paid_content":false,"footnotes":""},"categories":[23,7,6,57,1],"tags":[313,30,234,1549],"class_list":["post-14145","post","type-post","status-publish","format-standard","hentry","category-autoresas","category-creacion","category-novas","category-outras-artes","category-xeral","tag-auditorio-municipal-de-vilalba","tag-concello-de-vilalba","tag-iescha","tag-live-is-life"],"jetpack_featured_media_url":"","jetpack_sharing_enabled":true,"_links":{"self":[{"href":"http:\/\/culturaliagz.com\/index.php?rest_route=\/wp\/v2\/posts\/14145","targetHints":{"allow":["GET"]}}],"collection":[{"href":"http:\/\/culturaliagz.com\/index.php?rest_route=\/wp\/v2\/posts"}],"about":[{"href":"http:\/\/culturaliagz.com\/index.php?rest_route=\/wp\/v2\/types\/post"}],"author":[{"embeddable":true,"href":"http:\/\/culturaliagz.com\/index.php?rest_route=\/wp\/v2\/users\/1"}],"replies":[{"embeddable":true,"href":"http:\/\/culturaliagz.com\/index.php?rest_route=%2Fwp%2Fv2%2Fcomments&post=14145"}],"version-history":[{"count":3,"href":"http:\/\/culturaliagz.com\/index.php?rest_route=\/wp\/v2\/posts\/14145\/revisions"}],"predecessor-version":[{"id":14150,"href":"http:\/\/culturaliagz.com\/index.php?rest_route=\/wp\/v2\/posts\/14145\/revisions\/14150"}],"wp:attachment":[{"href":"http:\/\/culturaliagz.com\/index.php?rest_route=%2Fwp%2Fv2%2Fmedia&parent=14145"}],"wp:term":[{"taxonomy":"category","embeddable":true,"href":"http:\/\/culturaliagz.com\/index.php?rest_route=%2Fwp%2Fv2%2Fcategories&post=14145"},{"taxonomy":"post_tag","embeddable":true,"href":"http:\/\/culturaliagz.com\/index.php?rest_route=%2Fwp%2Fv2%2Ftags&post=14145"}],"curies":[{"name":"wp","href":"https:\/\/api.w.org\/{rel}","templated":true}]}}