{"id":14120,"date":"2023-09-15T22:09:48","date_gmt":"2023-09-15T21:09:48","guid":{"rendered":"http:\/\/culturaliagz.com\/?p=14120"},"modified":"2023-09-15T22:14:19","modified_gmt":"2023-09-15T21:14:19","slug":"wos-festival-expandese-por-oito-escenarios-da-cidade-no-dia-grande-do-evento","status":"publish","type":"post","link":"http:\/\/culturaliagz.com\/?p=14120","title":{"rendered":"WOS Festival exp\u00e1ndese por oito escenarios da cidade no d\u00eda grande do evento"},"content":{"rendered":"\n<p><\/p>\n\n\n\n<p><\/p>\n\n\n<div class=\"wp-block-image\">\n<figure class=\"aligncenter size-full\"><a href=\"http:\/\/culturaliagz.com\/wp-content\/uploads\/2023\/09\/Black-Rave-Culture.jpeg\" target=\"_blank\" rel=\"noreferrer noopener\"><img loading=\"lazy\" decoding=\"async\" width=\"1000\" height=\"667\" src=\"http:\/\/culturaliagz.com\/wp-content\/uploads\/2023\/09\/Black-Rave-Culture.jpeg\" alt=\"\" class=\"wp-image-14122\" srcset=\"http:\/\/culturaliagz.com\/wp-content\/uploads\/2023\/09\/Black-Rave-Culture.jpeg 1000w, http:\/\/culturaliagz.com\/wp-content\/uploads\/2023\/09\/Black-Rave-Culture-980x654.jpeg 980w, http:\/\/culturaliagz.com\/wp-content\/uploads\/2023\/09\/Black-Rave-Culture-480x320.jpeg 480w\" sizes=\"auto, (min-width: 0px) and (max-width: 480px) 480px, (min-width: 481px) and (max-width: 980px) 980px, (min-width: 981px) 1000px, 100vw\" \/><\/a><\/figure>\n<\/div>\n\n\n<p><\/p>\n\n\n\n<p><\/p>\n\n\n\n<p class=\"has-text-align-justify\" style=\"font-size:16px\"><strong>WOS Festival exp\u00e1ndese por oito escenarios da cidade no d\u00eda grande do evento, que incl\u00fae a estrea da nova sede na Fundaci\u00f3n Laboral de la Construcci\u00f3n<\/strong><\/p>\n\n\n\n<p class=\"has-text-align-justify\"><em>DjRUM, Croatian Amor, Black Rave Culture ou Loraine James, entre otros nomes, actuar\u00e1n na noite do&nbsp;s\u00e1bado 16&nbsp;nas naves do complexo arquitect\u00f3nico<\/em><\/p>\n\n\n\n<p class=\"has-text-align-justify\"><em>A programaci\u00f3n arrancar\u00e1 \u00e1s 13.00 horas cun live de Marlene Ribeiro &amp; In\u00eas Malheiro no Parque de Bonaval, e coa conversa na sede Afundaci\u00f3n entre o m\u00fasico Aho Ssan e o comunicador Phil Bloomfield<br><br>A Igrexa da Universidade, Fundaci\u00f3n Eugenio Granell e o Teatro Principal acoller\u00e1n diferentes lives ao longo da tarde; mentres que o CGAC celebrar\u00e1 a segunda e derradeira xornada do parladoiro \u2018O son electr\u00f3nico de Galicia\u2019<\/em><\/p>\n\n\n\n<p class=\"has-text-align-justify\"><em>A sala de cinema NUMAX acoller\u00e1 a estrea espa\u00f1ola do documental \u2018Expedition Content\u2019, un traballo predominantemente sonoro sobre a relaci\u00f3n entre antrop\u00f3logos estadounidenses e nativos de Hubula, en Pap\u00faa Nova Guinea<\/em><\/p>\n\n\n\n<p><br><strong><br><\/strong><\/p>\n\n\n\n<figure class=\"wp-block-gallery has-nested-images columns-2 is-cropped wp-block-gallery-1 is-layout-flex wp-block-gallery-is-layout-flex\">\n<figure class=\"wp-block-image size-full\"><a href=\"http:\/\/culturaliagz.com\/wp-content\/uploads\/2023\/09\/Loraine-James_GC_Pre-5-portrait.jpeg\" target=\"_blank\" rel=\"noreferrer noopener\"><img loading=\"lazy\" decoding=\"async\" width=\"858\" height=\"1000\" data-id=\"14121\" src=\"http:\/\/culturaliagz.com\/wp-content\/uploads\/2023\/09\/Loraine-James_GC_Pre-5-portrait.jpeg\" alt=\"\" class=\"wp-image-14121\" srcset=\"http:\/\/culturaliagz.com\/wp-content\/uploads\/2023\/09\/Loraine-James_GC_Pre-5-portrait.jpeg 858w, http:\/\/culturaliagz.com\/wp-content\/uploads\/2023\/09\/Loraine-James_GC_Pre-5-portrait-480x559.jpeg 480w\" sizes=\"auto, (min-width: 0px) and (max-width: 480px) 480px, (min-width: 481px) 858px, 100vw\" \/><\/a><\/figure>\n\n\n\n<figure class=\"wp-block-image size-large\"><a href=\"http:\/\/culturaliagz.com\/wp-content\/uploads\/2023\/09\/Kia_1_by-Cinzia-Ubald.jpeg\" target=\"_blank\" rel=\"noreferrer noopener\"><img loading=\"lazy\" decoding=\"async\" width=\"667\" height=\"1000\" data-id=\"14125\" src=\"http:\/\/culturaliagz.com\/wp-content\/uploads\/2023\/09\/Kia_1_by-Cinzia-Ubald.jpeg\" alt=\"\" class=\"wp-image-14125\" srcset=\"http:\/\/culturaliagz.com\/wp-content\/uploads\/2023\/09\/Kia_1_by-Cinzia-Ubald.jpeg 667w, http:\/\/culturaliagz.com\/wp-content\/uploads\/2023\/09\/Kia_1_by-Cinzia-Ubald-480x720.jpeg 480w\" sizes=\"auto, (min-width: 0px) and (max-width: 480px) 480px, (min-width: 481px) 667px, 100vw\" \/><\/a><\/figure>\n\n\n\n<figure class=\"wp-block-image size-large\"><a href=\"http:\/\/culturaliagz.com\/wp-content\/uploads\/2023\/09\/Akazie.jpeg\" target=\"_blank\" rel=\"noreferrer noopener\"><img loading=\"lazy\" decoding=\"async\" width=\"667\" height=\"1000\" data-id=\"14124\" src=\"http:\/\/culturaliagz.com\/wp-content\/uploads\/2023\/09\/Akazie.jpeg\" alt=\"\" class=\"wp-image-14124\" srcset=\"http:\/\/culturaliagz.com\/wp-content\/uploads\/2023\/09\/Akazie.jpeg 667w, http:\/\/culturaliagz.com\/wp-content\/uploads\/2023\/09\/Akazie-480x720.jpeg 480w\" sizes=\"auto, (min-width: 0px) and (max-width: 480px) 480px, (min-width: 481px) 667px, 100vw\" \/><\/a><\/figure>\n\n\n\n<figure class=\"wp-block-image size-large\"><a href=\"http:\/\/culturaliagz.com\/wp-content\/uploads\/2023\/09\/Dj-RUM.jpeg\" target=\"_blank\" rel=\"noreferrer noopener\"><img loading=\"lazy\" decoding=\"async\" width=\"667\" height=\"1000\" data-id=\"14123\" src=\"http:\/\/culturaliagz.com\/wp-content\/uploads\/2023\/09\/Dj-RUM.jpeg\" alt=\"\" class=\"wp-image-14123\" srcset=\"http:\/\/culturaliagz.com\/wp-content\/uploads\/2023\/09\/Dj-RUM.jpeg 667w, http:\/\/culturaliagz.com\/wp-content\/uploads\/2023\/09\/Dj-RUM-480x720.jpeg 480w\" sizes=\"auto, (min-width: 0px) and (max-width: 480px) 480px, (min-width: 481px) 667px, 100vw\" \/><\/a><\/figure>\n<\/figure>\n\n\n\n<p><\/p>\n\n\n\n<p><\/p>\n\n\n\n<p class=\"has-text-align-justify\">O <a href=\"https:\/\/workonsunday.es\/festival\/\" target=\"_blank\" rel=\"noreferrer noopener\">WOS Festival x SON Estrella Galicia<\/a> supera o ecuador da s\u00faa s\u00e9tima edici\u00f3n chegando ao seu d\u00eda grande: o evento expandirase&nbsp;este s\u00e1bado 16&nbsp;por toda a cidade de Santiago de Compostela, ofrecendo concertos e actividades, desde as 13.00 e at\u00e9&nbsp;as 05.00 am, en oito localizaci\u00f3ns diferentes. O Parque de Bonaval, a sede Afundaci\u00f3n, o Centro Galego de Arte Contempor\u00e1nea (CGAC), a sala de cinema NUMAX, a Igrexa da Universidade, a Fundaci\u00f3n Eugenio Granell, o Teatro Principal e a Fundaci\u00f3n Laboral de la Construcci\u00f3n celebrar\u00e1n a vangarda e a experimentaci\u00f3n por todo o alto.&nbsp;<br><br>Un dos principais fitos desta edici\u00f3n \u00e9 a estrea coma pista de baile de d\u00faas das naves do complexo no que, hoxe en d\u00eda, se atopa a Fundaci\u00f3n Laboral de la Construcci\u00f3n. Situado na zona norte da cidade, o recinto combina espazos restaurados da antiga curtidor\u00eda de Pontepedri\u00f1a d\u2019Arriba, do s\u00e9culo XVIII, con outros de nova construci\u00f3n nunha \u00e1rea de case 5.000 metros cadrados. A obra acadou, no 2018, o garlad\u00f3n \u00e1 mellor rehabilitaci\u00f3n nos Premios de Arquitectura e Rehabilitaci\u00f3n de Galicia.&nbsp;<\/p>\n\n\n\n<p class=\"has-text-align-justify\">Nestas naves actuar\u00e1 un dos cabezas de cartel deste WOS: DjRUM, quen pechar\u00e1 a noite cunha sesi\u00f3n que comezar\u00e1 \u00e1s 03.30 horas. Antes, no complexo arquitect\u00f3nico, o p\u00fablico poder\u00e1 gozar dos directos de Heith ft. Declino, Bruce, Puce Mary, Croatian Amor, Loraine James (quen presentar\u00e1 Gentle Confrontation), JUAIT, objet blue &amp; Natalia Podgorska (na estrea espa\u00f1ola de Pearl Forest); as\u00ed como das sesi\u00f3ns de Kia e Black Rave Culture.&nbsp;<\/p>\n\n\n\n<p class=\"has-text-align-justify\">A terceira xornada do WOS arrancar\u00e1&nbsp;\u00e1s 13:00&nbsp;horas na sede Afundaci\u00f3n coa conversa entre o m\u00fasico Aho Ssan -quen actuar\u00e1 pola tarde no Teatro Principal- e o comunicador Phil Bloomfield, nun encontro no que abordar\u00e1n o proceso creativo do artista. \u00c1 mesma hora, a actividade comezar\u00e1 no Parque de Bonaval, cun live de Marlene Ribeiro &amp; In\u00eas Malheiro. Pola tarde, no mesmo espazo, Lamin Fofana e Akazie ofrecer\u00e1n sendas sesi\u00f3ns&nbsp;\u00e1s 16:00&nbsp;e&nbsp;\u00e1s 18:00&nbsp;horas, respectivamente.&nbsp;<br><br>\u00c1s 16.00 horas, simultaneamente, ter\u00e1n lugar d\u00faas actividades paralelas: a proxecci\u00f3n de&nbsp;<em>Expedition Content&nbsp;<\/em>na sala de cinema NUMAX (na que ser\u00e1 a s\u00faa estrea en Espa\u00f1a) e a segunda e derradeira mesa redonda arredor d\u2019<em>O son electr\u00f3nico de Galicia<\/em>, a proposta interxeracional na que colectivos, promotores e artistas comparten as s\u00faas visi\u00f3ns e experiencias sobre a escena do pa\u00eds. Desta quenda, no CGAC, conversar\u00e1n Must Be On Wax, Neo2000Klub, RetroFuture, Russ, Sisters of Rave, TR3MOR. Frankie Piz\u00e1 e V\u00edktor Flores ser\u00e1n os responsables de moderar o encontro.&nbsp;<br><br>Esta intensa actividade desencadear\u00e1 nunha chea de concertos e directos que comezar\u00e1n&nbsp;\u00e1s 17:30horas e que, practicamente, non parar\u00e1n at\u00e9 o amencer. As\u00ed, a Igrexa da Universidade acoller\u00e1 o directo de Patricia Wolf, mentres que a Fundaci\u00f3n Granell far\u00e1 o propio con Loke Rahbek &amp; Frederik Valentin (18:00&nbsp;horas) e ABADIR (20:00&nbsp;horas). \u00c1 vez, o Teatro Principal dar\u00e1 a co\u00f1ecer a estrea mundial de&nbsp;<em>Transmutation,<\/em>&nbsp;o live AV de Alex Aller &amp; Margarida Mari\u00f1o e, por primeira vez en Espa\u00f1a, poderase ver Aho Ssan &amp; Sevi Iko D\u00f8mochevski present<em>&nbsp;Rhizomes<\/em>.<em>&nbsp;<\/em>Chegada a noiti\u00f1a, contra&nbsp;\u00e1s 22:00&nbsp;horas, a m\u00fasica trasladarase \u00e1 beira do Sarela, onde o p\u00fablico poder\u00e1 gozar na vangarda nas naves da FLC.&nbsp;<\/p>\n\n\n\n<p class=\"has-text-align-justify\">WOS Festival conta con SON Estrella Galicia como patrocinador principal, ademais do apoio doutras instituci\u00f3ns como Xunta de Galicia, a trav\u00e9s da Axencia Turismo de Galicia e da Axencia Galega das Industrias Culturais (Agadic), Concello de Santiago de Compostela, Deputaci\u00f3n da Coru\u00f1a e Fundaci\u00f3n Jap\u00f3n.<\/p>\n\n\n\n<p><br><strong>PROGRAMA&nbsp;S\u00c1BADO 16<br><\/strong><\/p>\n\n\n\n<p><strong>Desde 13:00&nbsp;horas | Parque de Bonaval&nbsp;<br><\/strong>13:00h&nbsp;&#8211; Marlene Ribeiro &amp; In\u00eas Malheiro (Live) *<br>16:00h&nbsp;&#8211; Lamin Fofana (Dj) *<br>18:00h&nbsp;&#8211; Akazie (Dj)<\/p>\n\n\n\n<p><strong>13:00&nbsp;horas | Sede Afundaci\u00f3n (entrada libre)<\/strong><br><em>Conversaci\u00f3n con Aho Saan.<\/em><br>Participan:&nbsp;Aho Ssan e Phil Bloomfield.&nbsp;<\/p>\n\n\n\n<p class=\"has-text-align-justify\"><strong><br>16:00&nbsp;horas&nbsp;| Auditorio do CGAC<\/strong><strong>\u202f<\/strong><strong>&nbsp;(entrada libre)<\/strong><br><em>O son electr\u00f3nico de Galicia: unha conversa interxeracional (parte 2).<\/em><br>Participan:&nbsp;Must Be On Wax, Neo2000Klub, RetroFuture, Russ, Sisters of Rave, TR3MOR.&nbsp;<br>Moderan:&nbsp;Frankie Piz\u00e1 e V\u00edktor Flores.<\/p>\n\n\n\n<p><strong><br>16:00&nbsp;horas | NUMAX<\/strong><br><em>Expedition Content<\/em>(2020)*, dirixida por Ernst Karel e Veronika Kusumaryati.<\/p>\n\n\n\n<p><strong><br>17:30&nbsp;horas | Igrexa da Universidade&nbsp;<br><\/strong>Patricia Wolf (Live)<\/p>\n\n\n\n<p><strong>Desde 18:00&nbsp;horas | Fundaci\u00f3n Eugenio Granell&nbsp;<br><\/strong>18:00h&nbsp;&#8211; Loke Rahbek &amp; Frederik Valentin (Live) *<br>20:00h&nbsp;&#8211;&nbsp;&nbsp;ABADIR (Live)<br><\/p>\n\n\n\n<p><strong>Desde 18:00&nbsp;horas | Teatro Principal&nbsp;<br><\/strong>18:00h&nbsp;&#8211; Alex Aller &amp; Margarida Mari\u00f1o present&nbsp;<em>Trasmutation&nbsp;<\/em>(Live AV) **<br>20:00h&nbsp;&#8211; Aho Ssan &amp; Sevi Iko D\u00f8mochevski present&nbsp;<em>Rhizomes&nbsp;<\/em>(Live AV) *<\/p>\n\n\n\n<p class=\"has-text-align-justify\"><strong>18:15&nbsp;horas | Sede Afundaci\u00f3n (CONVOCATORIA PARA GR\u00c1FICOS)<br><\/strong>O conselleiro de Cultura e Educaci\u00f3n da Xunta de Galicia, Rom\u00e1n Rodr\u00edguez, acompa\u00f1ado polo director da Axencia Galega das Industrias Culturais, Jacobo Sutil, e polo director do festival, Iv\u00e1n Arias, percorren distintos espazos polos que transcorre a s\u00e9tima edici\u00f3n do WOS Festival x SON Estrella Galicia.<br><\/p>\n\n\n\n<p class=\"has-text-align-justify\"><strong>Desde 22:00&nbsp;horas | Fundaci\u00f3n Laboral de la Construcci\u00f3n (FLC)&nbsp;<br><\/strong>22:00h&nbsp;| Sala 2 &#8211; Heith ft. Declino (Live AV) *<br>22:30h&nbsp;| Sala 1 &#8211;&nbsp;&nbsp;Bruce (Live) *<br>23:00h&nbsp;| Sala 2 &#8211;&nbsp;&nbsp;Puce Mary (Live) *<br>23:30h&nbsp;| Sala 1 &#8211; Croatian Amor (Live)00:00h&nbsp;| Sala 2 &#8211;&nbsp;&nbsp;Loraine James presents<em>&nbsp;Gentle Confrontation<\/em>&nbsp;(Live AV) *<br>00:30h&nbsp;|&nbsp;Sala 1 &#8211;&nbsp;&nbsp;JUAIT (Live) *<br>01:00h&nbsp;|&nbsp;Sala 2 &#8211;&nbsp;&nbsp;object blue &amp; Natalia Podgorska present&nbsp;<em>Pearl Forest<\/em>&nbsp;(Live AV) *<br>01:30h&nbsp;| Sala 1 &#8211; Kia (Dj) *<br>02:00h&nbsp;| Sala 2 &#8211; Black Rave Culture (Dj) *<br>03:30h&nbsp;| Sala 1&nbsp;&nbsp;DjRUM (Dj)<\/p>\n\n\n\n<p>* Estrea en Espa\u00f1a ** Estrea mundial &nbsp;<\/p>\n\n\n\n<p><\/p>\n\n\n<a href=\"http:\/\/culturaliagz.com\/wp-content\/uploads\/2023\/09\/20230915_Axenda_WOS-Festival-x-SON-Estrella-Galicia.pdf\" class=\"pdfemb-viewer\" style=\"\" data-width=\"max\" data-height=\"max\" data-toolbar=\"bottom\" data-toolbar-fixed=\"off\">20230915_Axenda_WOS-Festival-x-SON-Estrella-Galicia<\/a>\n<p class=\"wp-block-pdfemb-pdf-embedder-viewer\"><\/p>\n","protected":false},"excerpt":{"rendered":"<p>WOS Festival exp\u00e1ndese por oito escenarios da cidade no d\u00eda grande do evento, que incl\u00fae a estrea da nova sede na Fundaci\u00f3n Laboral de la Construcci\u00f3n DjRUM, Croatian Amor, Black [&hellip;]<\/p>\n","protected":false},"author":1,"featured_media":0,"comment_status":"open","ping_status":"open","sticky":false,"template":"","format":"standard","meta":{"_et_pb_use_builder":"","_et_pb_old_content":"","_et_gb_content_width":"","_jetpack_memberships_contains_paid_content":false,"footnotes":""},"categories":[23,7,6,57,1],"tags":[1757,1758],"class_list":["post-14120","post","type-post","status-publish","format-standard","hentry","category-autoresas","category-creacion","category-novas","category-outras-artes","category-xeral","tag-djrum","tag-wos-festival-x-son-estrella-galicia"],"jetpack_featured_media_url":"","jetpack_sharing_enabled":true,"_links":{"self":[{"href":"http:\/\/culturaliagz.com\/index.php?rest_route=\/wp\/v2\/posts\/14120","targetHints":{"allow":["GET"]}}],"collection":[{"href":"http:\/\/culturaliagz.com\/index.php?rest_route=\/wp\/v2\/posts"}],"about":[{"href":"http:\/\/culturaliagz.com\/index.php?rest_route=\/wp\/v2\/types\/post"}],"author":[{"embeddable":true,"href":"http:\/\/culturaliagz.com\/index.php?rest_route=\/wp\/v2\/users\/1"}],"replies":[{"embeddable":true,"href":"http:\/\/culturaliagz.com\/index.php?rest_route=%2Fwp%2Fv2%2Fcomments&post=14120"}],"version-history":[{"count":5,"href":"http:\/\/culturaliagz.com\/index.php?rest_route=\/wp\/v2\/posts\/14120\/revisions"}],"predecessor-version":[{"id":14131,"href":"http:\/\/culturaliagz.com\/index.php?rest_route=\/wp\/v2\/posts\/14120\/revisions\/14131"}],"wp:attachment":[{"href":"http:\/\/culturaliagz.com\/index.php?rest_route=%2Fwp%2Fv2%2Fmedia&parent=14120"}],"wp:term":[{"taxonomy":"category","embeddable":true,"href":"http:\/\/culturaliagz.com\/index.php?rest_route=%2Fwp%2Fv2%2Fcategories&post=14120"},{"taxonomy":"post_tag","embeddable":true,"href":"http:\/\/culturaliagz.com\/index.php?rest_route=%2Fwp%2Fv2%2Ftags&post=14120"}],"curies":[{"name":"wp","href":"https:\/\/api.w.org\/{rel}","templated":true}]}}