{"id":14105,"date":"2023-09-15T21:42:51","date_gmt":"2023-09-15T20:42:51","guid":{"rendered":"http:\/\/culturaliagz.com\/?p=14105"},"modified":"2023-09-15T21:43:51","modified_gmt":"2023-09-15T20:43:51","slug":"o-centro-dramatico-galego-prepara-a-estrea-absoluta-de-run-baby-run-o-6-de-outubro","status":"publish","type":"post","link":"http:\/\/culturaliagz.com\/?p=14105","title":{"rendered":"O Centro Dram\u00e1tico Galego prepara a estrea absoluta de \u2018Run Baby Run\u2019 o 6 de outubro"},"content":{"rendered":"\n<p><\/p>\n\n\n\n<p><\/p>\n\n\n<div class=\"wp-block-image\">\n<figure class=\"aligncenter size-large\"><a href=\"http:\/\/culturaliagz.com\/wp-content\/uploads\/2023\/09\/Run-Baby-Run_CARTEL.jpeg\" target=\"_blank\" rel=\"noreferrer noopener\"><img loading=\"lazy\" decoding=\"async\" width=\"717\" height=\"1024\" src=\"http:\/\/culturaliagz.com\/wp-content\/uploads\/2023\/09\/Run-Baby-Run_CARTEL-717x1024.jpeg\" alt=\"\" class=\"wp-image-14106\" srcset=\"http:\/\/culturaliagz.com\/wp-content\/uploads\/2023\/09\/Run-Baby-Run_CARTEL-717x1024.jpeg 717w, http:\/\/culturaliagz.com\/wp-content\/uploads\/2023\/09\/Run-Baby-Run_CARTEL-480x686.jpeg 480w\" sizes=\"auto, (min-width: 0px) and (max-width: 480px) 480px, (min-width: 481px) 717px, 100vw\" \/><\/a><\/figure>\n<\/div>\n\n\n<p><\/p>\n\n\n\n<p><\/p>\n\n\n\n<p class=\"has-text-align-justify\"><strong>A obra, con texto de F\u00e1tima Delgado e direcci\u00f3n de Jana Pacheco, estar\u00e1 no Sal\u00f3n Teatro de Santiago de Compostela os d\u00edas 6, 7 e&nbsp;8 de outubro<\/strong><\/p>\n\n\n\n<p class=\"has-text-align-justify\"><strong>O elenco desta peza que reflexiona sobre a discriminaci\u00f3n de x\u00e9nero dentro do deporte est\u00e1 composto por Alba Loureiro, Camila Bossa, Celina Fern\u00e1ndez Ponte e Daniel M\u00e9ndez<\/strong><\/p>\n\n\n\n<p class=\"has-text-align-justify\"><strong>Tr\u00e1tase dun espect\u00e1culo coproducido polo Teatro Espa\u00f1ol, o Centro Dram\u00e1tico Galego, Meninas Teatro e Proversus, co apoio da Xunta de Galicia a trav\u00e9s de Turismo de Galicia<\/strong><\/p>\n\n\n\n<p><\/p>\n\n\n\n<p><\/p>\n\n\n\n<p class=\"has-text-align-justify\">O equipo de&nbsp;<em>Run Baby Run<\/em>&nbsp;xa est\u00e1 a ensaiar nas Naves do Espa\u00f1ol en Matadero Madrid, ultimando os detalles desta obra sobre a discriminaci\u00f3n de x\u00e9nero dentro do deporte que ter\u00e1 a s\u00faa estrea absoluta o vindeiro&nbsp;6 de outubro&nbsp;no Sal\u00f3n Teatro do Centro Dram\u00e1tico Galego (CDG) de Santiago de Compostela. F\u00e1tima Delgado asina o texto desta peza dirixida por Jana Pacheco que contar\u00e1 tam\u00e9n cunha xira por diferentes espazos da xeograf\u00eda espa\u00f1ola e que se poder\u00e1 ver na&nbsp;<a href=\"https:\/\/www.teatroespanol.es\/run-baby-run\" target=\"_blank\" rel=\"noreferrer noopener\">sala Margarita Xirg\u00fa do Teatro Espa\u00f1ol do 22 de febreiro ao 24 de marzo de 2024<\/a>. O elenco conf\u00f3rmano Alba Loureiro, Camila Bossa, Celina Fern\u00e1ndez Ponte e Daniel M\u00e9ndez.<br><br>A trama de&nbsp;<em>Run Baby Run<\/em>&nbsp;sit\u00faase uns meses antes dos Xogos Ol\u00edmpicos, cando Alba, unha atleta de \u00e9xito que acaba de ga\u00f1ar un Mundial, \u00e9 apartada da competici\u00f3n oficial por un feito inesperado e experimenta como se derruba o seu mundo. Acompa\u00f1ada pola s\u00faa inseparable adestradora, a deportista verase nunha encrucillada na que loitar\u00e1 por cumprir o seu so\u00f1o sen renunciar ao seu verdadeiro ser. Para a dramaturga F\u00e1tima Delgado, \u201c<em>Run Baby Run<\/em>&nbsp;\u00e9 unha historia de ficci\u00f3n que trata sobre unha atleta profesional que, no mellor momento da s\u00faa carreira, \u00e9 apartada da competici\u00f3n e agraviada publicamente por unha cuesti\u00f3n de x\u00e9nero\u201d.&nbsp;<br><br>Para a creaci\u00f3n da obra, F\u00e1tima Delgado investigou sobre varios casos de mulleres deportistas que sufriron discriminaci\u00f3n de x\u00e9nero no \u00e1mbito deportivo, unha situaci\u00f3n de plena actualidade, xa que, a menos dun ano dos Xogos Ol\u00edmpicos de Par\u00eds, a algunha delas non se lle permite participar dentro da s\u00faa especialidade na categor\u00eda feminina. O texto de&nbsp;<em>Run Baby Run<\/em>, que xa est\u00e1&nbsp;<a href=\"https:\/\/editorialgalaxia.gal\/produto\/run-baby-run\/\" target=\"_blank\" rel=\"noreferrer noopener\">publicado na colecci\u00f3n Teatro de Editorial Galaxia<\/a>&nbsp;e vai ser&nbsp;<a href=\"https:\/\/editorialgalaxia.gal\/galaxia-publica-run-baby-run-de-fatima-delgado\/\" target=\"_blank\" rel=\"noreferrer noopener\">presentado o vindeiro 3 de outubro en Santiago<\/a>, pon o foco no deporte feminino, un tema que se prodiga pouco no teatro, e faino ademais desde unha perspectiva de x\u00e9nero. Segundo a propia F\u00e1tima Delgado, \u201cun dos motores que me impulsan a escribir \u00e9 poder plasmar historias de mulleres que, desde as s\u00faas acci\u00f3ns, \u00e1s veces aparentemente sinxelas, contribu\u00edron a romper estereotipos na nosa sociedade\u201d.<br><br>Nesa li\u00f1a afonda a directora Jana Pacheco que ve no feminismo \u201cunha clave fundamental de transformaci\u00f3n social\u201d e afirma que \u201c<em>Run Baby Run<\/em>&nbsp;\u00e9 unha obra que aposta por visibilizar a situaci\u00f3n da muller no deporte e reflexiona sobre como as mulleres que non te\u00f1en un corpo normativo son dobremente discriminadas\u201d. Al\u00e9n diso, tam\u00e9n salienta que \u00e9 \u201cun espect\u00e1culo contextualizado no Entroido, o cal fai que podamos investigar toda esa maxia tel\u00farica, a fantas\u00eda que v\u00e9n do entroido, da carnalidade e dun mundo on\u00edrico que nos permite levar o realismo m\u00e1xico a escena, desenvolvendo unha dramaturxia visual a partir de elementos pl\u00e1sticos dese\u00f1ados cun equipo art\u00edstico excepcional\u201d.<br><br><strong>O factor humano<\/strong><br><br>Jana Pacheco \u00e9 directora esc\u00e9nica, dramaturga visual e historiadora da arte. F\u00e1tima Delgado \u00e9 dramaturga, actriz e poeta. Ambas as d\u00faas son profesionais acreditadas das artes esc\u00e9nicas, con m\u00e1is dunha d\u00e9cada de traxectoria \u00e1s s\u00faas costas, especializadas en xenealox\u00eda de mulleres, accesibilidade e educaci\u00f3n e cun forte compromiso feminista. A posta en escena de&nbsp;<em>Run Baby Run<\/em>&nbsp;sup\u00f3n a s\u00faa primeira colaboraci\u00f3n conxunta.<br><br>Canda elas, no equipo art\u00edstico do proxecto destacan tam\u00e9n figuras como o dese\u00f1ador Pier Paolo \u00c1lvaro, ga\u00f1ador do Premio Max 2023 a mellor dese\u00f1o de vestiario polo espect\u00e1culo&nbsp;<em>\u00c1s oito da tarde, cando morren as nais<\/em>, do CDG; Fernando Epelde, responsable da m\u00fasica e o espazo sonoro da peza; o escen\u00f3grafo Alessio Meloni, tam\u00e9n galardoado este 2023 co Premio Max a mellor dese\u00f1o de espazo esc\u00e9nico por&nbsp;<em>La cabeza del drag\u00f3n<\/em>; o iluminador Juan G\u00f3mez Cornejo, Premio Nacional de Teatro en 2011; ou a core\u00f3grafa Greta Garc\u00eda, integrante do grupo Irm\u00e1s Gestring, entre outras.&nbsp;<em>Run Baby Run<\/em>&nbsp;\u00e9 un espect\u00e1culo coproducido polo Teatro Espa\u00f1ol, o Centro Dram\u00e1tico Galego, Meninas Teatro e Proversus, co apoio da Xunta de Galicia a trav\u00e9s da Axencia Turismo de Galicia e da Consejer\u00eda de Cultura da Comunidad de Madrid.<br><br><strong>PRESENTACI\u00d3N DO LIBRO \u2018RUN BABY RUN\u2019<\/strong><br>\u2022&nbsp;&nbsp;&nbsp; DATA:&nbsp;Martes 3&nbsp;de outubro |&nbsp;20 h<br>\u2022&nbsp;&nbsp;&nbsp; LUGAR: Casa do Taberneiro [R\u00faa de San Pedro 15, Santiago de Compostela]<br>\u2022&nbsp;&nbsp;&nbsp; PARTICIPAN: F\u00e1tima Delgado, autora da obra, Marcos Calveiro, director de Edici\u00f3ns de Editorial Galaxia, e Paula Fern\u00e1ndez Seoane, fil\u00f3loga e profesora<\/p>\n\n\n\n<p><\/p>\n\n\n\n<p><\/p>\n\n\n<a href=\"http:\/\/culturaliagz.com\/wp-content\/uploads\/2023\/09\/20230914-NP-Run-Baby-Run-SCQ.pdf\" class=\"pdfemb-viewer\" style=\"\" data-width=\"max\" data-height=\"max\" data-toolbar=\"bottom\" data-toolbar-fixed=\"off\">20230914-NP-Run-Baby-Run-SCQ<\/a>\n<p class=\"wp-block-pdfemb-pdf-embedder-viewer\"><\/p>\n","protected":false},"excerpt":{"rendered":"<p>A obra, con texto de F\u00e1tima Delgado e direcci\u00f3n de Jana Pacheco, estar\u00e1 no Sal\u00f3n Teatro de Santiago de Compostela os d\u00edas 6, 7 e&nbsp;8 de outubro O elenco desta [&hellip;]<\/p>\n","protected":false},"author":1,"featured_media":0,"comment_status":"open","ping_status":"open","sticky":false,"template":"","format":"standard","meta":{"_et_pb_use_builder":"","_et_pb_old_content":"","_et_gb_content_width":"","_jetpack_memberships_contains_paid_content":false,"footnotes":""},"categories":[23,7,6,57,1],"tags":[1712,1709,1710,1823],"class_list":["post-14105","post","type-post","status-publish","format-standard","hentry","category-autoresas","category-creacion","category-novas","category-outras-artes","category-xeral","tag-centro-dramatico-galego","tag-fatima-delgado-jana-pacheco","tag-run-baby-run","tag-salon-teatro-de-santiago-de-compostela"],"jetpack_featured_media_url":"","jetpack_sharing_enabled":true,"_links":{"self":[{"href":"http:\/\/culturaliagz.com\/index.php?rest_route=\/wp\/v2\/posts\/14105","targetHints":{"allow":["GET"]}}],"collection":[{"href":"http:\/\/culturaliagz.com\/index.php?rest_route=\/wp\/v2\/posts"}],"about":[{"href":"http:\/\/culturaliagz.com\/index.php?rest_route=\/wp\/v2\/types\/post"}],"author":[{"embeddable":true,"href":"http:\/\/culturaliagz.com\/index.php?rest_route=\/wp\/v2\/users\/1"}],"replies":[{"embeddable":true,"href":"http:\/\/culturaliagz.com\/index.php?rest_route=%2Fwp%2Fv2%2Fcomments&post=14105"}],"version-history":[{"count":3,"href":"http:\/\/culturaliagz.com\/index.php?rest_route=\/wp\/v2\/posts\/14105\/revisions"}],"predecessor-version":[{"id":14110,"href":"http:\/\/culturaliagz.com\/index.php?rest_route=\/wp\/v2\/posts\/14105\/revisions\/14110"}],"wp:attachment":[{"href":"http:\/\/culturaliagz.com\/index.php?rest_route=%2Fwp%2Fv2%2Fmedia&parent=14105"}],"wp:term":[{"taxonomy":"category","embeddable":true,"href":"http:\/\/culturaliagz.com\/index.php?rest_route=%2Fwp%2Fv2%2Fcategories&post=14105"},{"taxonomy":"post_tag","embeddable":true,"href":"http:\/\/culturaliagz.com\/index.php?rest_route=%2Fwp%2Fv2%2Ftags&post=14105"}],"curies":[{"name":"wp","href":"https:\/\/api.w.org\/{rel}","templated":true}]}}