{"id":14018,"date":"2023-09-04T22:17:40","date_gmt":"2023-09-04T21:17:40","guid":{"rendered":"http:\/\/culturaliagz.com\/?p=14018"},"modified":"2023-09-04T22:17:44","modified_gmt":"2023-09-04T21:17:44","slug":"xiv-luas-de-outono-no-teatro-rosalia-de-castro-da-coruna","status":"publish","type":"post","link":"http:\/\/culturaliagz.com\/?p=14018","title":{"rendered":"XIV L\u00faas de Outono no Teatro Rosal\u00eda de Castro da Coru\u00f1a"},"content":{"rendered":"\n<p><\/p>\n\n\n\n<p><\/p>\n\n\n<div class=\"wp-block-image\">\n<figure class=\"aligncenter size-large\"><a href=\"http:\/\/culturaliagz.com\/wp-content\/uploads\/2023\/09\/IMG_1310-scaled.jpeg\" target=\"_blank\" rel=\"noreferrer noopener\"><img loading=\"lazy\" decoding=\"async\" width=\"1024\" height=\"536\" src=\"http:\/\/culturaliagz.com\/wp-content\/uploads\/2023\/09\/IMG_1310-1024x536.jpeg\" alt=\"\" class=\"wp-image-14019\" srcset=\"http:\/\/culturaliagz.com\/wp-content\/uploads\/2023\/09\/IMG_1310-980x513.jpeg 980w, http:\/\/culturaliagz.com\/wp-content\/uploads\/2023\/09\/IMG_1310-480x251.jpeg 480w\" sizes=\"auto, (min-width: 0px) and (max-width: 480px) 480px, (min-width: 481px) and (max-width: 980px) 980px, (min-width: 981px) 1024px, 100vw\" \/><\/a><\/figure>\n<\/div>\n\n\n<p><\/p>\n\n\n\n<p><\/p>\n\n\n\n<p class=\"has-text-align-justify\">A <a href=\"http:\/\/www.casamuseomanuelmaria.gal\/portada.htm;jsessionid=452C1D72FC05F34BF8720DC12102EBC1\" target=\"_blank\" rel=\"noreferrer noopener\">Casa-Museo Manuel Mar\u00eda<\/a> organiza para o martes, terza feira, d\u00eda\u00a0<strong>19 de setembro, \u00e1s 20.30h<\/strong>, no Teatro Rosal\u00eda de Castro da Coru\u00f1a celebraremos unha nova edici\u00f3n, a d\u00e9cimo cuarta, de<strong>\u00a0<a href=\"http:\/\/www.casamuseomanuelmaria.gal\/actividades\/musica-humor-e-poesia-na-xiv-edicion-de-luas-de-outono.htm?tipo=ACTIVIDADE\" target=\"_blank\" rel=\"noreferrer noopener\">L\u00faas de Outono<\/a><\/strong>, homenaxe anual a Manuel Mar\u00eda.<\/p>\n\n\n\n<p class=\"has-text-align-justify\">A edici\u00f3n deste ano pres\u00e9ntase so o t\u00edtulo&nbsp;<em>M\u00fasica, humor e poes\u00eda<\/em>&nbsp; e poderemos gozar coas historias do dramaturgo, director, actor e narrador,&nbsp;&nbsp;<strong>Quico Cadava<\/strong><strong>l<\/strong>, coa poes\u00eda de Manuel Mar\u00eda declamada pola actriz&nbsp;<strong>Mar\u00eda Barcala<\/strong>&nbsp;e coa proposta musical, que parte do canto tradicional galego, que realiza&nbsp;<strong>Para\u00edso Canto.<\/strong><\/p>\n\n\n\n<p class=\"has-text-align-justify\"><strong>A entrada \u00e9 gratu\u00edta mais \u00e9 necesario reservar os billetes en&nbsp;<a href=\"mailto:contacto@casamuseomanuelmaria.gal\" target=\"_blank\" rel=\"noreferrer noopener\">contacto@<wbr>casamuseomanuelmaria.gal<\/a>&nbsp;ou no whatsapp&nbsp;<a href=\"tel:698177621\" target=\"_blank\" rel=\"noreferrer noopener\">698177621<\/a>&nbsp;(prazo at\u00e9 o d\u00eda 18 de setembro inclu\u00eddo). No caso de sobrar billetes, poranse unha hora antes do inicio do espect\u00e1culo na billeteira do teatro Rosal\u00eda.<\/strong><\/p>\n","protected":false},"excerpt":{"rendered":"<p>A Casa-Museo Manuel Mar\u00eda organiza para o martes, terza feira, d\u00eda\u00a019 de setembro, \u00e1s 20.30h, no Teatro Rosal\u00eda de Castro da Coru\u00f1a celebraremos unha nova edici\u00f3n, a d\u00e9cimo cuarta, de\u00a0L\u00faas [&hellip;]<\/p>\n","protected":false},"author":1,"featured_media":0,"comment_status":"open","ping_status":"open","sticky":false,"template":"","format":"standard","meta":{"_et_pb_use_builder":"","_et_pb_old_content":"","_et_gb_content_width":"","_jetpack_memberships_contains_paid_content":false,"footnotes":""},"categories":[23,7,129,6,57,1],"tags":[190,1799,1392,682,1294,1798],"class_list":["post-14018","post","type-post","status-publish","format-standard","hentry","category-autoresas","category-creacion","category-literaria","category-novas","category-outras-artes","category-xeral","tag-casa-museo-manuel-maria","tag-maria-barcala-2","tag-paraiso-canto","tag-quico-cadaval","tag-teatro-rosalia-de-castro-da-coruna","tag-xiv-luas-de-outono"],"jetpack_featured_media_url":"","jetpack_sharing_enabled":true,"_links":{"self":[{"href":"http:\/\/culturaliagz.com\/index.php?rest_route=\/wp\/v2\/posts\/14018","targetHints":{"allow":["GET"]}}],"collection":[{"href":"http:\/\/culturaliagz.com\/index.php?rest_route=\/wp\/v2\/posts"}],"about":[{"href":"http:\/\/culturaliagz.com\/index.php?rest_route=\/wp\/v2\/types\/post"}],"author":[{"embeddable":true,"href":"http:\/\/culturaliagz.com\/index.php?rest_route=\/wp\/v2\/users\/1"}],"replies":[{"embeddable":true,"href":"http:\/\/culturaliagz.com\/index.php?rest_route=%2Fwp%2Fv2%2Fcomments&post=14018"}],"version-history":[{"count":3,"href":"http:\/\/culturaliagz.com\/index.php?rest_route=\/wp\/v2\/posts\/14018\/revisions"}],"predecessor-version":[{"id":14022,"href":"http:\/\/culturaliagz.com\/index.php?rest_route=\/wp\/v2\/posts\/14018\/revisions\/14022"}],"wp:attachment":[{"href":"http:\/\/culturaliagz.com\/index.php?rest_route=%2Fwp%2Fv2%2Fmedia&parent=14018"}],"wp:term":[{"taxonomy":"category","embeddable":true,"href":"http:\/\/culturaliagz.com\/index.php?rest_route=%2Fwp%2Fv2%2Fcategories&post=14018"},{"taxonomy":"post_tag","embeddable":true,"href":"http:\/\/culturaliagz.com\/index.php?rest_route=%2Fwp%2Fv2%2Ftags&post=14018"}],"curies":[{"name":"wp","href":"https:\/\/api.w.org\/{rel}","templated":true}]}}